{"id":11691,"date":"2015-03-26T17:06:50","date_gmt":"2015-03-26T16:06:50","guid":{"rendered":"http:\/\/blog.panasonic.es\/?p=11691"},"modified":"2015-03-26T17:06:50","modified_gmt":"2015-03-26T16:06:50","slug":"de-cartagena-a-brasil-una-aventura-en-busca-de-un-velero","status":"publish","type":"post","link":"https:\/\/blog.panasonic.es\/lumix\/de-cartagena-a-brasil-una-aventura-en-busca-de-un-velero\/","title":{"rendered":"De Cartagena a Brasil, una aventura en busca de un velero"},"content":{"rendered":"<h3>Una vez m\u00e1s, seguimos\u00a0a Albert Sans en su nueva aventura. Albert, nos cuenta su \u00faltimo viaje a trav\u00e9s de su Lumix GH3. Siempre acompa\u00f1ado de su bici y esta vez adentr\u00e1ndose en el mar, nos cuenta su experiencia escrita y capturada\u00a0con asombrosas im\u00e1genes. \u00bfLe acompa\u00f1amos?<\/h3>\n<p>&nbsp;<\/p>\n<p><img fetchpriority=\"high\" decoding=\"async\" class=\"aligncenter wp-image-11695 size-large\" src=\"https:\/\/blog.panasonic.es\/wp-content\/uploads\/2015\/03\/1130354-1024x576.jpg\" alt=\"Albert Sanz\" width=\"713\" height=\"401\" srcset=\"https:\/\/blog.panasonic.es\/lumix\/wp-content\/uploads\/2015\/03\/1130354-1024x576.jpg 1024w, https:\/\/blog.panasonic.es\/lumix\/wp-content\/uploads\/2015\/03\/1130354-768x432.jpg 768w, https:\/\/blog.panasonic.es\/lumix\/wp-content\/uploads\/2015\/03\/1130354-600x338.jpg 600w, https:\/\/blog.panasonic.es\/lumix\/wp-content\/uploads\/2015\/03\/1130354.jpg 1200w\" sizes=\"(max-width: 713px) 100vw, 713px\" \/><\/p>\n<p style=\"text-align: center;\">Fotograf\u00eda realizada por\u00a0<a title=\"Lumix GH3\" href=\"http:\/\/www.panasonic.com\/es\/consumer\/camaras-y-videocamaras\/camaras-lumixg\/dmc-gh3ec-k.html\" target=\"_blank\" rel=\"noopener\">Lumix GH3<\/a><\/p>\n<p>&nbsp;<\/p>\n<p>Tras \u201cel pueblo\u201d, la navidad, fin de a\u00f1o y esas cosas, arranco de nuevo m\u00e1s Sancho Panza que Don quijote.<\/p>\n<p>Alg\u00fan molino se cruza en mi camino para record\u00e1rmelo y burlarse de mi. Voy de nuevo hacia la costa buscando Cartagena y La manga, donde quiero echar un vistazo en los puertos, por si alg\u00fan velero rezagado quiere cruzarme el charco.<\/p>\n<p>Si soy un n\u00f3mada que viaja por el mundo en bicicleta es por que antes, de jovencito, devoraba todos los libros que hab\u00edan de vuelta al mundo en barco. Mi sue\u00f1o era vivir en un velero y navegar por los 7 mares descubriendo nuevos rincones del planeta. Ahora lo hago sobre dos ruedas con Ona, pero alg\u00fan d\u00eda\u2026<\/p>\n<p>En Cartagena la temporada de los veleros ya hab\u00eda pasado y la \u00fanica opci\u00f3n era ir hasta las islas Canarias cuanto antes al encuentro de los \u00faltimos rezagados, as\u00ed que me busqu\u00e9 la vida hablando con los bomberos que me hospedaron de lujo, charlando con unos y otros, tirando de contactos y pate\u00e1ndome el puerto hasta conseguir embarcarme con Ona en un carguero rumbo a las afortunadas.<\/p>\n<p>&nbsp;<\/p>\n<p><img decoding=\"async\" class=\"aligncenter size-full wp-image-11708\" src=\"https:\/\/blog.panasonic.es\/lumix\/wp-content\/uploads\/2015\/03\/dalma1-600x338-1.jpg\" alt=\"dalma1-600x338\" width=\"600\" height=\"338\" \/><\/p>\n<p style=\"text-align: center;\">Fotograf\u00eda realizada por\u00a0<a title=\"Lumix GH3\" href=\"http:\/\/www.panasonic.com\/es\/consumer\/camaras-y-videocamaras\/camaras-lumixg\/dmc-gh3ec-k.html\" target=\"_blank\" rel=\"noopener\">Lumix GH3<\/a><\/p>\n<p>&nbsp;<\/p>\n<p>El viejo\u00a0<strong>Dalmatia<\/strong>, escond\u00eda muchas m\u00e1s cosas adem\u00e1s de lo evidente, los\u00a0<strong>secretos de la vida a bordo<\/strong>, la ex\u00f3tica cocina con platos rusos y polacos, la barbacoa en popa despu\u00e9s del trabajo duro, los horarios y rutinas, las maniobras para mover esos contenedores hiperpesados, Algeciras, Gibraltar desde el mar\u2026<\/p>\n<p>Tambi\u00e9n compart\u00ed alguna noche guitarrera con el joven capit\u00e1n Roman en el puente de mando, salpicando las canciones con an\u00e9cdotas y\u00a0<strong>lecciones<\/strong>\u00a0sobre el mar, adem\u00e1s de tutoriales pr\u00e1cticos de como hacer llegar a esa mole de un puerto a otro.<\/p>\n<p>Tuve el honor de tomar el\u00a0<strong>tim\u00f3n<\/strong>\u00a0y sentir que mis gestos gobernaban ese gigant\u00f3n poderoso. Por suerte en mitad del Atl\u00e1ntico el margen de error es mucho mayor que en una carretera porque con los nervios alg\u00fan estribor lo convert\u00ed en babor\u2026 ;P<\/p>\n<p>&nbsp;<\/p>\n<p><img decoding=\"async\" class=\"aligncenter size-full wp-image-11725\" src=\"https:\/\/blog.panasonic.es\/lumix\/wp-content\/uploads\/2015\/03\/1140276_Snapseed-600x3381-1.jpg\" alt=\"1140276_Snapseed-600x338\" width=\"600\" height=\"338\" \/><\/p>\n<p style=\"text-align: center;\">Fotograf\u00eda realizada por\u00a0<a title=\"Lumix GH3\" href=\"http:\/\/www.panasonic.com\/es\/consumer\/camaras-y-videocamaras\/camaras-lumixg\/dmc-gh3ec-k.html\" target=\"_blank\" rel=\"noopener\">Lumix GH3<\/a><\/p>\n<p>&nbsp;<\/p>\n<p>Cinco o seis d\u00edas que se hicieron cortos hasta\u00a0<strong>Tenerife<\/strong>\u00a0donde hice mi primer sondeo en el puerto en busca de veleros aventureros. No hubo suerte as\u00ed que me fui con el Dalmatia hasta\u00a0<strong>Las Palmas<\/strong>, donde todos dec\u00edan que ser\u00eda m\u00e1s f\u00e1cil porque en su puerto hay mucho m\u00e1s movimiento.<\/p>\n<p>Entra\u00f1ables d\u00edas y entra\u00f1able despedida. Nunca olvidare al Dalmatia y su tripulaci\u00f3n. Adem\u00e1s de un gran obsequio final, me llev\u00e9 una\u00a0<strong>experiencia m\u00edtica<\/strong>\u00a0que alg\u00fan d\u00eda contar\u00e9 a mis nietos.<\/p>\n<p>&nbsp;<\/p>\n<p><img loading=\"lazy\" decoding=\"async\" class=\"aligncenter size-full wp-image-11728\" src=\"https:\/\/blog.panasonic.es\/lumix\/wp-content\/uploads\/2015\/03\/gorras-600x3381-1.jpg\" alt=\"gorras-600x338\" width=\"600\" height=\"338\" \/><\/p>\n<p style=\"text-align: center;\">Fotograf\u00eda realizada por\u00a0<a title=\"Lumix GH3\" href=\"http:\/\/www.panasonic.com\/es\/consumer\/camaras-y-videocamaras\/camaras-lumixg\/dmc-gh3ec-k.html\" target=\"_blank\" rel=\"noopener\">Lumix GH3<\/a><\/p>\n<p>&nbsp;<\/p>\n<p>Y en Las Palmas la cosa no fue f\u00e1cil, \u00e9ramos un mont\u00f3n los aventureros que quer\u00edamos cruzar el charco. D\u00edas intensos pero bonitos como la<strong> gente <\/strong>con los ojos llenos de sue\u00f1os que me ha ayudado.<\/p>\n<p><strong>Lo conseguimos , encontr\u00e9 velero!<\/strong>\u00a0Zarpamos a bordo del Pantarei, rumbo a\u00a0<strong>Fernando do Noronha<\/strong>, en Brasil, ultima parada antes de pisar el continente.<\/p>\n<p><strong>Magne<\/strong>, el capit\u00e1n, y\u00a0<strong>Roi,<\/strong>\u00a0el otro tripulante aprendiz, me recibieron como un amigo m\u00e1s y creo que va a ser la aventura m\u00e1s grande que he vivido jam\u00e1s.<br \/>\n<img loading=\"lazy\" decoding=\"async\" class=\"aligncenter size-full wp-image-11716\" src=\"https:\/\/blog.panasonic.es\/wp-content\/uploads\/2015\/03\/luces-acci\u00f3n.jpg\" alt=\"luces-acci\u00f3n\" width=\"800\" height=\"450\" \/><\/p>\n<p style=\"text-align: center;\">Fotograf\u00eda realizada por\u00a0<a title=\"Lumix GH3\" href=\"http:\/\/www.panasonic.com\/es\/consumer\/camaras-y-videocamaras\/camaras-lumixg\/dmc-gh3ec-k.html\" target=\"_blank\" rel=\"noopener\">Lumix GH3<\/a><\/p>\n<p>&nbsp;<\/p>\n<p>Lo tantas veces le\u00eddo, so\u00f1ado y planeado ahora esta bajo mis pies\u2026<\/p>\n<p>Espero que os gusten las fotos del Dalmatia, en la pr\u00f3ximo post nos esperan delfines, Cabo verde y la magia de cruzar el Atl\u00e1ntico. <strong>\u00a1Saludos!<\/strong><\/p>\n<p>&nbsp;<\/p>\n<div id='gallery-1' class='gallery galleryid-11691 gallery-columns-4 gallery-size-thumbnail'><figure class='gallery-item'>\n\t\t\t<div class='gallery-icon landscape'>\n\t\t\t\t<a href='https:\/\/blog.panasonic.es\/lumix\/wp-content\/uploads\/2015\/03\/1130644.jpg'><img loading=\"lazy\" decoding=\"async\" width=\"300\" height=\"300\" src=\"https:\/\/blog.panasonic.es\/lumix\/wp-content\/uploads\/2015\/03\/1130644-300x300.jpg\" class=\"attachment-thumbnail size-thumbnail\" alt=\"\" \/><\/a>\n\t\t\t<\/div><\/figure><figure class='gallery-item'>\n\t\t\t<div class='gallery-icon landscape'>\n\t\t\t\t<a href='https:\/\/blog.panasonic.es\/lumix\/wp-content\/uploads\/2015\/03\/31-600x338-1.jpg'><img loading=\"lazy\" decoding=\"async\" width=\"300\" height=\"300\" src=\"https:\/\/blog.panasonic.es\/lumix\/wp-content\/uploads\/2015\/03\/31-600x338-1-300x300.jpg\" class=\"attachment-thumbnail size-thumbnail\" alt=\"\" \/><\/a>\n\t\t\t<\/div><\/figure><figure class='gallery-item'>\n\t\t\t<div class='gallery-icon landscape'>\n\t\t\t\t<a href='https:\/\/blog.panasonic.es\/lumix\/wp-content\/uploads\/2015\/03\/41-600x338-1.jpg'><img loading=\"lazy\" decoding=\"async\" width=\"300\" height=\"300\" src=\"https:\/\/blog.panasonic.es\/lumix\/wp-content\/uploads\/2015\/03\/41-600x338-1-300x300.jpg\" class=\"attachment-thumbnail size-thumbnail\" alt=\"\" \/><\/a>\n\t\t\t<\/div><\/figure><figure class='gallery-item'>\n\t\t\t<div class='gallery-icon portrait'>\n\t\t\t\t<a href='https:\/\/blog.panasonic.es\/lumix\/wp-content\/uploads\/2015\/03\/1130998_Snapseed1.jpg'><img loading=\"lazy\" decoding=\"async\" width=\"300\" height=\"300\" src=\"https:\/\/blog.panasonic.es\/lumix\/wp-content\/uploads\/2015\/03\/1130998_Snapseed1-300x300.jpg\" class=\"attachment-thumbnail size-thumbnail\" alt=\"\" \/><\/a>\n\t\t\t<\/div><\/figure><figure class='gallery-item'>\n\t\t\t<div class='gallery-icon portrait'>\n\t\t\t\t<a href='https:\/\/blog.panasonic.es\/lumix\/wp-content\/uploads\/2015\/03\/1140041.jpg'><img loading=\"lazy\" decoding=\"async\" width=\"300\" height=\"300\" src=\"https:\/\/blog.panasonic.es\/lumix\/wp-content\/uploads\/2015\/03\/1140041-300x300.jpg\" class=\"attachment-thumbnail size-thumbnail\" alt=\"\" \/><\/a>\n\t\t\t<\/div><\/figure><figure class='gallery-item'>\n\t\t\t<div class='gallery-icon portrait'>\n\t\t\t\t<a href='https:\/\/blog.panasonic.es\/lumix\/wp-content\/uploads\/2015\/03\/1140063.jpg'><img loading=\"lazy\" decoding=\"async\" width=\"300\" height=\"300\" src=\"https:\/\/blog.panasonic.es\/lumix\/wp-content\/uploads\/2015\/03\/1140063-300x300.jpg\" class=\"attachment-thumbnail size-thumbnail\" alt=\"\" \/><\/a>\n\t\t\t<\/div><\/figure><figure class='gallery-item'>\n\t\t\t<div class='gallery-icon landscape'>\n\t\t\t\t<a href='https:\/\/blog.panasonic.es\/lumix\/wp-content\/uploads\/2015\/03\/1140380_Snapseed-600x338-1.jpg'><img loading=\"lazy\" decoding=\"async\" width=\"300\" height=\"300\" src=\"https:\/\/blog.panasonic.es\/lumix\/wp-content\/uploads\/2015\/03\/1140380_Snapseed-600x338-1-300x300.jpg\" class=\"attachment-thumbnail size-thumbnail\" alt=\"\" \/><\/a>\n\t\t\t<\/div><\/figure><figure class='gallery-item'>\n\t\t\t<div class='gallery-icon portrait'>\n\t\t\t\t<a href='https:\/\/blog.panasonic.es\/lumix\/wp-content\/uploads\/2015\/03\/1140558_Snapseed.jpg'><img loading=\"lazy\" decoding=\"async\" width=\"300\" height=\"300\" src=\"https:\/\/blog.panasonic.es\/lumix\/wp-content\/uploads\/2015\/03\/1140558_Snapseed-300x300.jpg\" class=\"attachment-thumbnail size-thumbnail\" alt=\"\" \/><\/a>\n\t\t\t<\/div><\/figure><figure class='gallery-item'>\n\t\t\t<div class='gallery-icon portrait'>\n\t\t\t\t<a href='https:\/\/blog.panasonic.es\/lumix\/wp-content\/uploads\/2015\/03\/aceite-y-oxido1.jpg'><img loading=\"lazy\" decoding=\"async\" width=\"300\" height=\"300\" src=\"https:\/\/blog.panasonic.es\/lumix\/wp-content\/uploads\/2015\/03\/aceite-y-oxido1-300x300.jpg\" class=\"attachment-thumbnail size-thumbnail\" alt=\"\" \/><\/a>\n\t\t\t<\/div><\/figure><figure class='gallery-item'>\n\t\t\t<div class='gallery-icon landscape'>\n\t\t\t\t<a href='https:\/\/blog.panasonic.es\/lumix\/wp-content\/uploads\/2015\/03\/compo-barbacoa_Snapseed-600x338-1.jpg'><img loading=\"lazy\" decoding=\"async\" width=\"300\" height=\"300\" src=\"https:\/\/blog.panasonic.es\/lumix\/wp-content\/uploads\/2015\/03\/compo-barbacoa_Snapseed-600x338-1-300x300.jpg\" class=\"attachment-thumbnail size-thumbnail\" alt=\"\" \/><\/a>\n\t\t\t<\/div><\/figure><figure class='gallery-item'>\n\t\t\t<div class='gallery-icon landscape'>\n\t\t\t\t<a href='https:\/\/blog.panasonic.es\/lumix\/wp-content\/uploads\/2015\/03\/guitarra-capitn-600x401-1.jpg'><img loading=\"lazy\" decoding=\"async\" width=\"300\" height=\"300\" src=\"https:\/\/blog.panasonic.es\/lumix\/wp-content\/uploads\/2015\/03\/guitarra-capitn-600x401-1-300x300.jpg\" class=\"attachment-thumbnail size-thumbnail\" alt=\"\" \/><\/a>\n\t\t\t<\/div><\/figure><figure class='gallery-item'>\n\t\t\t<div class='gallery-icon landscape'>\n\t\t\t\t<a href='https:\/\/blog.panasonic.es\/lumix\/wp-content\/uploads\/2015\/03\/its-evolution-baby1-600x338-1.jpg'><img loading=\"lazy\" decoding=\"async\" width=\"300\" height=\"300\" src=\"https:\/\/blog.panasonic.es\/lumix\/wp-content\/uploads\/2015\/03\/its-evolution-baby1-600x338-1-300x300.jpg\" class=\"attachment-thumbnail size-thumbnail\" alt=\"\" \/><\/a>\n\t\t\t<\/div><\/figure><figure class='gallery-item'>\n\t\t\t<div class='gallery-icon landscape'>\n\t\t\t\t<a href='https:\/\/blog.panasonic.es\/lumix\/wp-content\/uploads\/2015\/03\/limpiabrisas-600x401-1.jpg'><img loading=\"lazy\" decoding=\"async\" width=\"300\" height=\"300\" src=\"https:\/\/blog.panasonic.es\/lumix\/wp-content\/uploads\/2015\/03\/limpiabrisas-600x401-1-300x300.jpg\" class=\"attachment-thumbnail size-thumbnail\" alt=\"\" \/><\/a>\n\t\t\t<\/div><\/figure><figure class='gallery-item'>\n\t\t\t<div class='gallery-icon landscape'>\n\t\t\t\t<a href='https:\/\/blog.panasonic.es\/lumix\/wp-content\/uploads\/2015\/03\/llegando-islas.jpg'><img loading=\"lazy\" decoding=\"async\" width=\"300\" height=\"300\" src=\"https:\/\/blog.panasonic.es\/lumix\/wp-content\/uploads\/2015\/03\/llegando-islas-300x300.jpg\" class=\"attachment-thumbnail size-thumbnail\" alt=\"\" \/><\/a>\n\t\t\t<\/div><\/figure><figure class='gallery-item'>\n\t\t\t<div class='gallery-icon landscape'>\n\t\t\t\t<a href='https:\/\/blog.panasonic.es\/lumix\/wp-content\/uploads\/2015\/03\/los-mapas-y-las-cabalas.jpg-600x337-1.jpg'><img loading=\"lazy\" decoding=\"async\" width=\"300\" height=\"300\" src=\"https:\/\/blog.panasonic.es\/lumix\/wp-content\/uploads\/2015\/03\/los-mapas-y-las-cabalas.jpg-600x337-1-300x300.jpg\" class=\"attachment-thumbnail size-thumbnail\" alt=\"\" \/><\/a>\n\t\t\t<\/div><\/figure><figure class='gallery-item'>\n\t\t\t<div class='gallery-icon portrait'>\n\t\t\t\t<a href='https:\/\/blog.panasonic.es\/lumix\/wp-content\/uploads\/2015\/03\/pasillo-carguero2.jpg'><img loading=\"lazy\" decoding=\"async\" width=\"300\" height=\"300\" src=\"https:\/\/blog.panasonic.es\/lumix\/wp-content\/uploads\/2015\/03\/pasillo-carguero2-300x300.jpg\" class=\"attachment-thumbnail size-thumbnail\" alt=\"\" \/><\/a>\n\t\t\t<\/div><\/figure><figure class='gallery-item'>\n\t\t\t<div class='gallery-icon landscape'>\n\t\t\t\t<a href='https:\/\/blog.panasonic.es\/lumix\/wp-content\/uploads\/2015\/03\/richard-cocinero-Polaco-600x338-1.jpg'><img loading=\"lazy\" decoding=\"async\" width=\"300\" height=\"300\" src=\"https:\/\/blog.panasonic.es\/lumix\/wp-content\/uploads\/2015\/03\/richard-cocinero-Polaco-600x338-1-300x300.jpg\" class=\"attachment-thumbnail size-thumbnail\" alt=\"\" \/><\/a>\n\t\t\t<\/div><\/figure><figure class='gallery-item'>\n\t\t\t<div class='gallery-icon landscape'>\n\t\t\t\t<a href='https:\/\/blog.panasonic.es\/lumix\/wp-content\/uploads\/2015\/03\/the-island-600x338-1.jpg'><img loading=\"lazy\" decoding=\"async\" width=\"300\" height=\"300\" src=\"https:\/\/blog.panasonic.es\/lumix\/wp-content\/uploads\/2015\/03\/the-island-600x338-1-300x300.jpg\" class=\"attachment-thumbnail size-thumbnail\" alt=\"\" \/><\/a>\n\t\t\t<\/div><\/figure>\n\t\t<\/div>\n\n","protected":false},"excerpt":{"rendered":"<p>Una vez m\u00e1s, seguimos\u00a0a Albert Sans en su nueva aventura. Albert, nos cuenta su \u00faltimo viaje a trav\u00e9s de su Lumix GH3. Siempre acompa\u00f1ado de su bici y esta vez adentr\u00e1ndose en el mar, nos cuenta su experiencia escrita y capturada\u00a0con asombrosas im\u00e1genes. \u00bfLe acompa\u00f1amos? &nbsp; Fotograf\u00eda realizada por\u00a0Lumix GH3 &nbsp; Tras \u201cel pueblo\u201d, la &#8230; <a title=\"De Cartagena a Brasil, una aventura en busca de un velero\" class=\"read-more\" href=\"https:\/\/blog.panasonic.es\/lumix\/de-cartagena-a-brasil-una-aventura-en-busca-de-un-velero\/\" aria-label=\"Leer m\u00e1s sobre De Cartagena a Brasil, una aventura en busca de un velero\">Leer m\u00e1s<\/a><\/p>\n","protected":false},"author":3,"featured_media":11727,"comment_status":"open","ping_status":"open","sticky":false,"template":"","format":"standard","meta":{"_acf_changed":false,"footnotes":""},"categories":[26],"tags":[],"class_list":["post-11691","post","type-post","status-publish","format-standard","has-post-thumbnail","hentry","category-blog"],"acf":[],"yoast_head":"<!-- This site is optimized with the Yoast SEO plugin v27.4 - https:\/\/yoast.com\/product\/yoast-seo-wordpress\/ -->\n<title>De Cartagena a Brasil, una aventura en busca de un velero<\/title>\n<meta name=\"description\" content=\"Una vez m\u00e1s, seguimos a Albert Sans en su nueva aventura. Albert, nos cuenta su \u00faltimo viaje a trav\u00e9s de su Lumix GH3. \u00bfLe acompa\u00f1\u00e1is?\" \/>\n<meta name=\"robots\" content=\"index, follow, max-snippet:-1, max-image-preview:large, max-video-preview:-1\" \/>\n<link rel=\"canonical\" href=\"https:\/\/blog.panasonic.es\/lumix\/de-cartagena-a-brasil-una-aventura-en-busca-de-un-velero\/\" \/>\n<meta property=\"og:locale\" content=\"es_ES\" \/>\n<meta property=\"og:type\" content=\"article\" \/>\n<meta property=\"og:title\" content=\"De Cartagena a Brasil, una aventura en busca de un velero\" \/>\n<meta property=\"og:description\" content=\"Una vez m\u00e1s, seguimos a Albert Sans en su nueva aventura. Albert, nos cuenta su \u00faltimo viaje a trav\u00e9s de su Lumix GH3. \u00bfLe acompa\u00f1\u00e1is?\" \/>\n<meta property=\"og:url\" content=\"https:\/\/blog.panasonic.es\/lumix\/de-cartagena-a-brasil-una-aventura-en-busca-de-un-velero\/\" \/>\n<meta property=\"og:site_name\" content=\"Lumix\" \/>\n<meta property=\"article:published_time\" content=\"2015-03-26T16:06:50+00:00\" \/>\n<meta property=\"og:image\" content=\"https:\/\/blog.panasonic.es\/lumix\/wp-content\/uploads\/2015\/03\/destacada1.png\" \/>\n\t<meta property=\"og:image:width\" content=\"410\" \/>\n\t<meta property=\"og:image:height\" content=\"389\" \/>\n\t<meta property=\"og:image:type\" content=\"image\/png\" \/>\n<meta name=\"author\" content=\"Lumix\" \/>\n<meta name=\"twitter:card\" content=\"summary_large_image\" \/>\n<script type=\"application\/ld+json\" class=\"yoast-schema-graph\">{\"@context\":\"https:\\\/\\\/schema.org\",\"@graph\":[{\"@type\":\"Article\",\"@id\":\"https:\\\/\\\/blog.panasonic.es\\\/lumix\\\/de-cartagena-a-brasil-una-aventura-en-busca-de-un-velero\\\/#article\",\"isPartOf\":{\"@id\":\"https:\\\/\\\/blog.panasonic.es\\\/lumix\\\/de-cartagena-a-brasil-una-aventura-en-busca-de-un-velero\\\/\"},\"author\":{\"name\":\"Lumix\",\"@id\":\"https:\\\/\\\/blog.panasonic.es\\\/lumix\\\/#\\\/schema\\\/person\\\/963a6a04c721c06e25e665ca89a43d19\"},\"headline\":\"De Cartagena a Brasil, una aventura en busca de un velero\",\"datePublished\":\"2015-03-26T16:06:50+00:00\",\"mainEntityOfPage\":{\"@id\":\"https:\\\/\\\/blog.panasonic.es\\\/lumix\\\/de-cartagena-a-brasil-una-aventura-en-busca-de-un-velero\\\/\"},\"wordCount\":689,\"commentCount\":0,\"publisher\":{\"@id\":\"https:\\\/\\\/blog.panasonic.es\\\/lumix\\\/#organization\"},\"image\":{\"@id\":\"https:\\\/\\\/blog.panasonic.es\\\/lumix\\\/de-cartagena-a-brasil-una-aventura-en-busca-de-un-velero\\\/#primaryimage\"},\"thumbnailUrl\":\"https:\\\/\\\/blog.panasonic.es\\\/lumix\\\/wp-content\\\/uploads\\\/2015\\\/03\\\/destacada1.png\",\"articleSection\":[\"Blog\"],\"inLanguage\":\"es\"},{\"@type\":\"WebPage\",\"@id\":\"https:\\\/\\\/blog.panasonic.es\\\/lumix\\\/de-cartagena-a-brasil-una-aventura-en-busca-de-un-velero\\\/\",\"url\":\"https:\\\/\\\/blog.panasonic.es\\\/lumix\\\/de-cartagena-a-brasil-una-aventura-en-busca-de-un-velero\\\/\",\"name\":\"De Cartagena a Brasil, una aventura en busca de un velero\",\"isPartOf\":{\"@id\":\"https:\\\/\\\/blog.panasonic.es\\\/lumix\\\/#website\"},\"primaryImageOfPage\":{\"@id\":\"https:\\\/\\\/blog.panasonic.es\\\/lumix\\\/de-cartagena-a-brasil-una-aventura-en-busca-de-un-velero\\\/#primaryimage\"},\"image\":{\"@id\":\"https:\\\/\\\/blog.panasonic.es\\\/lumix\\\/de-cartagena-a-brasil-una-aventura-en-busca-de-un-velero\\\/#primaryimage\"},\"thumbnailUrl\":\"https:\\\/\\\/blog.panasonic.es\\\/lumix\\\/wp-content\\\/uploads\\\/2015\\\/03\\\/destacada1.png\",\"datePublished\":\"2015-03-26T16:06:50+00:00\",\"description\":\"Una vez m\u00e1s, seguimos a Albert Sans en su nueva aventura. Albert, nos cuenta su \u00faltimo viaje a trav\u00e9s de su Lumix GH3. \u00bfLe acompa\u00f1\u00e1is?\",\"breadcrumb\":{\"@id\":\"https:\\\/\\\/blog.panasonic.es\\\/lumix\\\/de-cartagena-a-brasil-una-aventura-en-busca-de-un-velero\\\/#breadcrumb\"},\"inLanguage\":\"es\",\"potentialAction\":[{\"@type\":\"ReadAction\",\"target\":[\"https:\\\/\\\/blog.panasonic.es\\\/lumix\\\/de-cartagena-a-brasil-una-aventura-en-busca-de-un-velero\\\/\"]}]},{\"@type\":\"ImageObject\",\"inLanguage\":\"es\",\"@id\":\"https:\\\/\\\/blog.panasonic.es\\\/lumix\\\/de-cartagena-a-brasil-una-aventura-en-busca-de-un-velero\\\/#primaryimage\",\"url\":\"https:\\\/\\\/blog.panasonic.es\\\/lumix\\\/wp-content\\\/uploads\\\/2015\\\/03\\\/destacada1.png\",\"contentUrl\":\"https:\\\/\\\/blog.panasonic.es\\\/lumix\\\/wp-content\\\/uploads\\\/2015\\\/03\\\/destacada1.png\",\"width\":410,\"height\":389},{\"@type\":\"BreadcrumbList\",\"@id\":\"https:\\\/\\\/blog.panasonic.es\\\/lumix\\\/de-cartagena-a-brasil-una-aventura-en-busca-de-un-velero\\\/#breadcrumb\",\"itemListElement\":[{\"@type\":\"ListItem\",\"position\":1,\"name\":\"Home\",\"item\":\"https:\\\/\\\/blog.panasonic.es\\\/lumix\\\/\"},{\"@type\":\"ListItem\",\"position\":2,\"name\":\"Blog\",\"item\":\"https:\\\/\\\/blog.panasonic.es\\\/lumix\\\/.\\\/blog\\\/\"},{\"@type\":\"ListItem\",\"position\":3,\"name\":\"De Cartagena a Brasil, una aventura en busca de un velero\"}]},{\"@type\":\"WebSite\",\"@id\":\"https:\\\/\\\/blog.panasonic.es\\\/lumix\\\/#website\",\"url\":\"https:\\\/\\\/blog.panasonic.es\\\/lumix\\\/\",\"name\":\"Lumix\",\"description\":\"LUMIX, Motion. Picture. Perfect\",\"publisher\":{\"@id\":\"https:\\\/\\\/blog.panasonic.es\\\/lumix\\\/#organization\"},\"potentialAction\":[{\"@type\":\"SearchAction\",\"target\":{\"@type\":\"EntryPoint\",\"urlTemplate\":\"https:\\\/\\\/blog.panasonic.es\\\/lumix\\\/?s={search_term_string}\"},\"query-input\":{\"@type\":\"PropertyValueSpecification\",\"valueRequired\":true,\"valueName\":\"search_term_string\"}}],\"inLanguage\":\"es\"},{\"@type\":\"Organization\",\"@id\":\"https:\\\/\\\/blog.panasonic.es\\\/lumix\\\/#organization\",\"name\":\"Lumix\",\"url\":\"https:\\\/\\\/blog.panasonic.es\\\/lumix\\\/\",\"logo\":{\"@type\":\"ImageObject\",\"inLanguage\":\"es\",\"@id\":\"https:\\\/\\\/blog.panasonic.es\\\/lumix\\\/#\\\/schema\\\/logo\\\/image\\\/\",\"url\":\"https:\\\/\\\/blog.panasonic.es\\\/lumix\\\/wp-content\\\/uploads\\\/2021\\\/09\\\/logo-blanco.svg\",\"contentUrl\":\"https:\\\/\\\/blog.panasonic.es\\\/lumix\\\/wp-content\\\/uploads\\\/2021\\\/09\\\/logo-blanco.svg\",\"width\":309,\"height\":38,\"caption\":\"Lumix\"},\"image\":{\"@id\":\"https:\\\/\\\/blog.panasonic.es\\\/lumix\\\/#\\\/schema\\\/logo\\\/image\\\/\"}},{\"@type\":\"Person\",\"@id\":\"https:\\\/\\\/blog.panasonic.es\\\/lumix\\\/#\\\/schema\\\/person\\\/963a6a04c721c06e25e665ca89a43d19\",\"name\":\"Lumix\",\"description\":\"LUMIX. Motion. Picture. Perfect. Apoyando estrechamente a los creadores, quienes lideran la cultura de la imagen, LUMIX proporciona una experiencia que les permite ser creativos como ellos desean, independientemente de si realizan im\u00e1genes fotograf\u00edas o v\u00eddeos. Queremos convertirnos en una marca que est\u00e9 con ellos, transmitiendo nuevas emociones juntos, sobrepasando los l\u00edmites de la creaci\u00f3n audiovisual. Esta es la idea y el significado de nuestro eslogan Motion. Picture. Perfect.\",\"sameAs\":[\"https:\\\/\\\/www.panasonic.com\\\/es\\\/\",\"anne.cohen\"],\"url\":\"https:\\\/\\\/blog.panasonic.es\\\/lumix\\\/embajador\\\/panasonic\\\/\"}]}<\/script>\n<!-- \/ Yoast SEO plugin. -->","yoast_head_json":{"title":"De Cartagena a Brasil, una aventura en busca de un velero","description":"Una vez m\u00e1s, seguimos a Albert Sans en su nueva aventura. Albert, nos cuenta su \u00faltimo viaje a trav\u00e9s de su Lumix GH3. \u00bfLe acompa\u00f1\u00e1is?","robots":{"index":"index","follow":"follow","max-snippet":"max-snippet:-1","max-image-preview":"max-image-preview:large","max-video-preview":"max-video-preview:-1"},"canonical":"https:\/\/blog.panasonic.es\/lumix\/de-cartagena-a-brasil-una-aventura-en-busca-de-un-velero\/","og_locale":"es_ES","og_type":"article","og_title":"De Cartagena a Brasil, una aventura en busca de un velero","og_description":"Una vez m\u00e1s, seguimos a Albert Sans en su nueva aventura. Albert, nos cuenta su \u00faltimo viaje a trav\u00e9s de su Lumix GH3. \u00bfLe acompa\u00f1\u00e1is?","og_url":"https:\/\/blog.panasonic.es\/lumix\/de-cartagena-a-brasil-una-aventura-en-busca-de-un-velero\/","og_site_name":"Lumix","article_published_time":"2015-03-26T16:06:50+00:00","og_image":[{"width":410,"height":389,"url":"https:\/\/blog.panasonic.es\/lumix\/wp-content\/uploads\/2015\/03\/destacada1.png","type":"image\/png"}],"author":"Lumix","twitter_card":"summary_large_image","schema":{"@context":"https:\/\/schema.org","@graph":[{"@type":"Article","@id":"https:\/\/blog.panasonic.es\/lumix\/de-cartagena-a-brasil-una-aventura-en-busca-de-un-velero\/#article","isPartOf":{"@id":"https:\/\/blog.panasonic.es\/lumix\/de-cartagena-a-brasil-una-aventura-en-busca-de-un-velero\/"},"author":{"name":"Lumix","@id":"https:\/\/blog.panasonic.es\/lumix\/#\/schema\/person\/963a6a04c721c06e25e665ca89a43d19"},"headline":"De Cartagena a Brasil, una aventura en busca de un velero","datePublished":"2015-03-26T16:06:50+00:00","mainEntityOfPage":{"@id":"https:\/\/blog.panasonic.es\/lumix\/de-cartagena-a-brasil-una-aventura-en-busca-de-un-velero\/"},"wordCount":689,"commentCount":0,"publisher":{"@id":"https:\/\/blog.panasonic.es\/lumix\/#organization"},"image":{"@id":"https:\/\/blog.panasonic.es\/lumix\/de-cartagena-a-brasil-una-aventura-en-busca-de-un-velero\/#primaryimage"},"thumbnailUrl":"https:\/\/blog.panasonic.es\/lumix\/wp-content\/uploads\/2015\/03\/destacada1.png","articleSection":["Blog"],"inLanguage":"es"},{"@type":"WebPage","@id":"https:\/\/blog.panasonic.es\/lumix\/de-cartagena-a-brasil-una-aventura-en-busca-de-un-velero\/","url":"https:\/\/blog.panasonic.es\/lumix\/de-cartagena-a-brasil-una-aventura-en-busca-de-un-velero\/","name":"De Cartagena a Brasil, una aventura en busca de un velero","isPartOf":{"@id":"https:\/\/blog.panasonic.es\/lumix\/#website"},"primaryImageOfPage":{"@id":"https:\/\/blog.panasonic.es\/lumix\/de-cartagena-a-brasil-una-aventura-en-busca-de-un-velero\/#primaryimage"},"image":{"@id":"https:\/\/blog.panasonic.es\/lumix\/de-cartagena-a-brasil-una-aventura-en-busca-de-un-velero\/#primaryimage"},"thumbnailUrl":"https:\/\/blog.panasonic.es\/lumix\/wp-content\/uploads\/2015\/03\/destacada1.png","datePublished":"2015-03-26T16:06:50+00:00","description":"Una vez m\u00e1s, seguimos a Albert Sans en su nueva aventura. Albert, nos cuenta su \u00faltimo viaje a trav\u00e9s de su Lumix GH3. \u00bfLe acompa\u00f1\u00e1is?","breadcrumb":{"@id":"https:\/\/blog.panasonic.es\/lumix\/de-cartagena-a-brasil-una-aventura-en-busca-de-un-velero\/#breadcrumb"},"inLanguage":"es","potentialAction":[{"@type":"ReadAction","target":["https:\/\/blog.panasonic.es\/lumix\/de-cartagena-a-brasil-una-aventura-en-busca-de-un-velero\/"]}]},{"@type":"ImageObject","inLanguage":"es","@id":"https:\/\/blog.panasonic.es\/lumix\/de-cartagena-a-brasil-una-aventura-en-busca-de-un-velero\/#primaryimage","url":"https:\/\/blog.panasonic.es\/lumix\/wp-content\/uploads\/2015\/03\/destacada1.png","contentUrl":"https:\/\/blog.panasonic.es\/lumix\/wp-content\/uploads\/2015\/03\/destacada1.png","width":410,"height":389},{"@type":"BreadcrumbList","@id":"https:\/\/blog.panasonic.es\/lumix\/de-cartagena-a-brasil-una-aventura-en-busca-de-un-velero\/#breadcrumb","itemListElement":[{"@type":"ListItem","position":1,"name":"Home","item":"https:\/\/blog.panasonic.es\/lumix\/"},{"@type":"ListItem","position":2,"name":"Blog","item":"https:\/\/blog.panasonic.es\/lumix\/.\/blog\/"},{"@type":"ListItem","position":3,"name":"De Cartagena a Brasil, una aventura en busca de un velero"}]},{"@type":"WebSite","@id":"https:\/\/blog.panasonic.es\/lumix\/#website","url":"https:\/\/blog.panasonic.es\/lumix\/","name":"Lumix","description":"LUMIX, Motion. Picture. Perfect","publisher":{"@id":"https:\/\/blog.panasonic.es\/lumix\/#organization"},"potentialAction":[{"@type":"SearchAction","target":{"@type":"EntryPoint","urlTemplate":"https:\/\/blog.panasonic.es\/lumix\/?s={search_term_string}"},"query-input":{"@type":"PropertyValueSpecification","valueRequired":true,"valueName":"search_term_string"}}],"inLanguage":"es"},{"@type":"Organization","@id":"https:\/\/blog.panasonic.es\/lumix\/#organization","name":"Lumix","url":"https:\/\/blog.panasonic.es\/lumix\/","logo":{"@type":"ImageObject","inLanguage":"es","@id":"https:\/\/blog.panasonic.es\/lumix\/#\/schema\/logo\/image\/","url":"https:\/\/blog.panasonic.es\/lumix\/wp-content\/uploads\/2021\/09\/logo-blanco.svg","contentUrl":"https:\/\/blog.panasonic.es\/lumix\/wp-content\/uploads\/2021\/09\/logo-blanco.svg","width":309,"height":38,"caption":"Lumix"},"image":{"@id":"https:\/\/blog.panasonic.es\/lumix\/#\/schema\/logo\/image\/"}},{"@type":"Person","@id":"https:\/\/blog.panasonic.es\/lumix\/#\/schema\/person\/963a6a04c721c06e25e665ca89a43d19","name":"Lumix","description":"LUMIX. Motion. Picture. Perfect. Apoyando estrechamente a los creadores, quienes lideran la cultura de la imagen, LUMIX proporciona una experiencia que les permite ser creativos como ellos desean, independientemente de si realizan im\u00e1genes fotograf\u00edas o v\u00eddeos. Queremos convertirnos en una marca que est\u00e9 con ellos, transmitiendo nuevas emociones juntos, sobrepasando los l\u00edmites de la creaci\u00f3n audiovisual. Esta es la idea y el significado de nuestro eslogan Motion. Picture. Perfect.","sameAs":["https:\/\/www.panasonic.com\/es\/","anne.cohen"],"url":"https:\/\/blog.panasonic.es\/lumix\/embajador\/panasonic\/"}]}},"_links":{"self":[{"href":"https:\/\/blog.panasonic.es\/lumix\/wp-json\/wp\/v2\/posts\/11691","targetHints":{"allow":["GET"]}}],"collection":[{"href":"https:\/\/blog.panasonic.es\/lumix\/wp-json\/wp\/v2\/posts"}],"about":[{"href":"https:\/\/blog.panasonic.es\/lumix\/wp-json\/wp\/v2\/types\/post"}],"author":[{"embeddable":true,"href":"https:\/\/blog.panasonic.es\/lumix\/wp-json\/wp\/v2\/users\/3"}],"replies":[{"embeddable":true,"href":"https:\/\/blog.panasonic.es\/lumix\/wp-json\/wp\/v2\/comments?post=11691"}],"version-history":[{"count":0,"href":"https:\/\/blog.panasonic.es\/lumix\/wp-json\/wp\/v2\/posts\/11691\/revisions"}],"wp:featuredmedia":[{"embeddable":true,"href":"https:\/\/blog.panasonic.es\/lumix\/wp-json\/wp\/v2\/media\/11727"}],"wp:attachment":[{"href":"https:\/\/blog.panasonic.es\/lumix\/wp-json\/wp\/v2\/media?parent=11691"}],"wp:term":[{"taxonomy":"category","embeddable":true,"href":"https:\/\/blog.panasonic.es\/lumix\/wp-json\/wp\/v2\/categories?post=11691"},{"taxonomy":"post_tag","embeddable":true,"href":"https:\/\/blog.panasonic.es\/lumix\/wp-json\/wp\/v2\/tags?post=11691"}],"curies":[{"name":"wp","href":"https:\/\/api.w.org\/{rel}","templated":true}]}}