{"id":12060,"date":"2015-04-21T17:49:33","date_gmt":"2015-04-21T15:49:33","guid":{"rendered":"http:\/\/blog.panasonic.es\/?p=12060"},"modified":"2015-04-21T17:49:33","modified_gmt":"2015-04-21T15:49:33","slug":"panasonic-reconocida-con-dos-premios-tipa-por-sus-camaras-lumix-gm5-y-lx100","status":"publish","type":"post","link":"https:\/\/blog.panasonic.es\/lumix\/panasonic-reconocida-con-dos-premios-tipa-por-sus-camaras-lumix-gm5-y-lx100\/","title":{"rendered":"Panasonic, reconocida con dos premios TIPA por sus c\u00e1maras Lumix GM5 y LX100"},"content":{"rendered":"<h3>\u00a1En Panasonic estamos de celebraci\u00f3n! Concretamente porque hemos sido\u00a0 reconocidos con dos prestigiosos premios TIPA 2015, uno de los galardones m\u00e1s codiciados y relevantes en el \u00e1mbito de la fotograf\u00eda y la imagen por nuestras\u00a0Lumix GM5 y LX100. La <a title=\"Lumix GM5\" href=\"http:\/\/www.panasonic.com\/es\/consumer\/camaras-y-videocamaras\/camaras-lumixg\/dmc-gm5kec-k.html\" target=\"_blank\" rel=\"noopener\">Lumix GM5<\/a> ha sido premiada como la \u2018Mejor c\u00e1mara CSC avanzada\u2019 y la <a title=\"Lumix LX100\" href=\"http:\/\/www.panasonic.com\/es\/consumer\/camaras-y-videocamaras\/camaras-compactas\/dmc-lx100eg-k.html\" target=\"_blank\" rel=\"noopener\">LX100<\/a> se ha alzado en la categor\u00eda \u2018Mejor c\u00e1mara avanzada de foto y v\u00eddeo\u2019.<\/h3>\n<p>Y como bien ha dicho Mirko Scaletti, Director General de Espa\u00f1a y Portugal: \u201cCentramos todos nuestros esfuerzos en desarrollar c\u00e1maras digitales que ofrezcan las mejores experiencias fotogr\u00e1ficas posibles. Desde 2008, cuando se introdujo la primera c\u00e1mara digital sin espejo del mundo, hemos ampliado los l\u00edmites de fotograf\u00eda digital Micro Cuatro Tercios con la familia LUMIX G y con la gama de objetivos intercambiables DSLM m\u00e1s amplia del mundo dise\u00f1ada para ser utilizada con cuerpos ligeros y compactos. Estamos muy orgullosos de ver que nuestros esfuerzos una vez m\u00e1s se han visto recompensados una vez m\u00e1s por una asociaci\u00f3n tan relevante como la asociaci\u00f3n TIPA\u00bb.<\/p>\n<p><strong style=\"font-style: inherit;\">\u00a0<img fetchpriority=\"high\" decoding=\"async\" class=\"alignnone wp-image-12062\" src=\"https:\/\/blog.panasonic.es\/lumix\/wp-content\/uploads\/2015\/04\/GM5_k_H-FS12032_slant.png\" alt=\"GM5_k_H-FS12032_slant\" width=\"350\" height=\"263\" srcset=\"https:\/\/blog.panasonic.es\/lumix\/wp-content\/uploads\/2015\/04\/GM5_k_H-FS12032_slant.png 800w, https:\/\/blog.panasonic.es\/lumix\/wp-content\/uploads\/2015\/04\/GM5_k_H-FS12032_slant-768x576.png 768w, https:\/\/blog.panasonic.es\/lumix\/wp-content\/uploads\/2015\/04\/GM5_k_H-FS12032_slant-600x450.png 600w\" sizes=\"(max-width: 350px) 100vw, 350px\" \/><img decoding=\"async\" class=\"alignnone wp-image-12063\" src=\"https:\/\/blog.panasonic.es\/lumix\/wp-content\/uploads\/2015\/04\/LX100k_front.png\" alt=\"LX100k_front\" width=\"350\" height=\"263\" srcset=\"https:\/\/blog.panasonic.es\/lumix\/wp-content\/uploads\/2015\/04\/LX100k_front.png 800w, https:\/\/blog.panasonic.es\/lumix\/wp-content\/uploads\/2015\/04\/LX100k_front-768x576.png 768w, https:\/\/blog.panasonic.es\/lumix\/wp-content\/uploads\/2015\/04\/LX100k_front-600x450.png 600w\" sizes=\"(max-width: 350px) 100vw, 350px\" \/><\/strong><\/p>\n<p>&nbsp;<\/p>\n<p><a title=\"Lumix GM5\" href=\"http:\/\/www.panasonic.com\/es\/consumer\/camaras-y-videocamaras\/camaras-lumixg\/dmc-gm5kec-k.html\" target=\"_blank\" rel=\"noopener\"><strong>Lumix GM5<\/strong><\/a><br \/>\nReconocida como la \u2018Mejor c\u00e1mara CSC avanzada\u2019, nuestra Lumix GM5 es la opci\u00f3n ideal para los que quieren que su c\u00e1mara complemente su estilo de vida pero adem\u00e1s buscan una gran calidad de fotograf\u00eda y v\u00eddeo. As\u00ed, es perfecta para dise\u00f1adores que buscan la inspiraci\u00f3n en su d\u00eda a d\u00eda o urbanitas que buscan un modelo pr\u00e1ctico pero muy estiloso.<\/p>\n<p>&nbsp;<\/p>\n<p><img decoding=\"async\" class=\"aligncenter size-full wp-image-12061\" src=\"https:\/\/blog.panasonic.es\/lumix\/wp-content\/uploads\/2015\/04\/GM5_k_H-FS12032_front.png\" alt=\"GM5_k_H-FS12032_front\" width=\"800\" height=\"600\" srcset=\"https:\/\/blog.panasonic.es\/lumix\/wp-content\/uploads\/2015\/04\/GM5_k_H-FS12032_front.png 800w, https:\/\/blog.panasonic.es\/lumix\/wp-content\/uploads\/2015\/04\/GM5_k_H-FS12032_front-768x576.png 768w, https:\/\/blog.panasonic.es\/lumix\/wp-content\/uploads\/2015\/04\/GM5_k_H-FS12032_front-600x450.png 600w\" sizes=\"(max-width: 800px) 100vw, 800px\" \/><\/p>\n<p>&nbsp;<\/p>\n<p>Adem\u00e1s, el jurado de TIPA ha destacado: \u201cCon s\u00f3lo 59,5mm de alto y 98,5 de ancho, y con un peso de 211g, la GM5 de Panasonic es una Micro Cuatro Tercios muy compacta y llevable. Destaca su visor electr\u00f3nico, con un 100% de cobertura de visi\u00f3n y 1,16 millones de puntos RGB. Adem\u00e1s, su sensor MOS ofrece 16MP. Respecto a la conectividad, el usuario puede simplemente escanear el c\u00f3digo QR de la pantalla de la c\u00e1mara con su Smartphone o Tablet y usar ambos para controlar la c\u00e1mara de forma remota. Este modelo permite la fotograf\u00eda en JPEG y RAW y v\u00eddeos en AVCHD o MP4. Tambi\u00e9n cuenta con todos los modos est\u00e1ndar de exposici\u00f3n, adem\u00e1s de un completo conjunto de patrones de medici\u00f3n y una gama de sensibilidades ISO 200-25,600 (v\u00eddeo: ISO 200 a 3.200). Tambi\u00e9n sobresale su impresionante velocidad de obturaci\u00f3n, que va de 60 segundos a 1 \/ 16.000 de segundo\u00bb.<\/p>\n<p><strong style=\"font-style: inherit;\"><br \/>\n<\/strong><\/p>\n<figure id=\"attachment_12072\" aria-describedby=\"caption-attachment-12072\" style=\"width: 790px\" class=\"wp-caption alignnone\"><a href=\"https:\/\/blog.panasonic.es\/lumix\/wp-content\/uploads\/2015\/04\/02_1100866_R.jpg\"><img loading=\"lazy\" decoding=\"async\" class=\"wp-image-12072 size-full\" src=\"https:\/\/blog.panasonic.es\/lumix\/wp-content\/uploads\/2015\/04\/02_1100866_R.jpg\" alt=\"02_1100866_R\" width=\"800\" height=\"534\" srcset=\"https:\/\/blog.panasonic.es\/lumix\/wp-content\/uploads\/2015\/04\/02_1100866_R.jpg 800w, https:\/\/blog.panasonic.es\/lumix\/wp-content\/uploads\/2015\/04\/02_1100866_R-768x513.jpg 768w, https:\/\/blog.panasonic.es\/lumix\/wp-content\/uploads\/2015\/04\/02_1100866_R-600x401.jpg 600w\" sizes=\"(max-width: 800px) 100vw, 800px\" \/><\/a><figcaption id=\"caption-attachment-12072\" class=\"wp-caption-text\">Foto realizada con una Lumix GM5<\/figcaption><\/figure>\n<p>&nbsp;<\/p>\n<figure id=\"attachment_12073\" aria-describedby=\"caption-attachment-12073\" style=\"width: 790px\" class=\"wp-caption alignnone\"><a href=\"https:\/\/blog.panasonic.es\/lumix\/wp-content\/uploads\/2015\/04\/06_1110926_R.jpg\"><img loading=\"lazy\" decoding=\"async\" class=\"size-full wp-image-12073\" src=\"https:\/\/blog.panasonic.es\/lumix\/wp-content\/uploads\/2015\/04\/06_1110926_R.jpg\" alt=\"Foto realizada con una Lumix GM5\" width=\"800\" height=\"534\" srcset=\"https:\/\/blog.panasonic.es\/lumix\/wp-content\/uploads\/2015\/04\/06_1110926_R.jpg 800w, https:\/\/blog.panasonic.es\/lumix\/wp-content\/uploads\/2015\/04\/06_1110926_R-768x513.jpg 768w, https:\/\/blog.panasonic.es\/lumix\/wp-content\/uploads\/2015\/04\/06_1110926_R-600x401.jpg 600w\" sizes=\"(max-width: 800px) 100vw, 800px\" \/><\/a><figcaption id=\"caption-attachment-12073\" class=\"wp-caption-text\">Foto realizada con una Lumix GM5<\/figcaption><\/figure>\n<p>&nbsp;<\/p>\n<p><a title=\"Lumix LX100\" href=\"http:\/\/www.panasonic.com\/es\/consumer\/camaras-y-videocamaras\/camaras-compactas\/dmc-lx100eg-k.html\" target=\"_blank\" rel=\"noopener\"><strong>Lumix LX100<\/strong><\/a><br \/>\nPor otra parte esta nuestra Lumix LX100, es el modelo de referencia en la gama m\u00e1s Premium de c\u00e1maras compactas de Panasonic, con la \u00faltima tecnolog\u00eda digital y \u00f3ptica y controles manuales avanzados. Ha sido reconocida como \u2018Mejor c\u00e1mara avanzada de foto y v\u00eddeo\u2019. Y es que la LX100 ha sido especialmente desarrollada para hacer que los usuarios exploten al m\u00e1ximo su creatividad fotogr\u00e1fica.<\/p>\n<p>&nbsp;<\/p>\n<p><img loading=\"lazy\" decoding=\"async\" class=\"aligncenter size-full wp-image-12064\" src=\"https:\/\/blog.panasonic.es\/lumix\/wp-content\/uploads\/2015\/04\/LX100k_slant.png\" alt=\"LX100k_slant\" width=\"800\" height=\"600\" srcset=\"https:\/\/blog.panasonic.es\/lumix\/wp-content\/uploads\/2015\/04\/LX100k_slant.png 800w, https:\/\/blog.panasonic.es\/lumix\/wp-content\/uploads\/2015\/04\/LX100k_slant-768x576.png 768w, https:\/\/blog.panasonic.es\/lumix\/wp-content\/uploads\/2015\/04\/LX100k_slant-600x450.png 600w\" sizes=\"(max-width: 800px) 100vw, 800px\" \/><\/p>\n<p>&nbsp;<\/p>\n<p>Desde TIPA se ha enfatizado: \u201cPara los usuarios que buscan tanto calidad fotogr\u00e1fica como funci\u00f3n de grabaci\u00f3n de v\u00eddeo, la LX100 ofrece un sensor MOS de Alta Sensibilidad de 4\/3 pulgadas y 12,8 MP y grabaci\u00f3n en 4K. Este modelo tiene un objetivo integrado Leica DC Vario-Summilux de 24-75mm equivalentes y un F de 1.7-2.8 que permite tener un control absoluto de la imagen, incluyendo la posibilidad de ofrecer im\u00e1genes con una resoluci\u00f3n de 11 frames por segundo. Tiene un papel muy destacado en este modelo la impresionante grabaci\u00f3n en v\u00eddeo, que puede ser en Full HD HD 1920 x 1080 AVCHD progresivo, en MP4 a 60p o en 4K 3840 x 2160 a 30 fps. Adem\u00e1s incluye la opci\u00f3n \u20184K Photo\u2019, una opci\u00f3n que permite obtener una imagen fija de 8MB de las secuencias de v\u00eddeo 4K. Otras caracter\u00edsticas destacadas son el Wi-Fi y conectividad NFC y la elecci\u00f3n de formato RAW + JPEG\u201d.<\/p>\n<figure id=\"attachment_12074\" aria-describedby=\"caption-attachment-12074\" style=\"width: 790px\" class=\"wp-caption alignnone\"><a href=\"https:\/\/blog.panasonic.es\/lumix\/wp-content\/uploads\/2015\/04\/1020381-8-bit-processedv2.jpg\"><img loading=\"lazy\" decoding=\"async\" class=\"size-full wp-image-12074\" src=\"https:\/\/blog.panasonic.es\/lumix\/wp-content\/uploads\/2015\/04\/1020381-8-bit-processedv2.jpg\" alt=\"Foto realizada con una Lumix LX100\" width=\"800\" height=\"600\" srcset=\"https:\/\/blog.panasonic.es\/lumix\/wp-content\/uploads\/2015\/04\/1020381-8-bit-processedv2.jpg 800w, https:\/\/blog.panasonic.es\/lumix\/wp-content\/uploads\/2015\/04\/1020381-8-bit-processedv2-768x576.jpg 768w, https:\/\/blog.panasonic.es\/lumix\/wp-content\/uploads\/2015\/04\/1020381-8-bit-processedv2-600x450.jpg 600w\" sizes=\"(max-width: 800px) 100vw, 800px\" \/><\/a><figcaption id=\"caption-attachment-12074\" class=\"wp-caption-text\">Foto realizada con una Lumix LX100<\/figcaption><\/figure>\n<p><a href=\"https:\/\/blog.panasonic.es\/lumix\/wp-content\/uploads\/2015\/04\/1070089-8-bit-processedv2.jpg\"><img loading=\"lazy\" decoding=\"async\" class=\"alignnone size-large wp-image-12075\" src=\"https:\/\/blog.panasonic.es\/wp-content\/uploads\/2015\/04\/1070089-8-bit-processedv2-1024x769.jpg\" alt=\"1070089-8-bit-processed,v2\" width=\"713\" height=\"535\" srcset=\"https:\/\/blog.panasonic.es\/lumix\/wp-content\/uploads\/2015\/04\/1070089-8-bit-processedv2-1024x769.jpg 1024w, https:\/\/blog.panasonic.es\/lumix\/wp-content\/uploads\/2015\/04\/1070089-8-bit-processedv2-1920x1442.jpg 1920w, https:\/\/blog.panasonic.es\/lumix\/wp-content\/uploads\/2015\/04\/1070089-8-bit-processedv2-768x577.jpg 768w, https:\/\/blog.panasonic.es\/lumix\/wp-content\/uploads\/2015\/04\/1070089-8-bit-processedv2-1536x1153.jpg 1536w, https:\/\/blog.panasonic.es\/lumix\/wp-content\/uploads\/2015\/04\/1070089-8-bit-processedv2-2048x1538.jpg 2048w, https:\/\/blog.panasonic.es\/lumix\/wp-content\/uploads\/2015\/04\/1070089-8-bit-processedv2-600x451.jpg 600w\" sizes=\"(max-width: 713px) 100vw, 713px\" \/><\/a><\/p>\n<p>&nbsp;<\/p>\n<p>S\u00f3lo nos falta a\u00f1adir que en Panasonic trabajamos cada d\u00eda para poder ofrecer los mejores dispositivos a todos nuestros consumidores para su d\u00eda a d\u00eda. Estamos muy orgullosos de recibir el reconocimiento de los premios TIPA 2015, ya que para nosotros representan \u00a0uno de los homenajes m\u00e1s relevantes en el \u00e1mbito de la fotograf\u00eda y la imagen.<\/p>\n<p>&nbsp;<\/p>\n<p>&nbsp;<\/p>\n<p>&nbsp;    \t<\/p>\n","protected":false},"excerpt":{"rendered":"<p>\u00a1En Panasonic estamos de celebraci\u00f3n! Concretamente porque hemos sido\u00a0 reconocidos con dos prestigiosos premios TIPA 2015, uno de los galardones m\u00e1s codiciados y relevantes en el \u00e1mbito de la fotograf\u00eda y la imagen por nuestras\u00a0Lumix GM5 y LX100. La Lumix GM5 ha sido premiada como la \u2018Mejor c\u00e1mara CSC avanzada\u2019 y la LX100 se ha &#8230; <a title=\"Panasonic, reconocida con dos premios TIPA por sus c\u00e1maras Lumix GM5 y LX100\" class=\"read-more\" href=\"https:\/\/blog.panasonic.es\/lumix\/panasonic-reconocida-con-dos-premios-tipa-por-sus-camaras-lumix-gm5-y-lx100\/\" aria-label=\"Leer m\u00e1s sobre Panasonic, reconocida con dos premios TIPA por sus c\u00e1maras Lumix GM5 y LX100\">Leer m\u00e1s<\/a><\/p>\n","protected":false},"author":3,"featured_media":12065,"comment_status":"open","ping_status":"open","sticky":false,"template":"","format":"standard","meta":{"_acf_changed":false,"footnotes":""},"categories":[26],"tags":[],"class_list":["post-12060","post","type-post","status-publish","format-standard","has-post-thumbnail","hentry","category-blog"],"acf":[],"yoast_head":"<!-- This site is optimized with the Yoast SEO plugin v27.4 - https:\/\/yoast.com\/product\/yoast-seo-wordpress\/ -->\n<title>Panasonic, reconocida con dos premios TIPA por sus c\u00e1maras Lumix GM5 y LX100<\/title>\n<meta name=\"description\" content=\"Hemos sido reconocidos con dos premios TIPA 2015, uno de los galardones relevantes en el \u00e1mbito de la fotograf\u00eda y la imagen por nuestra Lumix GM5 y LX100\" \/>\n<meta name=\"robots\" content=\"index, follow, max-snippet:-1, max-image-preview:large, max-video-preview:-1\" \/>\n<link rel=\"canonical\" href=\"https:\/\/blog.panasonic.es\/lumix\/panasonic-reconocida-con-dos-premios-tipa-por-sus-camaras-lumix-gm5-y-lx100\/\" \/>\n<meta property=\"og:locale\" content=\"es_ES\" \/>\n<meta property=\"og:type\" content=\"article\" \/>\n<meta property=\"og:title\" content=\"Panasonic, reconocida con dos premios TIPA por sus c\u00e1maras Lumix GM5 y LX100\" \/>\n<meta property=\"og:description\" content=\"Hemos sido reconocidos con dos premios TIPA 2015, uno de los galardones relevantes en el \u00e1mbito de la fotograf\u00eda y la imagen por nuestra Lumix GM5 y LX100\" \/>\n<meta property=\"og:url\" content=\"https:\/\/blog.panasonic.es\/lumix\/panasonic-reconocida-con-dos-premios-tipa-por-sus-camaras-lumix-gm5-y-lx100\/\" \/>\n<meta property=\"og:site_name\" content=\"Lumix\" \/>\n<meta property=\"article:published_time\" content=\"2015-04-21T15:49:33+00:00\" \/>\n<meta property=\"og:image\" content=\"https:\/\/blog.panasonic.es\/lumix\/wp-content\/uploads\/2015\/04\/410.png\" \/>\n\t<meta property=\"og:image:width\" content=\"410\" \/>\n\t<meta property=\"og:image:height\" content=\"389\" \/>\n\t<meta property=\"og:image:type\" content=\"image\/png\" \/>\n<meta name=\"author\" content=\"Lumix\" \/>\n<meta name=\"twitter:card\" content=\"summary_large_image\" \/>\n<script type=\"application\/ld+json\" class=\"yoast-schema-graph\">{\"@context\":\"https:\\\/\\\/schema.org\",\"@graph\":[{\"@type\":\"Article\",\"@id\":\"https:\\\/\\\/blog.panasonic.es\\\/lumix\\\/panasonic-reconocida-con-dos-premios-tipa-por-sus-camaras-lumix-gm5-y-lx100\\\/#article\",\"isPartOf\":{\"@id\":\"https:\\\/\\\/blog.panasonic.es\\\/lumix\\\/panasonic-reconocida-con-dos-premios-tipa-por-sus-camaras-lumix-gm5-y-lx100\\\/\"},\"author\":{\"name\":\"Lumix\",\"@id\":\"https:\\\/\\\/blog.panasonic.es\\\/lumix\\\/#\\\/schema\\\/person\\\/963a6a04c721c06e25e665ca89a43d19\"},\"headline\":\"Panasonic, reconocida con dos premios TIPA por sus c\u00e1maras Lumix GM5 y LX100\",\"datePublished\":\"2015-04-21T15:49:33+00:00\",\"mainEntityOfPage\":{\"@id\":\"https:\\\/\\\/blog.panasonic.es\\\/lumix\\\/panasonic-reconocida-con-dos-premios-tipa-por-sus-camaras-lumix-gm5-y-lx100\\\/\"},\"wordCount\":786,\"commentCount\":0,\"publisher\":{\"@id\":\"https:\\\/\\\/blog.panasonic.es\\\/lumix\\\/#organization\"},\"image\":{\"@id\":\"https:\\\/\\\/blog.panasonic.es\\\/lumix\\\/panasonic-reconocida-con-dos-premios-tipa-por-sus-camaras-lumix-gm5-y-lx100\\\/#primaryimage\"},\"thumbnailUrl\":\"https:\\\/\\\/blog.panasonic.es\\\/lumix\\\/wp-content\\\/uploads\\\/2015\\\/04\\\/410.png\",\"articleSection\":[\"Blog\"],\"inLanguage\":\"es\"},{\"@type\":\"WebPage\",\"@id\":\"https:\\\/\\\/blog.panasonic.es\\\/lumix\\\/panasonic-reconocida-con-dos-premios-tipa-por-sus-camaras-lumix-gm5-y-lx100\\\/\",\"url\":\"https:\\\/\\\/blog.panasonic.es\\\/lumix\\\/panasonic-reconocida-con-dos-premios-tipa-por-sus-camaras-lumix-gm5-y-lx100\\\/\",\"name\":\"Panasonic, reconocida con dos premios TIPA por sus c\u00e1maras Lumix GM5 y LX100\",\"isPartOf\":{\"@id\":\"https:\\\/\\\/blog.panasonic.es\\\/lumix\\\/#website\"},\"primaryImageOfPage\":{\"@id\":\"https:\\\/\\\/blog.panasonic.es\\\/lumix\\\/panasonic-reconocida-con-dos-premios-tipa-por-sus-camaras-lumix-gm5-y-lx100\\\/#primaryimage\"},\"image\":{\"@id\":\"https:\\\/\\\/blog.panasonic.es\\\/lumix\\\/panasonic-reconocida-con-dos-premios-tipa-por-sus-camaras-lumix-gm5-y-lx100\\\/#primaryimage\"},\"thumbnailUrl\":\"https:\\\/\\\/blog.panasonic.es\\\/lumix\\\/wp-content\\\/uploads\\\/2015\\\/04\\\/410.png\",\"datePublished\":\"2015-04-21T15:49:33+00:00\",\"description\":\"Hemos sido reconocidos con dos premios TIPA 2015, uno de los galardones relevantes en el \u00e1mbito de la fotograf\u00eda y la imagen por nuestra Lumix GM5 y LX100\",\"breadcrumb\":{\"@id\":\"https:\\\/\\\/blog.panasonic.es\\\/lumix\\\/panasonic-reconocida-con-dos-premios-tipa-por-sus-camaras-lumix-gm5-y-lx100\\\/#breadcrumb\"},\"inLanguage\":\"es\",\"potentialAction\":[{\"@type\":\"ReadAction\",\"target\":[\"https:\\\/\\\/blog.panasonic.es\\\/lumix\\\/panasonic-reconocida-con-dos-premios-tipa-por-sus-camaras-lumix-gm5-y-lx100\\\/\"]}]},{\"@type\":\"ImageObject\",\"inLanguage\":\"es\",\"@id\":\"https:\\\/\\\/blog.panasonic.es\\\/lumix\\\/panasonic-reconocida-con-dos-premios-tipa-por-sus-camaras-lumix-gm5-y-lx100\\\/#primaryimage\",\"url\":\"https:\\\/\\\/blog.panasonic.es\\\/lumix\\\/wp-content\\\/uploads\\\/2015\\\/04\\\/410.png\",\"contentUrl\":\"https:\\\/\\\/blog.panasonic.es\\\/lumix\\\/wp-content\\\/uploads\\\/2015\\\/04\\\/410.png\",\"width\":410,\"height\":389},{\"@type\":\"BreadcrumbList\",\"@id\":\"https:\\\/\\\/blog.panasonic.es\\\/lumix\\\/panasonic-reconocida-con-dos-premios-tipa-por-sus-camaras-lumix-gm5-y-lx100\\\/#breadcrumb\",\"itemListElement\":[{\"@type\":\"ListItem\",\"position\":1,\"name\":\"Home\",\"item\":\"https:\\\/\\\/blog.panasonic.es\\\/lumix\\\/\"},{\"@type\":\"ListItem\",\"position\":2,\"name\":\"Blog\",\"item\":\"https:\\\/\\\/blog.panasonic.es\\\/lumix\\\/.\\\/blog\\\/\"},{\"@type\":\"ListItem\",\"position\":3,\"name\":\"Panasonic, reconocida con dos premios TIPA por sus c\u00e1maras Lumix GM5 y LX100\"}]},{\"@type\":\"WebSite\",\"@id\":\"https:\\\/\\\/blog.panasonic.es\\\/lumix\\\/#website\",\"url\":\"https:\\\/\\\/blog.panasonic.es\\\/lumix\\\/\",\"name\":\"Lumix\",\"description\":\"LUMIX, Motion. Picture. Perfect\",\"publisher\":{\"@id\":\"https:\\\/\\\/blog.panasonic.es\\\/lumix\\\/#organization\"},\"potentialAction\":[{\"@type\":\"SearchAction\",\"target\":{\"@type\":\"EntryPoint\",\"urlTemplate\":\"https:\\\/\\\/blog.panasonic.es\\\/lumix\\\/?s={search_term_string}\"},\"query-input\":{\"@type\":\"PropertyValueSpecification\",\"valueRequired\":true,\"valueName\":\"search_term_string\"}}],\"inLanguage\":\"es\"},{\"@type\":\"Organization\",\"@id\":\"https:\\\/\\\/blog.panasonic.es\\\/lumix\\\/#organization\",\"name\":\"Lumix\",\"url\":\"https:\\\/\\\/blog.panasonic.es\\\/lumix\\\/\",\"logo\":{\"@type\":\"ImageObject\",\"inLanguage\":\"es\",\"@id\":\"https:\\\/\\\/blog.panasonic.es\\\/lumix\\\/#\\\/schema\\\/logo\\\/image\\\/\",\"url\":\"https:\\\/\\\/blog.panasonic.es\\\/lumix\\\/wp-content\\\/uploads\\\/2021\\\/09\\\/logo-blanco.svg\",\"contentUrl\":\"https:\\\/\\\/blog.panasonic.es\\\/lumix\\\/wp-content\\\/uploads\\\/2021\\\/09\\\/logo-blanco.svg\",\"width\":309,\"height\":38,\"caption\":\"Lumix\"},\"image\":{\"@id\":\"https:\\\/\\\/blog.panasonic.es\\\/lumix\\\/#\\\/schema\\\/logo\\\/image\\\/\"}},{\"@type\":\"Person\",\"@id\":\"https:\\\/\\\/blog.panasonic.es\\\/lumix\\\/#\\\/schema\\\/person\\\/963a6a04c721c06e25e665ca89a43d19\",\"name\":\"Lumix\",\"description\":\"LUMIX. Motion. Picture. Perfect. Apoyando estrechamente a los creadores, quienes lideran la cultura de la imagen, LUMIX proporciona una experiencia que les permite ser creativos como ellos desean, independientemente de si realizan im\u00e1genes fotograf\u00edas o v\u00eddeos. Queremos convertirnos en una marca que est\u00e9 con ellos, transmitiendo nuevas emociones juntos, sobrepasando los l\u00edmites de la creaci\u00f3n audiovisual. Esta es la idea y el significado de nuestro eslogan Motion. Picture. Perfect.\",\"sameAs\":[\"https:\\\/\\\/www.panasonic.com\\\/es\\\/\",\"anne.cohen\"],\"url\":\"https:\\\/\\\/blog.panasonic.es\\\/lumix\\\/embajador\\\/panasonic\\\/\"}]}<\/script>\n<!-- \/ Yoast SEO plugin. -->","yoast_head_json":{"title":"Panasonic, reconocida con dos premios TIPA por sus c\u00e1maras Lumix GM5 y LX100","description":"Hemos sido reconocidos con dos premios TIPA 2015, uno de los galardones relevantes en el \u00e1mbito de la fotograf\u00eda y la imagen por nuestra Lumix GM5 y LX100","robots":{"index":"index","follow":"follow","max-snippet":"max-snippet:-1","max-image-preview":"max-image-preview:large","max-video-preview":"max-video-preview:-1"},"canonical":"https:\/\/blog.panasonic.es\/lumix\/panasonic-reconocida-con-dos-premios-tipa-por-sus-camaras-lumix-gm5-y-lx100\/","og_locale":"es_ES","og_type":"article","og_title":"Panasonic, reconocida con dos premios TIPA por sus c\u00e1maras Lumix GM5 y LX100","og_description":"Hemos sido reconocidos con dos premios TIPA 2015, uno de los galardones relevantes en el \u00e1mbito de la fotograf\u00eda y la imagen por nuestra Lumix GM5 y LX100","og_url":"https:\/\/blog.panasonic.es\/lumix\/panasonic-reconocida-con-dos-premios-tipa-por-sus-camaras-lumix-gm5-y-lx100\/","og_site_name":"Lumix","article_published_time":"2015-04-21T15:49:33+00:00","og_image":[{"width":410,"height":389,"url":"https:\/\/blog.panasonic.es\/lumix\/wp-content\/uploads\/2015\/04\/410.png","type":"image\/png"}],"author":"Lumix","twitter_card":"summary_large_image","schema":{"@context":"https:\/\/schema.org","@graph":[{"@type":"Article","@id":"https:\/\/blog.panasonic.es\/lumix\/panasonic-reconocida-con-dos-premios-tipa-por-sus-camaras-lumix-gm5-y-lx100\/#article","isPartOf":{"@id":"https:\/\/blog.panasonic.es\/lumix\/panasonic-reconocida-con-dos-premios-tipa-por-sus-camaras-lumix-gm5-y-lx100\/"},"author":{"name":"Lumix","@id":"https:\/\/blog.panasonic.es\/lumix\/#\/schema\/person\/963a6a04c721c06e25e665ca89a43d19"},"headline":"Panasonic, reconocida con dos premios TIPA por sus c\u00e1maras Lumix GM5 y LX100","datePublished":"2015-04-21T15:49:33+00:00","mainEntityOfPage":{"@id":"https:\/\/blog.panasonic.es\/lumix\/panasonic-reconocida-con-dos-premios-tipa-por-sus-camaras-lumix-gm5-y-lx100\/"},"wordCount":786,"commentCount":0,"publisher":{"@id":"https:\/\/blog.panasonic.es\/lumix\/#organization"},"image":{"@id":"https:\/\/blog.panasonic.es\/lumix\/panasonic-reconocida-con-dos-premios-tipa-por-sus-camaras-lumix-gm5-y-lx100\/#primaryimage"},"thumbnailUrl":"https:\/\/blog.panasonic.es\/lumix\/wp-content\/uploads\/2015\/04\/410.png","articleSection":["Blog"],"inLanguage":"es"},{"@type":"WebPage","@id":"https:\/\/blog.panasonic.es\/lumix\/panasonic-reconocida-con-dos-premios-tipa-por-sus-camaras-lumix-gm5-y-lx100\/","url":"https:\/\/blog.panasonic.es\/lumix\/panasonic-reconocida-con-dos-premios-tipa-por-sus-camaras-lumix-gm5-y-lx100\/","name":"Panasonic, reconocida con dos premios TIPA por sus c\u00e1maras Lumix GM5 y LX100","isPartOf":{"@id":"https:\/\/blog.panasonic.es\/lumix\/#website"},"primaryImageOfPage":{"@id":"https:\/\/blog.panasonic.es\/lumix\/panasonic-reconocida-con-dos-premios-tipa-por-sus-camaras-lumix-gm5-y-lx100\/#primaryimage"},"image":{"@id":"https:\/\/blog.panasonic.es\/lumix\/panasonic-reconocida-con-dos-premios-tipa-por-sus-camaras-lumix-gm5-y-lx100\/#primaryimage"},"thumbnailUrl":"https:\/\/blog.panasonic.es\/lumix\/wp-content\/uploads\/2015\/04\/410.png","datePublished":"2015-04-21T15:49:33+00:00","description":"Hemos sido reconocidos con dos premios TIPA 2015, uno de los galardones relevantes en el \u00e1mbito de la fotograf\u00eda y la imagen por nuestra Lumix GM5 y LX100","breadcrumb":{"@id":"https:\/\/blog.panasonic.es\/lumix\/panasonic-reconocida-con-dos-premios-tipa-por-sus-camaras-lumix-gm5-y-lx100\/#breadcrumb"},"inLanguage":"es","potentialAction":[{"@type":"ReadAction","target":["https:\/\/blog.panasonic.es\/lumix\/panasonic-reconocida-con-dos-premios-tipa-por-sus-camaras-lumix-gm5-y-lx100\/"]}]},{"@type":"ImageObject","inLanguage":"es","@id":"https:\/\/blog.panasonic.es\/lumix\/panasonic-reconocida-con-dos-premios-tipa-por-sus-camaras-lumix-gm5-y-lx100\/#primaryimage","url":"https:\/\/blog.panasonic.es\/lumix\/wp-content\/uploads\/2015\/04\/410.png","contentUrl":"https:\/\/blog.panasonic.es\/lumix\/wp-content\/uploads\/2015\/04\/410.png","width":410,"height":389},{"@type":"BreadcrumbList","@id":"https:\/\/blog.panasonic.es\/lumix\/panasonic-reconocida-con-dos-premios-tipa-por-sus-camaras-lumix-gm5-y-lx100\/#breadcrumb","itemListElement":[{"@type":"ListItem","position":1,"name":"Home","item":"https:\/\/blog.panasonic.es\/lumix\/"},{"@type":"ListItem","position":2,"name":"Blog","item":"https:\/\/blog.panasonic.es\/lumix\/.\/blog\/"},{"@type":"ListItem","position":3,"name":"Panasonic, reconocida con dos premios TIPA por sus c\u00e1maras Lumix GM5 y LX100"}]},{"@type":"WebSite","@id":"https:\/\/blog.panasonic.es\/lumix\/#website","url":"https:\/\/blog.panasonic.es\/lumix\/","name":"Lumix","description":"LUMIX, Motion. Picture. Perfect","publisher":{"@id":"https:\/\/blog.panasonic.es\/lumix\/#organization"},"potentialAction":[{"@type":"SearchAction","target":{"@type":"EntryPoint","urlTemplate":"https:\/\/blog.panasonic.es\/lumix\/?s={search_term_string}"},"query-input":{"@type":"PropertyValueSpecification","valueRequired":true,"valueName":"search_term_string"}}],"inLanguage":"es"},{"@type":"Organization","@id":"https:\/\/blog.panasonic.es\/lumix\/#organization","name":"Lumix","url":"https:\/\/blog.panasonic.es\/lumix\/","logo":{"@type":"ImageObject","inLanguage":"es","@id":"https:\/\/blog.panasonic.es\/lumix\/#\/schema\/logo\/image\/","url":"https:\/\/blog.panasonic.es\/lumix\/wp-content\/uploads\/2021\/09\/logo-blanco.svg","contentUrl":"https:\/\/blog.panasonic.es\/lumix\/wp-content\/uploads\/2021\/09\/logo-blanco.svg","width":309,"height":38,"caption":"Lumix"},"image":{"@id":"https:\/\/blog.panasonic.es\/lumix\/#\/schema\/logo\/image\/"}},{"@type":"Person","@id":"https:\/\/blog.panasonic.es\/lumix\/#\/schema\/person\/963a6a04c721c06e25e665ca89a43d19","name":"Lumix","description":"LUMIX. Motion. Picture. Perfect. Apoyando estrechamente a los creadores, quienes lideran la cultura de la imagen, LUMIX proporciona una experiencia que les permite ser creativos como ellos desean, independientemente de si realizan im\u00e1genes fotograf\u00edas o v\u00eddeos. Queremos convertirnos en una marca que est\u00e9 con ellos, transmitiendo nuevas emociones juntos, sobrepasando los l\u00edmites de la creaci\u00f3n audiovisual. Esta es la idea y el significado de nuestro eslogan Motion. Picture. Perfect.","sameAs":["https:\/\/www.panasonic.com\/es\/","anne.cohen"],"url":"https:\/\/blog.panasonic.es\/lumix\/embajador\/panasonic\/"}]}},"_links":{"self":[{"href":"https:\/\/blog.panasonic.es\/lumix\/wp-json\/wp\/v2\/posts\/12060","targetHints":{"allow":["GET"]}}],"collection":[{"href":"https:\/\/blog.panasonic.es\/lumix\/wp-json\/wp\/v2\/posts"}],"about":[{"href":"https:\/\/blog.panasonic.es\/lumix\/wp-json\/wp\/v2\/types\/post"}],"author":[{"embeddable":true,"href":"https:\/\/blog.panasonic.es\/lumix\/wp-json\/wp\/v2\/users\/3"}],"replies":[{"embeddable":true,"href":"https:\/\/blog.panasonic.es\/lumix\/wp-json\/wp\/v2\/comments?post=12060"}],"version-history":[{"count":0,"href":"https:\/\/blog.panasonic.es\/lumix\/wp-json\/wp\/v2\/posts\/12060\/revisions"}],"wp:featuredmedia":[{"embeddable":true,"href":"https:\/\/blog.panasonic.es\/lumix\/wp-json\/wp\/v2\/media\/12065"}],"wp:attachment":[{"href":"https:\/\/blog.panasonic.es\/lumix\/wp-json\/wp\/v2\/media?parent=12060"}],"wp:term":[{"taxonomy":"category","embeddable":true,"href":"https:\/\/blog.panasonic.es\/lumix\/wp-json\/wp\/v2\/categories?post=12060"},{"taxonomy":"post_tag","embeddable":true,"href":"https:\/\/blog.panasonic.es\/lumix\/wp-json\/wp\/v2\/tags?post=12060"}],"curies":[{"name":"wp","href":"https:\/\/api.w.org\/{rel}","templated":true}]}}