{"id":12269,"date":"2015-06-02T13:28:47","date_gmt":"2015-06-02T11:28:47","guid":{"rendered":"http:\/\/blog.panasonic.es\/?p=12269"},"modified":"2015-06-02T13:28:47","modified_gmt":"2015-06-02T11:28:47","slug":"lumixandme-ahora-es-tu-momento","status":"publish","type":"post","link":"https:\/\/blog.panasonic.es\/lumix\/lumixandme-ahora-es-tu-momento\/","title":{"rendered":"#LumixandMe \u00a1Ahora es tu momento!"},"content":{"rendered":"<p>En nuestra cuenta de instagram <a href=\"https:\/\/instagram.com\/lumix_fotografia\/\" target=\"_blank\" rel=\"noopener\">@Lumix_fotografia<\/a>\u00a0llevamos mucho tiempo compartiendo con vosotros im\u00e1genes\u00a0de art\u00edstas de todo el mundo. Ya iba siendo hora de cederte\u00a0la palabra \u00bfno crees?\u00a0Nosotros\u00a0s\u00ed.\u00a0\u00a0<strong>\u00a1Ahora es tu momento!<\/strong><\/p>\n<p><img fetchpriority=\"high\" decoding=\"async\" class=\"aligncenter size-full wp-image-12271\" src=\"https:\/\/blog.panasonic.es\/lumix\/wp-content\/uploads\/2015\/05\/banner_mail_lumixandme_v1.jpg\" alt=\"lumixandme\" width=\"713\" height=\"137\" srcset=\"https:\/\/blog.panasonic.es\/lumix\/wp-content\/uploads\/2015\/05\/banner_mail_lumixandme_v1.jpg 713w, https:\/\/blog.panasonic.es\/lumix\/wp-content\/uploads\/2015\/05\/banner_mail_lumixandme_v1-600x115.jpg 600w\" sizes=\"(max-width: 713px) 100vw, 713px\" \/><\/p>\n<p>&nbsp;<\/p>\n<p>S\u00ed, ahora queremos que seas t\u00fa el protagonista de nuestro instagram y de nuestro blog y lo hacemos con #LumixandMe.<\/p>\n<p>\u00bfPero que es<strong> #LumixandMe<\/strong>?\u00a0Cada semana hemos compartido y seguiremos compartiendo una fotograf\u00eda de Instagram con este\u00a0hashtag para que&#8230;<strong>\u00a0\u00a1Nuestro perfil de Instagram sea\u00a0tuyo!<\/strong><\/p>\n<p>Adem\u00e1s con las fotograf\u00edas seleccionadas\u00a0dedicamos una vez al mes,\u00a0<strong>este\u00a0espacio en nuestro blog <\/strong>. De esta forma, queremos convertir el blog de Panasonic en una gran galer\u00eda fotogr\u00e1fica donde todos est\u00e1is invitados a comentar y valorar.\u00a0Nuestro objetivo es conocer a todos aquellos fot\u00f3grafos y artistas espa\u00f1oles que est\u00e9n dispuestos a dar lo mejor de s\u00ed mismos, demostrar de lo que son capaces de hacer con su c\u00e1mara y aportarles reconocimiento a trav\u00e9s de nuestra cuenta instagram.<\/p>\n<p>\u00bfQuer\u00e9is ver lo que m\u00e1s nos ha\u00a0emocionado\u00a0este mes? Os vamos a ense\u00f1ar las fotograf\u00edas #LumixAndMe, as\u00ed como los comentarios de sus respectivos autores.<\/p>\n<p>&nbsp;<\/p>\n<p><a href=\"https:\/\/blog.panasonic.es\/lumix\/wp-content\/uploads\/2015\/05\/Ineta.jpg\"><img decoding=\"async\" class=\"alignnone size-full wp-image-12418\" src=\"https:\/\/blog.panasonic.es\/lumix\/wp-content\/uploads\/2015\/05\/Ineta.jpg\" alt=\"Ineta\" width=\"640\" height=\"640\" srcset=\"https:\/\/blog.panasonic.es\/lumix\/wp-content\/uploads\/2015\/05\/Ineta.jpg 640w, https:\/\/blog.panasonic.es\/lumix\/wp-content\/uploads\/2015\/05\/Ineta-300x300.jpg 300w, https:\/\/blog.panasonic.es\/lumix\/wp-content\/uploads\/2015\/05\/Ineta-600x600.jpg 600w\" sizes=\"(max-width: 640px) 100vw, 640px\" \/><\/a><\/p>\n<div class=\"ibContent\" data-reactid=\".2k.0.1.0.1.0.0.1.0.1.0.$c980370849988280764:0.1\"><a class=\"cNameLink\" href=\"https:\/\/instagram.com\/lneta\/\" data-reactid=\".2k.0.1.0.1.0.0.1.0.1.0.$c980370849988280764:0.1.0\">lneta<\/a> <span data-reactid=\".2k.0.1.0.1.0.0.1.0.1.0.$c980370849988280764:0.1.2:0\"><span data-reactid=\".2k.0.1.0.1.0.0.1.0.1.0.$c980370849988280764:0.1.2:0.$text0:0:$text0:0\">Wow que sorpresa!!! Muchas gracias al equipo de <\/span><a href=\"https:\/\/instagram.com\/lumix_fotografia\/\" data-reactid=\".2k.0.1.0.1.0.0.1.0.1.0.$c980370849988280764:0.1.2:0.$text0:0:$entity0:0\">@lumix_fotografia<\/a><span data-reactid=\".2k.0.1.0.1.0.0.1.0.1.0.$c980370849988280764:0.1.2:0.$text0:0:$end:0\"> por elegir esta imagen a la que tengo mucho cari\u00f1o y por darme esta oportunidad &#x1f60a;&#x1f60a;&#x1f609;&#x1f44d;&#x1f389;<\/span><\/span><\/div>\n<p>&nbsp;<\/p>\n<p>&nbsp;<\/p>\n<div class=\"ibContent\" data-reactid=\".2k.0.1.0.1.0.0.1.0.1.0.$c980370849988280764:0.1\"><a href=\"https:\/\/blog.panasonic.es\/lumix\/wp-content\/uploads\/2015\/05\/nt_arte.jpg\"><img decoding=\"async\" class=\"alignnone size-full wp-image-12421\" src=\"https:\/\/blog.panasonic.es\/lumix\/wp-content\/uploads\/2015\/05\/nt_arte.jpg\" alt=\"nt_arte\" width=\"640\" height=\"640\" srcset=\"https:\/\/blog.panasonic.es\/lumix\/wp-content\/uploads\/2015\/05\/nt_arte.jpg 640w, https:\/\/blog.panasonic.es\/lumix\/wp-content\/uploads\/2015\/05\/nt_arte-300x300.jpg 300w, https:\/\/blog.panasonic.es\/lumix\/wp-content\/uploads\/2015\/05\/nt_arte-600x600.jpg 600w\" sizes=\"(max-width: 640px) 100vw, 640px\" \/><\/a><\/div>\n<div class=\"ibContent\" data-reactid=\".2k.0.1.0.1.0.0.1.0.1.0.$c980370849988280764:0.1\"><\/div>\n<div class=\"ibContent\" data-reactid=\".2k.0.1.0.1.0.0.1.0.1.0.$c980370849988280764:0.1\">\n<div class=\"ibContent\" data-reactid=\".2r.0.1.0.1.0.0.1.0.1.0.$c985511740587573970:0.1\"><a class=\"cNameLink\" href=\"https:\/\/instagram.com\/nt_arte\/\" data-reactid=\".2r.0.1.0.1.0.0.1.0.1.0.$c985511740587573970:0.1.0\">nt_arte<\/a><span data-reactid=\".2r.0.1.0.1.0.0.1.0.1.0.$c985511740587573970:0.1.2:0\"><span data-reactid=\".2r.0.1.0.1.0.0.1.0.1.0.$c985511740587573970:0.1.2:0.$text0:0:$end:0\">Much\u00edsimas gracias!!!!!&#x1f49e;&#x1f49e;&#x1f49e;<\/span><\/span><\/div>\n<\/div>\n<p>&nbsp;<\/p>\n<div class=\"ibContent\" data-reactid=\".2r.0.1.0.1.0.0.1.0.1.0.$c985511740587573970:0.1\"><a href=\"https:\/\/blog.panasonic.es\/lumix\/wp-content\/uploads\/2015\/05\/evablancofotografia.jpg\"><img loading=\"lazy\" decoding=\"async\" class=\"alignnone size-full wp-image-12420\" src=\"https:\/\/blog.panasonic.es\/lumix\/wp-content\/uploads\/2015\/05\/evablancofotografia.jpg\" alt=\"evablancofotografia\" width=\"640\" height=\"640\" srcset=\"https:\/\/blog.panasonic.es\/lumix\/wp-content\/uploads\/2015\/05\/evablancofotografia.jpg 640w, https:\/\/blog.panasonic.es\/lumix\/wp-content\/uploads\/2015\/05\/evablancofotografia-300x300.jpg 300w, https:\/\/blog.panasonic.es\/lumix\/wp-content\/uploads\/2015\/05\/evablancofotografia-600x600.jpg 600w\" sizes=\"(max-width: 640px) 100vw, 640px\" \/><\/a><\/div>\n<div class=\"ibContent\" data-reactid=\".2k.0.1.0.1.0.0.1.0.1.0.$c980370849988280764:0.1\"><\/div>\n<div class=\"ibContent\" data-reactid=\".b.0.1.0.1.0.0.1.0.1.0.$c990564661238891471:0.1\"><a class=\"cNameLink\" href=\"https:\/\/instagram.com\/evablancofotografia\/\" data-reactid=\".b.0.1.0.1.0.0.1.0.1.0.$c990564661238891471:0.1.0\">evablancofotografia<\/a> <span data-reactid=\".b.0.1.0.1.0.0.1.0.1.0.$c990564661238891471:0.1.2:0\"><span data-reactid=\".b.0.1.0.1.0.0.1.0.1.0.$c990564661238891471:0.1.2:0.$text0:0:$text0:0\">GRACIAS GRACIAS y mil gracias <\/span><a href=\"https:\/\/instagram.com\/lumix_fotografia\/\" data-reactid=\".b.0.1.0.1.0.0.1.0.1.0.$c990564661238891471:0.1.2:0.$text0:0:$entity0:0\">@lumix_fotografia<\/a><span data-reactid=\".b.0.1.0.1.0.0.1.0.1.0.$c990564661238891471:0.1.2:0.$text0:0:$end:0\"> &#x1f604; &#x1f604; &#x1f604; Todo un honor que me hay\u00e1is seleccionado y pertenecer a vuestra galer\u00eda. Como hace el peque de la foto&#8230;..a sonre\u00edr, que es gratis!! &#x1f609;<\/span><\/span><\/div>\n<p>&nbsp;<\/p>\n<div class=\"ibContent\" data-reactid=\".b.0.1.0.1.0.0.1.0.1.0.$c990564661238891471:0.1\"><a href=\"https:\/\/blog.panasonic.es\/lumix\/wp-content\/uploads\/2015\/05\/domingon1946.jpg\"><img loading=\"lazy\" decoding=\"async\" class=\"alignnone size-full wp-image-12419\" src=\"https:\/\/blog.panasonic.es\/lumix\/wp-content\/uploads\/2015\/05\/domingon1946.jpg\" alt=\"domingon1946\" width=\"640\" height=\"640\" srcset=\"https:\/\/blog.panasonic.es\/lumix\/wp-content\/uploads\/2015\/05\/domingon1946.jpg 640w, https:\/\/blog.panasonic.es\/lumix\/wp-content\/uploads\/2015\/05\/domingon1946-300x300.jpg 300w, https:\/\/blog.panasonic.es\/lumix\/wp-content\/uploads\/2015\/05\/domingon1946-600x600.jpg 600w\" sizes=\"(max-width: 640px) 100vw, 640px\" \/><\/a><\/div>\n<div class=\"ibContent\" data-reactid=\".b.0.1.0.1.0.0.1.0.1.0.$c990564661238891471:0.1\"><\/div>\n<div class=\"ImageBlock Voice Comment\" data-reactid=\".5.0.1.0.1.0.0.1.0.1.0.$c995697494630531389:0\">\n<div class=\"ibContent\" data-reactid=\".5.0.1.0.1.0.0.1.0.1.0.$c995697494630531389:0.1\"><a class=\"cNameLink\" href=\"https:\/\/instagram.com\/domingon1946\/\" data-reactid=\".5.0.1.0.1.0.0.1.0.1.0.$c995697494630531389:0.1.0\">domingon1946<\/a><span data-reactid=\".5.0.1.0.1.0.0.1.0.1.0.$c995697494630531389:0.1.2:0\"><span data-reactid=\".5.0.1.0.1.0.0.1.0.1.0.$c995697494630531389:0.1.2:0.$text0:0:$text0:0\">Muy agradecido amigos de <\/span><a href=\"https:\/\/instagram.com\/lumix_fotografia\/\" data-reactid=\".5.0.1.0.1.0.0.1.0.1.0.$c995697494630531389:0.1.2:0.$text0:0:$entity0:0\">@lumix_fotografia<\/a><span data-reactid=\".5.0.1.0.1.0.0.1.0.1.0.$c995697494630531389:0.1.2:0.$text0:0:$end:0\"> por vuestra menci\u00f3n todo un honor que compartir\u00e9 con seguidores y amigos!!<br \/>\n<\/span><\/span><\/div>\n<\/div>\n<div class=\"ibContent\" data-reactid=\".5.0.1.0.1.0.0.1.0.1.0.$c995697494630531389:0.1\"><\/div>\n<div class=\"ibContent\" data-reactid=\".5.0.1.0.1.0.0.1.0.1.0.$c995697494630531389:0.1\"><\/div>\n<div class=\"ibContent\" data-reactid=\".5.0.1.0.1.0.0.1.0.1.0.$c995697494630531389:0.1\"><\/div>\n<p>&nbsp;<\/p>\n<p>&nbsp;<\/p>\n<p>Ahora esperamos vuestros comentarios y valoraciones de\u00a0nuestras\u00a0<strong>#LumixandMe<\/strong> de la semana.<\/p>\n<p>&nbsp;<\/p>\n<p>Pod\u00e9is utilizar la siguiente galer\u00eda para \u00a0hacerlo&#8230;\u00a0<strong>\u00a1No os\u00a0cort\u00e9is!<\/strong><\/p>\n<p>&nbsp;<\/p>\n[wppa type=\u00bbalbum\u00bb album=\u00bb2&#8243;][\/wppa]\n<p>&nbsp;<\/p>\n<p><em>\u00bfQuieres convertirte en el pr\u00f3ximo protagonista de nuestro instagram?<\/em> \u00a1Comparte tus fotograf\u00edas con el hashtag <strong>#LumixandMe<\/strong>!<\/p>\n<p>&nbsp;<\/p>\n<p>&nbsp;    \t<\/p>\n","protected":false},"excerpt":{"rendered":"<p>En nuestra cuenta de instagram @Lumix_fotografia\u00a0llevamos mucho tiempo compartiendo con vosotros im\u00e1genes\u00a0de art\u00edstas de todo el mundo. Ya iba siendo hora de cederte\u00a0la palabra \u00bfno crees?\u00a0Nosotros\u00a0s\u00ed.\u00a0\u00a0\u00a1Ahora es tu momento! &nbsp; S\u00ed, ahora queremos que seas t\u00fa el protagonista de nuestro instagram y de nuestro blog y lo hacemos con #LumixandMe. \u00bfPero que es #LumixandMe?\u00a0Cada semana &#8230; <a title=\"#LumixandMe \u00a1Ahora es tu momento!\" class=\"read-more\" href=\"https:\/\/blog.panasonic.es\/lumix\/lumixandme-ahora-es-tu-momento\/\" aria-label=\"Leer m\u00e1s sobre #LumixandMe \u00a1Ahora es tu momento!\">Leer m\u00e1s<\/a><\/p>\n","protected":false},"author":3,"featured_media":12423,"comment_status":"open","ping_status":"open","sticky":false,"template":"","format":"standard","meta":{"_acf_changed":false,"footnotes":""},"categories":[26],"tags":[],"class_list":["post-12269","post","type-post","status-publish","format-standard","has-post-thumbnail","hentry","category-blog"],"acf":[],"yoast_head":"<!-- This site is optimized with the Yoast SEO plugin v27.4 - https:\/\/yoast.com\/product\/yoast-seo-wordpress\/ -->\n<title>#LumixandMe \u00a1Ahora es tu momento! - Lumix<\/title>\n<meta name=\"description\" content=\"\u00bfTe gusta compartir tu pasi\u00f3n por lafotograf\u00eda en tu cuenta de instagram? Si es as\u00ed, te puedes convertir en el protagonista de la semana con #LumixAndMe.\" \/>\n<meta name=\"robots\" content=\"index, follow, max-snippet:-1, max-image-preview:large, max-video-preview:-1\" \/>\n<link rel=\"canonical\" href=\"https:\/\/blog.panasonic.es\/lumix\/lumixandme-ahora-es-tu-momento\/\" \/>\n<meta property=\"og:locale\" content=\"es_ES\" \/>\n<meta property=\"og:type\" content=\"article\" \/>\n<meta property=\"og:title\" content=\"#LumixandMe \u00a1Ahora es tu momento! - Lumix\" \/>\n<meta property=\"og:description\" content=\"\u00bfTe gusta compartir tu pasi\u00f3n por lafotograf\u00eda en tu cuenta de instagram? Si es as\u00ed, te puedes convertir en el protagonista de la semana con #LumixAndMe.\" \/>\n<meta property=\"og:url\" content=\"https:\/\/blog.panasonic.es\/lumix\/lumixandme-ahora-es-tu-momento\/\" \/>\n<meta property=\"og:site_name\" content=\"Lumix\" \/>\n<meta property=\"article:published_time\" content=\"2015-06-02T11:28:47+00:00\" \/>\n<meta property=\"og:image\" content=\"https:\/\/blog.panasonic.es\/lumix\/wp-content\/uploads\/2015\/05\/ganadores.jpg\" \/>\n\t<meta property=\"og:image:width\" content=\"600\" \/>\n\t<meta property=\"og:image:height\" content=\"600\" \/>\n\t<meta property=\"og:image:type\" content=\"image\/jpeg\" \/>\n<meta name=\"author\" content=\"Lumix\" \/>\n<meta name=\"twitter:card\" content=\"summary_large_image\" \/>\n<script type=\"application\/ld+json\" class=\"yoast-schema-graph\">{\"@context\":\"https:\\\/\\\/schema.org\",\"@graph\":[{\"@type\":\"Article\",\"@id\":\"https:\\\/\\\/blog.panasonic.es\\\/lumix\\\/lumixandme-ahora-es-tu-momento\\\/#article\",\"isPartOf\":{\"@id\":\"https:\\\/\\\/blog.panasonic.es\\\/lumix\\\/lumixandme-ahora-es-tu-momento\\\/\"},\"author\":{\"name\":\"Lumix\",\"@id\":\"https:\\\/\\\/blog.panasonic.es\\\/lumix\\\/#\\\/schema\\\/person\\\/963a6a04c721c06e25e665ca89a43d19\"},\"headline\":\"#LumixandMe \u00a1Ahora es tu momento!\",\"datePublished\":\"2015-06-02T11:28:47+00:00\",\"mainEntityOfPage\":{\"@id\":\"https:\\\/\\\/blog.panasonic.es\\\/lumix\\\/lumixandme-ahora-es-tu-momento\\\/\"},\"wordCount\":385,\"commentCount\":0,\"publisher\":{\"@id\":\"https:\\\/\\\/blog.panasonic.es\\\/lumix\\\/#organization\"},\"image\":{\"@id\":\"https:\\\/\\\/blog.panasonic.es\\\/lumix\\\/lumixandme-ahora-es-tu-momento\\\/#primaryimage\"},\"thumbnailUrl\":\"https:\\\/\\\/blog.panasonic.es\\\/lumix\\\/wp-content\\\/uploads\\\/2015\\\/05\\\/ganadores.jpg\",\"articleSection\":[\"Blog\"],\"inLanguage\":\"es\"},{\"@type\":\"WebPage\",\"@id\":\"https:\\\/\\\/blog.panasonic.es\\\/lumix\\\/lumixandme-ahora-es-tu-momento\\\/\",\"url\":\"https:\\\/\\\/blog.panasonic.es\\\/lumix\\\/lumixandme-ahora-es-tu-momento\\\/\",\"name\":\"#LumixandMe \u00a1Ahora es tu momento! - Lumix\",\"isPartOf\":{\"@id\":\"https:\\\/\\\/blog.panasonic.es\\\/lumix\\\/#website\"},\"primaryImageOfPage\":{\"@id\":\"https:\\\/\\\/blog.panasonic.es\\\/lumix\\\/lumixandme-ahora-es-tu-momento\\\/#primaryimage\"},\"image\":{\"@id\":\"https:\\\/\\\/blog.panasonic.es\\\/lumix\\\/lumixandme-ahora-es-tu-momento\\\/#primaryimage\"},\"thumbnailUrl\":\"https:\\\/\\\/blog.panasonic.es\\\/lumix\\\/wp-content\\\/uploads\\\/2015\\\/05\\\/ganadores.jpg\",\"datePublished\":\"2015-06-02T11:28:47+00:00\",\"description\":\"\u00bfTe gusta compartir tu pasi\u00f3n por lafotograf\u00eda en tu cuenta de instagram? Si es as\u00ed, te puedes convertir en el protagonista de la semana con #LumixAndMe.\",\"breadcrumb\":{\"@id\":\"https:\\\/\\\/blog.panasonic.es\\\/lumix\\\/lumixandme-ahora-es-tu-momento\\\/#breadcrumb\"},\"inLanguage\":\"es\",\"potentialAction\":[{\"@type\":\"ReadAction\",\"target\":[\"https:\\\/\\\/blog.panasonic.es\\\/lumix\\\/lumixandme-ahora-es-tu-momento\\\/\"]}]},{\"@type\":\"ImageObject\",\"inLanguage\":\"es\",\"@id\":\"https:\\\/\\\/blog.panasonic.es\\\/lumix\\\/lumixandme-ahora-es-tu-momento\\\/#primaryimage\",\"url\":\"https:\\\/\\\/blog.panasonic.es\\\/lumix\\\/wp-content\\\/uploads\\\/2015\\\/05\\\/ganadores.jpg\",\"contentUrl\":\"https:\\\/\\\/blog.panasonic.es\\\/lumix\\\/wp-content\\\/uploads\\\/2015\\\/05\\\/ganadores.jpg\",\"width\":600,\"height\":600},{\"@type\":\"BreadcrumbList\",\"@id\":\"https:\\\/\\\/blog.panasonic.es\\\/lumix\\\/lumixandme-ahora-es-tu-momento\\\/#breadcrumb\",\"itemListElement\":[{\"@type\":\"ListItem\",\"position\":1,\"name\":\"Home\",\"item\":\"https:\\\/\\\/blog.panasonic.es\\\/lumix\\\/\"},{\"@type\":\"ListItem\",\"position\":2,\"name\":\"Blog\",\"item\":\"https:\\\/\\\/blog.panasonic.es\\\/lumix\\\/.\\\/blog\\\/\"},{\"@type\":\"ListItem\",\"position\":3,\"name\":\"#LumixandMe \u00a1Ahora es tu momento!\"}]},{\"@type\":\"WebSite\",\"@id\":\"https:\\\/\\\/blog.panasonic.es\\\/lumix\\\/#website\",\"url\":\"https:\\\/\\\/blog.panasonic.es\\\/lumix\\\/\",\"name\":\"Lumix\",\"description\":\"LUMIX, Motion. Picture. Perfect\",\"publisher\":{\"@id\":\"https:\\\/\\\/blog.panasonic.es\\\/lumix\\\/#organization\"},\"potentialAction\":[{\"@type\":\"SearchAction\",\"target\":{\"@type\":\"EntryPoint\",\"urlTemplate\":\"https:\\\/\\\/blog.panasonic.es\\\/lumix\\\/?s={search_term_string}\"},\"query-input\":{\"@type\":\"PropertyValueSpecification\",\"valueRequired\":true,\"valueName\":\"search_term_string\"}}],\"inLanguage\":\"es\"},{\"@type\":\"Organization\",\"@id\":\"https:\\\/\\\/blog.panasonic.es\\\/lumix\\\/#organization\",\"name\":\"Lumix\",\"url\":\"https:\\\/\\\/blog.panasonic.es\\\/lumix\\\/\",\"logo\":{\"@type\":\"ImageObject\",\"inLanguage\":\"es\",\"@id\":\"https:\\\/\\\/blog.panasonic.es\\\/lumix\\\/#\\\/schema\\\/logo\\\/image\\\/\",\"url\":\"https:\\\/\\\/blog.panasonic.es\\\/lumix\\\/wp-content\\\/uploads\\\/2021\\\/09\\\/logo-blanco.svg\",\"contentUrl\":\"https:\\\/\\\/blog.panasonic.es\\\/lumix\\\/wp-content\\\/uploads\\\/2021\\\/09\\\/logo-blanco.svg\",\"width\":309,\"height\":38,\"caption\":\"Lumix\"},\"image\":{\"@id\":\"https:\\\/\\\/blog.panasonic.es\\\/lumix\\\/#\\\/schema\\\/logo\\\/image\\\/\"}},{\"@type\":\"Person\",\"@id\":\"https:\\\/\\\/blog.panasonic.es\\\/lumix\\\/#\\\/schema\\\/person\\\/963a6a04c721c06e25e665ca89a43d19\",\"name\":\"Lumix\",\"description\":\"LUMIX. Motion. Picture. Perfect. Apoyando estrechamente a los creadores, quienes lideran la cultura de la imagen, LUMIX proporciona una experiencia que les permite ser creativos como ellos desean, independientemente de si realizan im\u00e1genes fotograf\u00edas o v\u00eddeos. Queremos convertirnos en una marca que est\u00e9 con ellos, transmitiendo nuevas emociones juntos, sobrepasando los l\u00edmites de la creaci\u00f3n audiovisual. Esta es la idea y el significado de nuestro eslogan Motion. Picture. Perfect.\",\"sameAs\":[\"https:\\\/\\\/www.panasonic.com\\\/es\\\/\",\"anne.cohen\"],\"url\":\"https:\\\/\\\/blog.panasonic.es\\\/lumix\\\/embajador\\\/panasonic\\\/\"}]}<\/script>\n<!-- \/ Yoast SEO plugin. -->","yoast_head_json":{"title":"#LumixandMe \u00a1Ahora es tu momento! - Lumix","description":"\u00bfTe gusta compartir tu pasi\u00f3n por lafotograf\u00eda en tu cuenta de instagram? Si es as\u00ed, te puedes convertir en el protagonista de la semana con #LumixAndMe.","robots":{"index":"index","follow":"follow","max-snippet":"max-snippet:-1","max-image-preview":"max-image-preview:large","max-video-preview":"max-video-preview:-1"},"canonical":"https:\/\/blog.panasonic.es\/lumix\/lumixandme-ahora-es-tu-momento\/","og_locale":"es_ES","og_type":"article","og_title":"#LumixandMe \u00a1Ahora es tu momento! - Lumix","og_description":"\u00bfTe gusta compartir tu pasi\u00f3n por lafotograf\u00eda en tu cuenta de instagram? Si es as\u00ed, te puedes convertir en el protagonista de la semana con #LumixAndMe.","og_url":"https:\/\/blog.panasonic.es\/lumix\/lumixandme-ahora-es-tu-momento\/","og_site_name":"Lumix","article_published_time":"2015-06-02T11:28:47+00:00","og_image":[{"width":600,"height":600,"url":"https:\/\/blog.panasonic.es\/lumix\/wp-content\/uploads\/2015\/05\/ganadores.jpg","type":"image\/jpeg"}],"author":"Lumix","twitter_card":"summary_large_image","schema":{"@context":"https:\/\/schema.org","@graph":[{"@type":"Article","@id":"https:\/\/blog.panasonic.es\/lumix\/lumixandme-ahora-es-tu-momento\/#article","isPartOf":{"@id":"https:\/\/blog.panasonic.es\/lumix\/lumixandme-ahora-es-tu-momento\/"},"author":{"name":"Lumix","@id":"https:\/\/blog.panasonic.es\/lumix\/#\/schema\/person\/963a6a04c721c06e25e665ca89a43d19"},"headline":"#LumixandMe \u00a1Ahora es tu momento!","datePublished":"2015-06-02T11:28:47+00:00","mainEntityOfPage":{"@id":"https:\/\/blog.panasonic.es\/lumix\/lumixandme-ahora-es-tu-momento\/"},"wordCount":385,"commentCount":0,"publisher":{"@id":"https:\/\/blog.panasonic.es\/lumix\/#organization"},"image":{"@id":"https:\/\/blog.panasonic.es\/lumix\/lumixandme-ahora-es-tu-momento\/#primaryimage"},"thumbnailUrl":"https:\/\/blog.panasonic.es\/lumix\/wp-content\/uploads\/2015\/05\/ganadores.jpg","articleSection":["Blog"],"inLanguage":"es"},{"@type":"WebPage","@id":"https:\/\/blog.panasonic.es\/lumix\/lumixandme-ahora-es-tu-momento\/","url":"https:\/\/blog.panasonic.es\/lumix\/lumixandme-ahora-es-tu-momento\/","name":"#LumixandMe \u00a1Ahora es tu momento! - Lumix","isPartOf":{"@id":"https:\/\/blog.panasonic.es\/lumix\/#website"},"primaryImageOfPage":{"@id":"https:\/\/blog.panasonic.es\/lumix\/lumixandme-ahora-es-tu-momento\/#primaryimage"},"image":{"@id":"https:\/\/blog.panasonic.es\/lumix\/lumixandme-ahora-es-tu-momento\/#primaryimage"},"thumbnailUrl":"https:\/\/blog.panasonic.es\/lumix\/wp-content\/uploads\/2015\/05\/ganadores.jpg","datePublished":"2015-06-02T11:28:47+00:00","description":"\u00bfTe gusta compartir tu pasi\u00f3n por lafotograf\u00eda en tu cuenta de instagram? Si es as\u00ed, te puedes convertir en el protagonista de la semana con #LumixAndMe.","breadcrumb":{"@id":"https:\/\/blog.panasonic.es\/lumix\/lumixandme-ahora-es-tu-momento\/#breadcrumb"},"inLanguage":"es","potentialAction":[{"@type":"ReadAction","target":["https:\/\/blog.panasonic.es\/lumix\/lumixandme-ahora-es-tu-momento\/"]}]},{"@type":"ImageObject","inLanguage":"es","@id":"https:\/\/blog.panasonic.es\/lumix\/lumixandme-ahora-es-tu-momento\/#primaryimage","url":"https:\/\/blog.panasonic.es\/lumix\/wp-content\/uploads\/2015\/05\/ganadores.jpg","contentUrl":"https:\/\/blog.panasonic.es\/lumix\/wp-content\/uploads\/2015\/05\/ganadores.jpg","width":600,"height":600},{"@type":"BreadcrumbList","@id":"https:\/\/blog.panasonic.es\/lumix\/lumixandme-ahora-es-tu-momento\/#breadcrumb","itemListElement":[{"@type":"ListItem","position":1,"name":"Home","item":"https:\/\/blog.panasonic.es\/lumix\/"},{"@type":"ListItem","position":2,"name":"Blog","item":"https:\/\/blog.panasonic.es\/lumix\/.\/blog\/"},{"@type":"ListItem","position":3,"name":"#LumixandMe \u00a1Ahora es tu momento!"}]},{"@type":"WebSite","@id":"https:\/\/blog.panasonic.es\/lumix\/#website","url":"https:\/\/blog.panasonic.es\/lumix\/","name":"Lumix","description":"LUMIX, Motion. Picture. Perfect","publisher":{"@id":"https:\/\/blog.panasonic.es\/lumix\/#organization"},"potentialAction":[{"@type":"SearchAction","target":{"@type":"EntryPoint","urlTemplate":"https:\/\/blog.panasonic.es\/lumix\/?s={search_term_string}"},"query-input":{"@type":"PropertyValueSpecification","valueRequired":true,"valueName":"search_term_string"}}],"inLanguage":"es"},{"@type":"Organization","@id":"https:\/\/blog.panasonic.es\/lumix\/#organization","name":"Lumix","url":"https:\/\/blog.panasonic.es\/lumix\/","logo":{"@type":"ImageObject","inLanguage":"es","@id":"https:\/\/blog.panasonic.es\/lumix\/#\/schema\/logo\/image\/","url":"https:\/\/blog.panasonic.es\/lumix\/wp-content\/uploads\/2021\/09\/logo-blanco.svg","contentUrl":"https:\/\/blog.panasonic.es\/lumix\/wp-content\/uploads\/2021\/09\/logo-blanco.svg","width":309,"height":38,"caption":"Lumix"},"image":{"@id":"https:\/\/blog.panasonic.es\/lumix\/#\/schema\/logo\/image\/"}},{"@type":"Person","@id":"https:\/\/blog.panasonic.es\/lumix\/#\/schema\/person\/963a6a04c721c06e25e665ca89a43d19","name":"Lumix","description":"LUMIX. Motion. Picture. Perfect. Apoyando estrechamente a los creadores, quienes lideran la cultura de la imagen, LUMIX proporciona una experiencia que les permite ser creativos como ellos desean, independientemente de si realizan im\u00e1genes fotograf\u00edas o v\u00eddeos. Queremos convertirnos en una marca que est\u00e9 con ellos, transmitiendo nuevas emociones juntos, sobrepasando los l\u00edmites de la creaci\u00f3n audiovisual. Esta es la idea y el significado de nuestro eslogan Motion. Picture. Perfect.","sameAs":["https:\/\/www.panasonic.com\/es\/","anne.cohen"],"url":"https:\/\/blog.panasonic.es\/lumix\/embajador\/panasonic\/"}]}},"_links":{"self":[{"href":"https:\/\/blog.panasonic.es\/lumix\/wp-json\/wp\/v2\/posts\/12269","targetHints":{"allow":["GET"]}}],"collection":[{"href":"https:\/\/blog.panasonic.es\/lumix\/wp-json\/wp\/v2\/posts"}],"about":[{"href":"https:\/\/blog.panasonic.es\/lumix\/wp-json\/wp\/v2\/types\/post"}],"author":[{"embeddable":true,"href":"https:\/\/blog.panasonic.es\/lumix\/wp-json\/wp\/v2\/users\/3"}],"replies":[{"embeddable":true,"href":"https:\/\/blog.panasonic.es\/lumix\/wp-json\/wp\/v2\/comments?post=12269"}],"version-history":[{"count":0,"href":"https:\/\/blog.panasonic.es\/lumix\/wp-json\/wp\/v2\/posts\/12269\/revisions"}],"wp:featuredmedia":[{"embeddable":true,"href":"https:\/\/blog.panasonic.es\/lumix\/wp-json\/wp\/v2\/media\/12423"}],"wp:attachment":[{"href":"https:\/\/blog.panasonic.es\/lumix\/wp-json\/wp\/v2\/media?parent=12269"}],"wp:term":[{"taxonomy":"category","embeddable":true,"href":"https:\/\/blog.panasonic.es\/lumix\/wp-json\/wp\/v2\/categories?post=12269"},{"taxonomy":"post_tag","embeddable":true,"href":"https:\/\/blog.panasonic.es\/lumix\/wp-json\/wp\/v2\/tags?post=12269"}],"curies":[{"name":"wp","href":"https:\/\/api.w.org\/{rel}","templated":true}]}}