{"id":13256,"date":"2015-09-15T11:29:44","date_gmt":"2015-09-15T09:29:44","guid":{"rendered":"http:\/\/blog.panasonic.es\/?p=13256"},"modified":"2015-09-15T11:29:44","modified_gmt":"2015-09-15T09:29:44","slug":"familia-sin-fronteras-viajar-mundo-lumix-g7","status":"publish","type":"post","link":"https:\/\/blog.panasonic.es\/lumix\/familia-sin-fronteras-viajar-mundo-lumix-g7\/","title":{"rendered":"Familia sin fronteras: Viajando por el mundo con una Lumix G7"},"content":{"rendered":"<p>Thomas y Anna Alboth, los padres de la \u00abFamilia sin fronteras\u00bb, son los encargados de demostrar que la nueva <strong><a href=\"http:\/\/www.panasonic.com\/es\/consumer\/camaras-y-videocamaras\/camaras-lumixg\/dmc-g7kec-k.html\" target=\"_blank\" rel=\"noopener\">Lumix G7<\/a><\/strong> es una c\u00e1mara ideal para\u00a0viajar. Esta familia de Berl\u00edn (tienen dos hijas, Hanna y Mila) tiene un blog, <a href=\"http:\/\/thefamilywithoutborders.com\" target=\"_blank\" rel=\"noopener\">Family Without Borders<\/a>, donde cuentan\u00a0y muestran sus aventuras. Su blog es uno de los blogs familiares m\u00e1s grandes de toda Europa.<\/p>\n<p><img fetchpriority=\"high\" decoding=\"async\" class=\"aligncenter wp-image-13257 size-large\" src=\"https:\/\/blog.panasonic.es\/wp-content\/uploads\/2015\/09\/01_Family-Travel-Blog-Panasonic-Lumix-Cooperation-1024x768.jpg\" alt=\"The Family Without Borders on the Road with Panasonic Lumix\" width=\"713\" height=\"535\" srcset=\"https:\/\/blog.panasonic.es\/lumix\/wp-content\/uploads\/2015\/09\/01_Family-Travel-Blog-Panasonic-Lumix-Cooperation-1024x768.jpg 1024w, https:\/\/blog.panasonic.es\/lumix\/wp-content\/uploads\/2015\/09\/01_Family-Travel-Blog-Panasonic-Lumix-Cooperation-768x576.jpg 768w, https:\/\/blog.panasonic.es\/lumix\/wp-content\/uploads\/2015\/09\/01_Family-Travel-Blog-Panasonic-Lumix-Cooperation-600x450.jpg 600w, https:\/\/blog.panasonic.es\/lumix\/wp-content\/uploads\/2015\/09\/01_Family-Travel-Blog-Panasonic-Lumix-Cooperation.jpg 1100w\" sizes=\"(max-width: 713px) 100vw, 713px\" \/><\/p>\n<p>Thomas y Anna usan la nueva Lumix G7 <a href=\"http:\/\/thefamilywithoutborders.com\/faces-of-the-campaign-panasonic-lumix-2015-06-10\/\" target=\"_blank\" rel=\"noopener\">para capturar los viajes con sus hijas<\/a>. \u00bfY por qu\u00e9 la nueva G7? Pues porque que combina <strong>v\u00eddeo impresionante en 4K<\/strong>, <strong>fotograf\u00edas en alta resoluci\u00f3n<\/strong> y un conjunto de <strong>funciones ideales<\/strong> para capturar cada detalle con la m\u00e1xima calidad.<\/p>\n<p>\u00ab<strong>La fotograf\u00eda juega un papel importante en nuestros viajes<\/strong> y como puedes imaginar necesitamos mantener nuestro equipaje tan peque\u00f1o como sea posible &#8211; \u00a1Somos cuatro! Por eso la Lumix G7 <a href=\"http:\/\/thefamilywithoutborders.com\/lumix-g7-panasonic-review-2015-06-26\/\" target=\"_blank\" rel=\"noopener\">es una c\u00e1mara fant\u00e1stica<\/a>, porque no solamente nos da grandes im\u00e1genes sino que <strong>es mucho m\u00e1s peque\u00f1a que la mayor\u00eda de c\u00e1maras con objetivos intercambiables<\/strong>. Siempre la puedes llevar encima para capturar esos momentos que no se repetir\u00e1n nunca.\u00bb<\/p>\n<figure id=\"attachment_13258\" aria-describedby=\"caption-attachment-13258\" style=\"width: 703px\" class=\"wp-caption aligncenter\"><a href=\"https:\/\/blog.panasonic.es\/lumix\/wp-content\/uploads\/2015\/09\/04_Family-Travel-Blog-Panasonic-Lumix-Cooperation.jpg\"><img decoding=\"async\" class=\"wp-image-13258 size-large\" src=\"https:\/\/blog.panasonic.es\/wp-content\/uploads\/2015\/09\/04_Family-Travel-Blog-Panasonic-Lumix-Cooperation-767x1024.jpg\" alt=\"Thomas, Anna, Hanna y Mila\" width=\"713\" height=\"952\" srcset=\"https:\/\/blog.panasonic.es\/lumix\/wp-content\/uploads\/2015\/09\/04_Family-Travel-Blog-Panasonic-Lumix-Cooperation-767x1024.jpg 767w, https:\/\/blog.panasonic.es\/lumix\/wp-content\/uploads\/2015\/09\/04_Family-Travel-Blog-Panasonic-Lumix-Cooperation-768x1025.jpg 768w, https:\/\/blog.panasonic.es\/lumix\/wp-content\/uploads\/2015\/09\/04_Family-Travel-Blog-Panasonic-Lumix-Cooperation-449x600.jpg 449w, https:\/\/blog.panasonic.es\/lumix\/wp-content\/uploads\/2015\/09\/04_Family-Travel-Blog-Panasonic-Lumix-Cooperation.jpg 824w\" sizes=\"(max-width: 713px) 100vw, 713px\" \/><\/a><figcaption id=\"caption-attachment-13258\" class=\"wp-caption-text\">Thomas, Anna, Hanna y Mila<\/figcaption><\/figure>\n<p>\u00abPara m\u00ed la regla de oro es no tener demasiados planes y estar abierto a\u00a0lo que vaya pasando. Con la funci\u00f3n 4K Photo puedo extraer una imagen desde un v\u00eddeo, lo que significa que ahora tengo la oportunidad de\u00a0inmortalizar esos momentos espont\u00e1neos, y lo m\u00e1s importante, <strong>enfocados<\/strong>.\u00bb<\/p>\n<p><img decoding=\"async\" class=\"aligncenter wp-image-13259 size-large\" src=\"https:\/\/blog.panasonic.es\/wp-content\/uploads\/2015\/09\/05_Family-Travel-Blog-Panasonic-Lumix-Cooperation-1024x683.jpg\" alt=\"The Family Without Borders on the Road with Panasonic Lumix\" width=\"713\" height=\"476\" srcset=\"https:\/\/blog.panasonic.es\/lumix\/wp-content\/uploads\/2015\/09\/05_Family-Travel-Blog-Panasonic-Lumix-Cooperation-1024x683.jpg 1024w, https:\/\/blog.panasonic.es\/lumix\/wp-content\/uploads\/2015\/09\/05_Family-Travel-Blog-Panasonic-Lumix-Cooperation-768x512.jpg 768w, https:\/\/blog.panasonic.es\/lumix\/wp-content\/uploads\/2015\/09\/05_Family-Travel-Blog-Panasonic-Lumix-Cooperation-600x400.jpg 600w, https:\/\/blog.panasonic.es\/lumix\/wp-content\/uploads\/2015\/09\/05_Family-Travel-Blog-Panasonic-Lumix-Cooperation.jpg 1100w\" sizes=\"(max-width: 713px) 100vw, 713px\" \/><\/p>\n<p>Perfecta para el fot\u00f3grafo amateur que busca producir im\u00e1genes de calidad profesional, la <strong><a href=\"http:\/\/www.panasonic.com\/es\/consumer\/camaras-y-videocamaras\/camaras-lumixg\/dmc-g7kec-k.html\" target=\"_blank\" rel=\"noopener\">Lumix G7<\/a><\/strong> y sus 16MPx ha sido dise\u00f1ada para <strong>facilitar su uso sin comprometer el rendimiento<\/strong>. Adem\u00e1s, sus 410 gramos de peso (cuerpo, bater\u00eda y SD) la convierten en la compa\u00f1era ideal de viaje.    \t<\/p>\n","protected":false},"excerpt":{"rendered":"<p>Thomas y Anna Alboth, los padres de la \u00abFamilia sin fronteras\u00bb, son los encargados de demostrar que la nueva Lumix G7 es una c\u00e1mara ideal para\u00a0viajar. Esta familia de Berl\u00edn (tienen dos hijas, Hanna y Mila) tiene un blog, Family Without Borders, donde cuentan\u00a0y muestran sus aventuras. Su blog es uno de los blogs familiares &#8230; <a title=\"Familia sin fronteras: Viajando por el mundo con una Lumix G7\" class=\"read-more\" href=\"https:\/\/blog.panasonic.es\/lumix\/familia-sin-fronteras-viajar-mundo-lumix-g7\/\" aria-label=\"Leer m\u00e1s sobre Familia sin fronteras: Viajando por el mundo con una Lumix G7\">Leer m\u00e1s<\/a><\/p>\n","protected":false},"author":3,"featured_media":13257,"comment_status":"open","ping_status":"open","sticky":false,"template":"","format":"standard","meta":{"_acf_changed":false,"footnotes":""},"categories":[26],"tags":[],"class_list":["post-13256","post","type-post","status-publish","format-standard","has-post-thumbnail","hentry","category-blog"],"acf":[],"yoast_head":"<!-- This site is optimized with the Yoast SEO plugin v27.4 - https:\/\/yoast.com\/product\/yoast-seo-wordpress\/ -->\n<title>Familia sin fronteras: Viajando por el mundo con una Lumix G7 - Lumix<\/title>\n<meta name=\"description\" content=\"Thomas y Anna Alboth nos cuentan sus viajes, con fotos y v\u00eddeos hechos con su c\u00e1mara Lumix G7 ,\" \/>\n<meta name=\"robots\" content=\"index, follow, max-snippet:-1, max-image-preview:large, max-video-preview:-1\" \/>\n<link rel=\"canonical\" href=\"https:\/\/blog.panasonic.es\/lumix\/familia-sin-fronteras-viajar-mundo-lumix-g7\/\" \/>\n<meta property=\"og:locale\" content=\"es_ES\" \/>\n<meta property=\"og:type\" content=\"article\" \/>\n<meta property=\"og:title\" content=\"Familia sin fronteras: Viajando por el mundo con una Lumix G7 - Lumix\" \/>\n<meta property=\"og:description\" content=\"Thomas y Anna Alboth nos cuentan sus viajes, con fotos y v\u00eddeos hechos con su c\u00e1mara Lumix G7 ,\" \/>\n<meta property=\"og:url\" content=\"https:\/\/blog.panasonic.es\/lumix\/familia-sin-fronteras-viajar-mundo-lumix-g7\/\" \/>\n<meta property=\"og:site_name\" content=\"Lumix\" \/>\n<meta property=\"article:published_time\" content=\"2015-09-15T09:29:44+00:00\" \/>\n<meta property=\"og:image\" content=\"https:\/\/blog.panasonic.es\/lumix\/wp-content\/uploads\/2015\/09\/01_Family-Travel-Blog-Panasonic-Lumix-Cooperation.jpg\" \/>\n\t<meta property=\"og:image:width\" content=\"1100\" \/>\n\t<meta property=\"og:image:height\" content=\"825\" \/>\n\t<meta property=\"og:image:type\" content=\"image\/jpeg\" \/>\n<meta name=\"author\" content=\"Lumix\" \/>\n<meta name=\"twitter:card\" content=\"summary_large_image\" \/>\n<script type=\"application\/ld+json\" class=\"yoast-schema-graph\">{\"@context\":\"https:\\\/\\\/schema.org\",\"@graph\":[{\"@type\":\"Article\",\"@id\":\"https:\\\/\\\/blog.panasonic.es\\\/lumix\\\/familia-sin-fronteras-viajar-mundo-lumix-g7\\\/#article\",\"isPartOf\":{\"@id\":\"https:\\\/\\\/blog.panasonic.es\\\/lumix\\\/familia-sin-fronteras-viajar-mundo-lumix-g7\\\/\"},\"author\":{\"name\":\"Lumix\",\"@id\":\"https:\\\/\\\/blog.panasonic.es\\\/lumix\\\/#\\\/schema\\\/person\\\/963a6a04c721c06e25e665ca89a43d19\"},\"headline\":\"Familia sin fronteras: Viajando por el mundo con una Lumix G7\",\"datePublished\":\"2015-09-15T09:29:44+00:00\",\"mainEntityOfPage\":{\"@id\":\"https:\\\/\\\/blog.panasonic.es\\\/lumix\\\/familia-sin-fronteras-viajar-mundo-lumix-g7\\\/\"},\"wordCount\":323,\"commentCount\":0,\"publisher\":{\"@id\":\"https:\\\/\\\/blog.panasonic.es\\\/lumix\\\/#organization\"},\"image\":{\"@id\":\"https:\\\/\\\/blog.panasonic.es\\\/lumix\\\/familia-sin-fronteras-viajar-mundo-lumix-g7\\\/#primaryimage\"},\"thumbnailUrl\":\"https:\\\/\\\/blog.panasonic.es\\\/lumix\\\/wp-content\\\/uploads\\\/2015\\\/09\\\/01_Family-Travel-Blog-Panasonic-Lumix-Cooperation.jpg\",\"articleSection\":[\"Blog\"],\"inLanguage\":\"es\"},{\"@type\":\"WebPage\",\"@id\":\"https:\\\/\\\/blog.panasonic.es\\\/lumix\\\/familia-sin-fronteras-viajar-mundo-lumix-g7\\\/\",\"url\":\"https:\\\/\\\/blog.panasonic.es\\\/lumix\\\/familia-sin-fronteras-viajar-mundo-lumix-g7\\\/\",\"name\":\"Familia sin fronteras: Viajando por el mundo con una Lumix G7 - Lumix\",\"isPartOf\":{\"@id\":\"https:\\\/\\\/blog.panasonic.es\\\/lumix\\\/#website\"},\"primaryImageOfPage\":{\"@id\":\"https:\\\/\\\/blog.panasonic.es\\\/lumix\\\/familia-sin-fronteras-viajar-mundo-lumix-g7\\\/#primaryimage\"},\"image\":{\"@id\":\"https:\\\/\\\/blog.panasonic.es\\\/lumix\\\/familia-sin-fronteras-viajar-mundo-lumix-g7\\\/#primaryimage\"},\"thumbnailUrl\":\"https:\\\/\\\/blog.panasonic.es\\\/lumix\\\/wp-content\\\/uploads\\\/2015\\\/09\\\/01_Family-Travel-Blog-Panasonic-Lumix-Cooperation.jpg\",\"datePublished\":\"2015-09-15T09:29:44+00:00\",\"description\":\"Thomas y Anna Alboth nos cuentan sus viajes, con fotos y v\u00eddeos hechos con su c\u00e1mara Lumix G7 ,\",\"breadcrumb\":{\"@id\":\"https:\\\/\\\/blog.panasonic.es\\\/lumix\\\/familia-sin-fronteras-viajar-mundo-lumix-g7\\\/#breadcrumb\"},\"inLanguage\":\"es\",\"potentialAction\":[{\"@type\":\"ReadAction\",\"target\":[\"https:\\\/\\\/blog.panasonic.es\\\/lumix\\\/familia-sin-fronteras-viajar-mundo-lumix-g7\\\/\"]}]},{\"@type\":\"ImageObject\",\"inLanguage\":\"es\",\"@id\":\"https:\\\/\\\/blog.panasonic.es\\\/lumix\\\/familia-sin-fronteras-viajar-mundo-lumix-g7\\\/#primaryimage\",\"url\":\"https:\\\/\\\/blog.panasonic.es\\\/lumix\\\/wp-content\\\/uploads\\\/2015\\\/09\\\/01_Family-Travel-Blog-Panasonic-Lumix-Cooperation.jpg\",\"contentUrl\":\"https:\\\/\\\/blog.panasonic.es\\\/lumix\\\/wp-content\\\/uploads\\\/2015\\\/09\\\/01_Family-Travel-Blog-Panasonic-Lumix-Cooperation.jpg\",\"width\":1100,\"height\":825},{\"@type\":\"BreadcrumbList\",\"@id\":\"https:\\\/\\\/blog.panasonic.es\\\/lumix\\\/familia-sin-fronteras-viajar-mundo-lumix-g7\\\/#breadcrumb\",\"itemListElement\":[{\"@type\":\"ListItem\",\"position\":1,\"name\":\"Home\",\"item\":\"https:\\\/\\\/blog.panasonic.es\\\/lumix\\\/\"},{\"@type\":\"ListItem\",\"position\":2,\"name\":\"Blog\",\"item\":\"https:\\\/\\\/blog.panasonic.es\\\/lumix\\\/.\\\/blog\\\/\"},{\"@type\":\"ListItem\",\"position\":3,\"name\":\"Familia sin fronteras: Viajando por el mundo con una Lumix G7\"}]},{\"@type\":\"WebSite\",\"@id\":\"https:\\\/\\\/blog.panasonic.es\\\/lumix\\\/#website\",\"url\":\"https:\\\/\\\/blog.panasonic.es\\\/lumix\\\/\",\"name\":\"Lumix\",\"description\":\"LUMIX, Motion. Picture. Perfect\",\"publisher\":{\"@id\":\"https:\\\/\\\/blog.panasonic.es\\\/lumix\\\/#organization\"},\"potentialAction\":[{\"@type\":\"SearchAction\",\"target\":{\"@type\":\"EntryPoint\",\"urlTemplate\":\"https:\\\/\\\/blog.panasonic.es\\\/lumix\\\/?s={search_term_string}\"},\"query-input\":{\"@type\":\"PropertyValueSpecification\",\"valueRequired\":true,\"valueName\":\"search_term_string\"}}],\"inLanguage\":\"es\"},{\"@type\":\"Organization\",\"@id\":\"https:\\\/\\\/blog.panasonic.es\\\/lumix\\\/#organization\",\"name\":\"Lumix\",\"url\":\"https:\\\/\\\/blog.panasonic.es\\\/lumix\\\/\",\"logo\":{\"@type\":\"ImageObject\",\"inLanguage\":\"es\",\"@id\":\"https:\\\/\\\/blog.panasonic.es\\\/lumix\\\/#\\\/schema\\\/logo\\\/image\\\/\",\"url\":\"https:\\\/\\\/blog.panasonic.es\\\/lumix\\\/wp-content\\\/uploads\\\/2021\\\/09\\\/logo-blanco.svg\",\"contentUrl\":\"https:\\\/\\\/blog.panasonic.es\\\/lumix\\\/wp-content\\\/uploads\\\/2021\\\/09\\\/logo-blanco.svg\",\"width\":309,\"height\":38,\"caption\":\"Lumix\"},\"image\":{\"@id\":\"https:\\\/\\\/blog.panasonic.es\\\/lumix\\\/#\\\/schema\\\/logo\\\/image\\\/\"}},{\"@type\":\"Person\",\"@id\":\"https:\\\/\\\/blog.panasonic.es\\\/lumix\\\/#\\\/schema\\\/person\\\/963a6a04c721c06e25e665ca89a43d19\",\"name\":\"Lumix\",\"description\":\"LUMIX. Motion. Picture. Perfect. Apoyando estrechamente a los creadores, quienes lideran la cultura de la imagen, LUMIX proporciona una experiencia que les permite ser creativos como ellos desean, independientemente de si realizan im\u00e1genes fotograf\u00edas o v\u00eddeos. Queremos convertirnos en una marca que est\u00e9 con ellos, transmitiendo nuevas emociones juntos, sobrepasando los l\u00edmites de la creaci\u00f3n audiovisual. Esta es la idea y el significado de nuestro eslogan Motion. Picture. Perfect.\",\"sameAs\":[\"https:\\\/\\\/www.panasonic.com\\\/es\\\/\",\"anne.cohen\"],\"url\":\"https:\\\/\\\/blog.panasonic.es\\\/lumix\\\/embajador\\\/panasonic\\\/\"}]}<\/script>\n<!-- \/ Yoast SEO plugin. -->","yoast_head_json":{"title":"Familia sin fronteras: Viajando por el mundo con una Lumix G7 - Lumix","description":"Thomas y Anna Alboth nos cuentan sus viajes, con fotos y v\u00eddeos hechos con su c\u00e1mara Lumix G7 ,","robots":{"index":"index","follow":"follow","max-snippet":"max-snippet:-1","max-image-preview":"max-image-preview:large","max-video-preview":"max-video-preview:-1"},"canonical":"https:\/\/blog.panasonic.es\/lumix\/familia-sin-fronteras-viajar-mundo-lumix-g7\/","og_locale":"es_ES","og_type":"article","og_title":"Familia sin fronteras: Viajando por el mundo con una Lumix G7 - Lumix","og_description":"Thomas y Anna Alboth nos cuentan sus viajes, con fotos y v\u00eddeos hechos con su c\u00e1mara Lumix G7 ,","og_url":"https:\/\/blog.panasonic.es\/lumix\/familia-sin-fronteras-viajar-mundo-lumix-g7\/","og_site_name":"Lumix","article_published_time":"2015-09-15T09:29:44+00:00","og_image":[{"width":1100,"height":825,"url":"https:\/\/blog.panasonic.es\/lumix\/wp-content\/uploads\/2015\/09\/01_Family-Travel-Blog-Panasonic-Lumix-Cooperation.jpg","type":"image\/jpeg"}],"author":"Lumix","twitter_card":"summary_large_image","schema":{"@context":"https:\/\/schema.org","@graph":[{"@type":"Article","@id":"https:\/\/blog.panasonic.es\/lumix\/familia-sin-fronteras-viajar-mundo-lumix-g7\/#article","isPartOf":{"@id":"https:\/\/blog.panasonic.es\/lumix\/familia-sin-fronteras-viajar-mundo-lumix-g7\/"},"author":{"name":"Lumix","@id":"https:\/\/blog.panasonic.es\/lumix\/#\/schema\/person\/963a6a04c721c06e25e665ca89a43d19"},"headline":"Familia sin fronteras: Viajando por el mundo con una Lumix G7","datePublished":"2015-09-15T09:29:44+00:00","mainEntityOfPage":{"@id":"https:\/\/blog.panasonic.es\/lumix\/familia-sin-fronteras-viajar-mundo-lumix-g7\/"},"wordCount":323,"commentCount":0,"publisher":{"@id":"https:\/\/blog.panasonic.es\/lumix\/#organization"},"image":{"@id":"https:\/\/blog.panasonic.es\/lumix\/familia-sin-fronteras-viajar-mundo-lumix-g7\/#primaryimage"},"thumbnailUrl":"https:\/\/blog.panasonic.es\/lumix\/wp-content\/uploads\/2015\/09\/01_Family-Travel-Blog-Panasonic-Lumix-Cooperation.jpg","articleSection":["Blog"],"inLanguage":"es"},{"@type":"WebPage","@id":"https:\/\/blog.panasonic.es\/lumix\/familia-sin-fronteras-viajar-mundo-lumix-g7\/","url":"https:\/\/blog.panasonic.es\/lumix\/familia-sin-fronteras-viajar-mundo-lumix-g7\/","name":"Familia sin fronteras: Viajando por el mundo con una Lumix G7 - Lumix","isPartOf":{"@id":"https:\/\/blog.panasonic.es\/lumix\/#website"},"primaryImageOfPage":{"@id":"https:\/\/blog.panasonic.es\/lumix\/familia-sin-fronteras-viajar-mundo-lumix-g7\/#primaryimage"},"image":{"@id":"https:\/\/blog.panasonic.es\/lumix\/familia-sin-fronteras-viajar-mundo-lumix-g7\/#primaryimage"},"thumbnailUrl":"https:\/\/blog.panasonic.es\/lumix\/wp-content\/uploads\/2015\/09\/01_Family-Travel-Blog-Panasonic-Lumix-Cooperation.jpg","datePublished":"2015-09-15T09:29:44+00:00","description":"Thomas y Anna Alboth nos cuentan sus viajes, con fotos y v\u00eddeos hechos con su c\u00e1mara Lumix G7 ,","breadcrumb":{"@id":"https:\/\/blog.panasonic.es\/lumix\/familia-sin-fronteras-viajar-mundo-lumix-g7\/#breadcrumb"},"inLanguage":"es","potentialAction":[{"@type":"ReadAction","target":["https:\/\/blog.panasonic.es\/lumix\/familia-sin-fronteras-viajar-mundo-lumix-g7\/"]}]},{"@type":"ImageObject","inLanguage":"es","@id":"https:\/\/blog.panasonic.es\/lumix\/familia-sin-fronteras-viajar-mundo-lumix-g7\/#primaryimage","url":"https:\/\/blog.panasonic.es\/lumix\/wp-content\/uploads\/2015\/09\/01_Family-Travel-Blog-Panasonic-Lumix-Cooperation.jpg","contentUrl":"https:\/\/blog.panasonic.es\/lumix\/wp-content\/uploads\/2015\/09\/01_Family-Travel-Blog-Panasonic-Lumix-Cooperation.jpg","width":1100,"height":825},{"@type":"BreadcrumbList","@id":"https:\/\/blog.panasonic.es\/lumix\/familia-sin-fronteras-viajar-mundo-lumix-g7\/#breadcrumb","itemListElement":[{"@type":"ListItem","position":1,"name":"Home","item":"https:\/\/blog.panasonic.es\/lumix\/"},{"@type":"ListItem","position":2,"name":"Blog","item":"https:\/\/blog.panasonic.es\/lumix\/.\/blog\/"},{"@type":"ListItem","position":3,"name":"Familia sin fronteras: Viajando por el mundo con una Lumix G7"}]},{"@type":"WebSite","@id":"https:\/\/blog.panasonic.es\/lumix\/#website","url":"https:\/\/blog.panasonic.es\/lumix\/","name":"Lumix","description":"LUMIX, Motion. Picture. Perfect","publisher":{"@id":"https:\/\/blog.panasonic.es\/lumix\/#organization"},"potentialAction":[{"@type":"SearchAction","target":{"@type":"EntryPoint","urlTemplate":"https:\/\/blog.panasonic.es\/lumix\/?s={search_term_string}"},"query-input":{"@type":"PropertyValueSpecification","valueRequired":true,"valueName":"search_term_string"}}],"inLanguage":"es"},{"@type":"Organization","@id":"https:\/\/blog.panasonic.es\/lumix\/#organization","name":"Lumix","url":"https:\/\/blog.panasonic.es\/lumix\/","logo":{"@type":"ImageObject","inLanguage":"es","@id":"https:\/\/blog.panasonic.es\/lumix\/#\/schema\/logo\/image\/","url":"https:\/\/blog.panasonic.es\/lumix\/wp-content\/uploads\/2021\/09\/logo-blanco.svg","contentUrl":"https:\/\/blog.panasonic.es\/lumix\/wp-content\/uploads\/2021\/09\/logo-blanco.svg","width":309,"height":38,"caption":"Lumix"},"image":{"@id":"https:\/\/blog.panasonic.es\/lumix\/#\/schema\/logo\/image\/"}},{"@type":"Person","@id":"https:\/\/blog.panasonic.es\/lumix\/#\/schema\/person\/963a6a04c721c06e25e665ca89a43d19","name":"Lumix","description":"LUMIX. Motion. Picture. Perfect. Apoyando estrechamente a los creadores, quienes lideran la cultura de la imagen, LUMIX proporciona una experiencia que les permite ser creativos como ellos desean, independientemente de si realizan im\u00e1genes fotograf\u00edas o v\u00eddeos. Queremos convertirnos en una marca que est\u00e9 con ellos, transmitiendo nuevas emociones juntos, sobrepasando los l\u00edmites de la creaci\u00f3n audiovisual. Esta es la idea y el significado de nuestro eslogan Motion. Picture. Perfect.","sameAs":["https:\/\/www.panasonic.com\/es\/","anne.cohen"],"url":"https:\/\/blog.panasonic.es\/lumix\/embajador\/panasonic\/"}]}},"_links":{"self":[{"href":"https:\/\/blog.panasonic.es\/lumix\/wp-json\/wp\/v2\/posts\/13256","targetHints":{"allow":["GET"]}}],"collection":[{"href":"https:\/\/blog.panasonic.es\/lumix\/wp-json\/wp\/v2\/posts"}],"about":[{"href":"https:\/\/blog.panasonic.es\/lumix\/wp-json\/wp\/v2\/types\/post"}],"author":[{"embeddable":true,"href":"https:\/\/blog.panasonic.es\/lumix\/wp-json\/wp\/v2\/users\/3"}],"replies":[{"embeddable":true,"href":"https:\/\/blog.panasonic.es\/lumix\/wp-json\/wp\/v2\/comments?post=13256"}],"version-history":[{"count":0,"href":"https:\/\/blog.panasonic.es\/lumix\/wp-json\/wp\/v2\/posts\/13256\/revisions"}],"wp:featuredmedia":[{"embeddable":true,"href":"https:\/\/blog.panasonic.es\/lumix\/wp-json\/wp\/v2\/media\/13257"}],"wp:attachment":[{"href":"https:\/\/blog.panasonic.es\/lumix\/wp-json\/wp\/v2\/media?parent=13256"}],"wp:term":[{"taxonomy":"category","embeddable":true,"href":"https:\/\/blog.panasonic.es\/lumix\/wp-json\/wp\/v2\/categories?post=13256"},{"taxonomy":"post_tag","embeddable":true,"href":"https:\/\/blog.panasonic.es\/lumix\/wp-json\/wp\/v2\/tags?post=13256"}],"curies":[{"name":"wp","href":"https:\/\/api.w.org\/{rel}","templated":true}]}}