{"id":14131,"date":"2016-03-03T11:17:36","date_gmt":"2016-03-03T10:17:36","guid":{"rendered":"http:\/\/blog.panasonic.es\/?p=14131"},"modified":"2016-03-03T11:17:36","modified_gmt":"2016-03-03T10:17:36","slug":"lucena-joao-pessoa-olinda-recife","status":"publish","type":"post","link":"https:\/\/blog.panasonic.es\/lumix\/lucena-joao-pessoa-olinda-recife\/","title":{"rendered":"Lucena, Joao Pessoa, Olinda y Recife &#8211; Sigue la aventura n\u00f3mada con Albert Sans"},"content":{"rendered":"<p><a href=\"https:\/\/blog.panasonic.es\/bloggers_by_lumixg\/natal-pipa-mar-albert-sans\/\">Lo dejamos entre r\u00edos y balsas despu\u00e9s de Pipa<\/a>, y camino de Joao Pessoa la cosa sigue igual. A mi y a Ona nos encanta encantarnos en cada playita y en cada rio que nos cruzan los balseros como si fueran gondoleros de una Venecia selv\u00e1tica.<\/p>\n<p>Incluso nos gusta esperarles durante el contundente retraso que llevan sobre el horario \u201cprevisto\u201d, el paisaje no es el mismo que el del trasbordo de Paseo de Gracia y ya sabemos que <strong>Brasil<\/strong> tiene otro ritmo, as\u00ed que conseguimos un coco al que <strong>sorberle toda el agua<\/strong> y \u201csufrimos\u201d la espera.<\/p>\n<p>La bossa-nova sigue con un tranquilo pedaleo bajo el arco\u00edris que deja alguna tormenta rebelde que da el contrapunto a los cocoteros, el sol, las playas y algunos campos de ca\u00f1a que empiezan a saludar.<\/p>\n<figure id=\"attachment_14140\" aria-describedby=\"caption-attachment-14140\" style=\"width: 790px\" class=\"wp-caption aligncenter\"><a href=\"https:\/\/blog.panasonic.es\/bloggers_by_lumixg\/lucena-joao-pessoa-olinda-recife\/attachment\/p1290826\/\" rel=\"attachment wp-att-14156\"><img fetchpriority=\"high\" decoding=\"async\" class=\"aligncenter size-full wp-image-14156\" src=\"https:\/\/blog.panasonic.es\/lumix\/wp-content\/uploads\/2016\/02\/P1290826.jpg\" alt=\"P1290826\" width=\"800\" height=\"600\" srcset=\"https:\/\/blog.panasonic.es\/lumix\/wp-content\/uploads\/2016\/02\/P1290826.jpg 800w, https:\/\/blog.panasonic.es\/lumix\/wp-content\/uploads\/2016\/02\/P1290826-768x576.jpg 768w, https:\/\/blog.panasonic.es\/lumix\/wp-content\/uploads\/2016\/02\/P1290826-600x450.jpg 600w\" sizes=\"(max-width: 800px) 100vw, 800px\" \/><\/a><figcaption id=\"caption-attachment-14140\" class=\"wp-caption-text\">Fotograf\u00eda realizada con una c\u00e1mara<a href=\"https:\/\/www.panasonic.com\/es\/consumer\/camaras-y-videocamaras\/camaras-lumixg\/dmc-gh3ec-k.html\"> Lumix GH3<\/a><\/figcaption><\/figure>\n<p>Las grandes <strong>plantaciones de cocoteros<\/strong> cada vez son m\u00e1s protagonistas. Ona parece una bicicleta en miniatura al lado los espigados jefes del coco que se adue\u00f1an del caminito a <strong>Lucena<\/strong>, un peque\u00f1o pueblo antes del rio de Joao Pessoa, donde pasar\u00e9 unos d\u00edas resisti\u00e9ndome a pisar la gran ciudad.<\/p>\n<p>Lucena es justo lo que buscamos, calma, mar, amistades, paseos entre mato y acantilados, iglesias abandonadas ocupadas por arboles gigantes que recuerdan a <strong>Barbol<\/strong>, el famoso \u00e1rbol Ent de \u201cEl se\u00f1or de los anillos\u201d, tiempo detenido, <em>couchsurfers<\/em> entra\u00f1ables y prisa ninguna\u2026<\/p>\n<figure id=\"attachment_14150\" aria-describedby=\"caption-attachment-14150\" style=\"width: 790px\" class=\"wp-caption aligncenter\"><a href=\"https:\/\/blog.panasonic.es\/bloggers_by_lumixg\/lucena-joao-pessoa-olinda-recife\/attachment\/p1290985\/\" rel=\"attachment wp-att-14150\"><img decoding=\"async\" class=\"wp-image-14150 size-full\" src=\"https:\/\/blog.panasonic.es\/lumix\/wp-content\/uploads\/2016\/02\/P1290985.jpg\" alt=\"P1290985\" width=\"800\" height=\"480\" srcset=\"https:\/\/blog.panasonic.es\/lumix\/wp-content\/uploads\/2016\/02\/P1290985.jpg 800w, https:\/\/blog.panasonic.es\/lumix\/wp-content\/uploads\/2016\/02\/P1290985-768x461.jpg 768w, https:\/\/blog.panasonic.es\/lumix\/wp-content\/uploads\/2016\/02\/P1290985-600x360.jpg 600w\" sizes=\"(max-width: 800px) 100vw, 800px\" \/><\/a><figcaption id=\"caption-attachment-14150\" class=\"wp-caption-text\">Fotograf\u00eda realizada con una c\u00e1mara<a href=\"https:\/\/www.panasonic.com\/es\/consumer\/camaras-y-videocamaras\/camaras-lumixg\/dmc-gh3ec-k.html\"> Lumix GH3<\/a><\/figcaption><\/figure>\n<p>En estas \u201cno ciudades\u201d los transe\u00fantes son pastores a caballo y los coches sus vacas pastando cerca del mar donde descansan las barquitas pesqueras llamadas Jangadas, que alguna madrugada asaltar\u00e1n los arrecifes en busca de pesca.<\/p>\n<h2>Joao Pessoa<\/h2>\n<p>Mas tarde que temprano toca pasar por Joao Pessoa, donde de nuevo se repite el baile de alg\u00fan tramite imposible fuera de babilonia y el tesoro de las personas que conoces y las experiencias que te brindan trat\u00e1ndote <strong>como si fueras un primo lejano que est\u00e1 de visita<\/strong>. Guitarras, cachorros, risas, cenas&#8230; todo est\u00e1 genial, pero el asfalto me invita a seguir mi camino de regreso a las rutas verdes y doradas rumbo al siguiente monstruito, Recife.<\/p>\n<figure id=\"attachment_14147\" aria-describedby=\"caption-attachment-14147\" style=\"width: 790px\" class=\"wp-caption aligncenter\"><a href=\"https:\/\/blog.panasonic.es\/bloggers_by_lumixg\/lucena-joao-pessoa-olinda-recife\/attachment\/p1300645\/\" rel=\"attachment wp-att-14147\"><img decoding=\"async\" class=\"wp-image-14147 size-full\" src=\"https:\/\/blog.panasonic.es\/lumix\/wp-content\/uploads\/2016\/02\/P1300645.jpg\" alt=\"P1300645\" width=\"800\" height=\"533\" srcset=\"https:\/\/blog.panasonic.es\/lumix\/wp-content\/uploads\/2016\/02\/P1300645.jpg 800w, https:\/\/blog.panasonic.es\/lumix\/wp-content\/uploads\/2016\/02\/P1300645-768x512.jpg 768w, https:\/\/blog.panasonic.es\/lumix\/wp-content\/uploads\/2016\/02\/P1300645-600x400.jpg 600w\" sizes=\"(max-width: 800px) 100vw, 800px\" \/><\/a><figcaption id=\"caption-attachment-14147\" class=\"wp-caption-text\">Fotograf\u00eda realizada con una c\u00e1mara<a href=\"https:\/\/www.panasonic.com\/es\/consumer\/camaras-y-videocamaras\/camaras-lumixg\/dmc-gh3ec-k.html\"> Lumix GH3<\/a><\/figcaption><\/figure>\n<p>El trayecto hasta <strong>Recife<\/strong>, se basa en ir saltando entre calitas paradisiacas y bananeros, ya no recuerdo cuantas veces abr\u00ed la boca alucinado al descubrir esos rincones solitarios y an\u00f3nimos de postal como si fuese el primer explorador que lleg\u00f3 hace eones\u2026 Lujos de n\u00f3mada, gasolina de la aventura.<\/p>\n<p>Dejo <strong>Olinda<\/strong>, que precede a Recife, para despu\u00e9s y me lanzo pedaleando despistado por la costanera urbana saludando como siempre a todo el mundo y charlando o siendo entrevistado por alg\u00fan curioso personaje curioso, hasta que me topo con <strong>un cartel que me despierta de repente<\/strong>.<\/p>\n<p>\u201cPeligro, zona de ataques de tibur\u00f3n\u201d, quer\u00eda creer que era una leyenda, pero no, en Recife el ba\u00f1o es arriesgado, hace a\u00f1os modificaron sus fondos marinos para facilitar el paso de grandes barcos al puerto y desplazaron el h\u00e1bitat de los tiburones hasta la misma playa. Parece voy a aparcar el surf durante un tiempo.<\/p>\n<figure id=\"attachment_14153\" aria-describedby=\"caption-attachment-14153\" style=\"width: 790px\" class=\"wp-caption aligncenter\"><a href=\"https:\/\/blog.panasonic.es\/bloggers_by_lumixg\/lucena-joao-pessoa-olinda-recife\/attachment\/p1300166\/\" rel=\"attachment wp-att-14153\"><img loading=\"lazy\" decoding=\"async\" class=\"wp-image-14153 size-full\" src=\"https:\/\/blog.panasonic.es\/lumix\/wp-content\/uploads\/2016\/02\/P1300166.jpg\" alt=\"P1300166\" width=\"800\" height=\"450\" srcset=\"https:\/\/blog.panasonic.es\/lumix\/wp-content\/uploads\/2016\/02\/P1300166.jpg 800w, https:\/\/blog.panasonic.es\/lumix\/wp-content\/uploads\/2016\/02\/P1300166-768x432.jpg 768w, https:\/\/blog.panasonic.es\/lumix\/wp-content\/uploads\/2016\/02\/P1300166-600x338.jpg 600w\" sizes=\"(max-width: 800px) 100vw, 800px\" \/><\/a><figcaption id=\"caption-attachment-14153\" class=\"wp-caption-text\">Fotograf\u00eda realizada con una c\u00e1mara<a href=\"https:\/\/www.panasonic.com\/es\/consumer\/camaras-y-videocamaras\/camaras-lumixg\/dmc-gh3ec-k.html\"> Lumix GH3<\/a><\/figcaption><\/figure>\n<p>En Recife me espera Wellington, amigo al que conoc\u00ed en <strong>Fernando do Noronha<\/strong> durante la traves\u00eda del Atl\u00e1ntico en velero meses atr\u00e1s. En su acogedora casa hablamos del surf en la \u00e9poca pre-tiburones y disfrutamos de familia, parrilla y la visita aplazada a Olinda.<\/p>\n<p><strong>Olinda<\/strong> para mi definir\u00eda perfectamente esa <strong>sensaci\u00f3n agridulce que me dejan las ciudades<\/strong>. Tiene rincones preciosos, una mezcla de arte, historia y cultura moderna entra\u00f1able. Pero tambi\u00e9n, poluci\u00f3n, caos, decadencia.<\/p>\n<p>No tengo problema en digerir la mezcla entre edificios coloniales y <em>grafitis<\/em>, pero no me gusta la de playas paradisiacas y basura en la arena, ni tampoco la de riqueza tur\u00edstica y abandono de infraestructuras. <strong>Una lastima no poder conciliar las dos cosas<\/strong>. Suerte que las amistades y experiencias ponen la tirita a la herida que me producen las grandes ciudades.<\/p>\n<figure id=\"attachment_14134\" aria-describedby=\"caption-attachment-14134\" style=\"width: 703px\" class=\"wp-caption aligncenter\"><a href=\"https:\/\/blog.panasonic.es\/bloggers_by_lumixg\/lucena-joao-pessoa-olinda-recife\/attachment\/p1300830\/\" rel=\"attachment wp-att-14134\"><img loading=\"lazy\" decoding=\"async\" class=\"wp-image-14134 size-large\" src=\"https:\/\/blog.panasonic.es\/wp-content\/uploads\/2016\/02\/P1300830-768x1024.jpg\" alt=\"P1300830\" width=\"713\" height=\"951\" srcset=\"https:\/\/blog.panasonic.es\/lumix\/wp-content\/uploads\/2016\/02\/P1300830-768x1024.jpg 768w, https:\/\/blog.panasonic.es\/lumix\/wp-content\/uploads\/2016\/02\/P1300830-450x600.jpg 450w, https:\/\/blog.panasonic.es\/lumix\/wp-content\/uploads\/2016\/02\/P1300830.jpg 800w\" sizes=\"(max-width: 713px) 100vw, 713px\" \/><\/a><figcaption id=\"caption-attachment-14134\" class=\"wp-caption-text\">Fotograf\u00eda realizada con una c\u00e1mara<a href=\"https:\/\/www.panasonic.com\/es\/consumer\/camaras-y-videocamaras\/camaras-lumixg\/dmc-gh3ec-k.html\"> Lumix GH3<\/a><\/figcaption><\/figure>\n<p>Tras una semana \u201cRecifeando\u201d, <strong>Ona y yo saltamos un puente rumbo al sur<\/strong> en busca de unas aventuras entra\u00f1ables, sorpresas y olas sin tiburones que nos esperan. Os lo cuento en el pr\u00f3ximo capitulo\u2026 \ud83d\ude09<\/p>\n<div id='gallery-1' class='gallery galleryid-14131 gallery-columns-4 gallery-size-thumbnail'><figure class='gallery-item'>\n\t\t\t<div class='gallery-icon landscape'>\n\t\t\t\t<a href='https:\/\/blog.panasonic.es\/lumix\/wp-content\/uploads\/2016\/02\/P1290832.jpg'><img loading=\"lazy\" decoding=\"async\" width=\"300\" height=\"300\" src=\"https:\/\/blog.panasonic.es\/lumix\/wp-content\/uploads\/2016\/02\/P1290832-300x300.jpg\" class=\"attachment-thumbnail size-thumbnail\" alt=\"\" \/><\/a>\n\t\t\t<\/div><\/figure><figure class='gallery-item'>\n\t\t\t<div class='gallery-icon landscape'>\n\t\t\t\t<a href='https:\/\/blog.panasonic.es\/lumix\/wp-content\/uploads\/2016\/02\/P1290788.jpg'><img loading=\"lazy\" decoding=\"async\" width=\"300\" height=\"300\" src=\"https:\/\/blog.panasonic.es\/lumix\/wp-content\/uploads\/2016\/02\/P1290788-300x300.jpg\" class=\"attachment-thumbnail size-thumbnail\" alt=\"\" \/><\/a>\n\t\t\t<\/div><\/figure><figure class='gallery-item'>\n\t\t\t<div class='gallery-icon landscape'>\n\t\t\t\t<a href='https:\/\/blog.panasonic.es\/lumix\/wp-content\/uploads\/2016\/02\/P1300328.jpg'><img loading=\"lazy\" decoding=\"async\" width=\"300\" height=\"300\" src=\"https:\/\/blog.panasonic.es\/lumix\/wp-content\/uploads\/2016\/02\/P1300328-300x300.jpg\" class=\"attachment-thumbnail size-thumbnail\" alt=\"\" \/><\/a>\n\t\t\t<\/div><\/figure><figure class='gallery-item'>\n\t\t\t<div class='gallery-icon landscape'>\n\t\t\t\t<a href='https:\/\/blog.panasonic.es\/lumix\/wp-content\/uploads\/2016\/02\/P1300166.jpg'><img loading=\"lazy\" decoding=\"async\" width=\"300\" height=\"300\" src=\"https:\/\/blog.panasonic.es\/lumix\/wp-content\/uploads\/2016\/02\/P1300166-300x300.jpg\" class=\"attachment-thumbnail size-thumbnail\" alt=\"\" \/><\/a>\n\t\t\t<\/div><\/figure><figure class='gallery-item'>\n\t\t\t<div class='gallery-icon landscape'>\n\t\t\t\t<a href='https:\/\/blog.panasonic.es\/lumix\/wp-content\/uploads\/2016\/02\/P1290997.jpg'><img loading=\"lazy\" decoding=\"async\" width=\"300\" height=\"300\" src=\"https:\/\/blog.panasonic.es\/lumix\/wp-content\/uploads\/2016\/02\/P1290997-300x300.jpg\" class=\"attachment-thumbnail size-thumbnail\" alt=\"\" \/><\/a>\n\t\t\t<\/div><\/figure><figure class='gallery-item'>\n\t\t\t<div class='gallery-icon landscape'>\n\t\t\t\t<a href='https:\/\/blog.panasonic.es\/lumix\/wp-content\/uploads\/2016\/02\/P1290985.jpg'><img loading=\"lazy\" decoding=\"async\" width=\"300\" height=\"300\" src=\"https:\/\/blog.panasonic.es\/lumix\/wp-content\/uploads\/2016\/02\/P1290985-300x300.jpg\" class=\"attachment-thumbnail size-thumbnail\" alt=\"\" \/><\/a>\n\t\t\t<\/div><\/figure><figure class='gallery-item'>\n\t\t\t<div class='gallery-icon landscape'>\n\t\t\t\t<a href='https:\/\/blog.panasonic.es\/lumix\/wp-content\/uploads\/2016\/02\/P1290976.jpg'><img loading=\"lazy\" decoding=\"async\" width=\"300\" height=\"300\" src=\"https:\/\/blog.panasonic.es\/lumix\/wp-content\/uploads\/2016\/02\/P1290976-300x300.jpg\" class=\"attachment-thumbnail size-thumbnail\" alt=\"\" \/><\/a>\n\t\t\t<\/div><\/figure><figure class='gallery-item'>\n\t\t\t<div class='gallery-icon landscape'>\n\t\t\t\t<a href='https:\/\/blog.panasonic.es\/lumix\/wp-content\/uploads\/2016\/02\/P1300645.jpg'><img loading=\"lazy\" decoding=\"async\" width=\"300\" height=\"300\" src=\"https:\/\/blog.panasonic.es\/lumix\/wp-content\/uploads\/2016\/02\/P1300645-300x300.jpg\" class=\"attachment-thumbnail size-thumbnail\" alt=\"\" \/><\/a>\n\t\t\t<\/div><\/figure><figure class='gallery-item'>\n\t\t\t<div class='gallery-icon landscape'>\n\t\t\t\t<a href='https:\/\/blog.panasonic.es\/lumix\/wp-content\/uploads\/2016\/02\/P1300625.jpg'><img loading=\"lazy\" decoding=\"async\" width=\"300\" height=\"300\" src=\"https:\/\/blog.panasonic.es\/lumix\/wp-content\/uploads\/2016\/02\/P1300625-300x300.jpg\" class=\"attachment-thumbnail size-thumbnail\" alt=\"\" \/><\/a>\n\t\t\t<\/div><\/figure><figure class='gallery-item'>\n\t\t\t<div class='gallery-icon landscape'>\n\t\t\t\t<a href='https:\/\/blog.panasonic.es\/lumix\/wp-content\/uploads\/2016\/02\/P1300521.jpg'><img loading=\"lazy\" decoding=\"async\" width=\"300\" height=\"300\" src=\"https:\/\/blog.panasonic.es\/lumix\/wp-content\/uploads\/2016\/02\/P1300521-300x300.jpg\" class=\"attachment-thumbnail size-thumbnail\" alt=\"\" \/><\/a>\n\t\t\t<\/div><\/figure><figure class='gallery-item'>\n\t\t\t<div class='gallery-icon landscape'>\n\t\t\t\t<a href='https:\/\/blog.panasonic.es\/lumix\/wp-content\/uploads\/2016\/02\/P1300397.jpg'><img loading=\"lazy\" decoding=\"async\" width=\"300\" height=\"300\" src=\"https:\/\/blog.panasonic.es\/lumix\/wp-content\/uploads\/2016\/02\/P1300397-300x300.jpg\" class=\"attachment-thumbnail size-thumbnail\" alt=\"\" \/><\/a>\n\t\t\t<\/div><\/figure><figure class='gallery-item'>\n\t\t\t<div class='gallery-icon landscape'>\n\t\t\t\t<a href='https:\/\/blog.panasonic.es\/lumix\/wp-content\/uploads\/2016\/02\/P1300373.jpg'><img loading=\"lazy\" decoding=\"async\" width=\"300\" height=\"300\" src=\"https:\/\/blog.panasonic.es\/lumix\/wp-content\/uploads\/2016\/02\/P1300373-300x300.jpg\" class=\"attachment-thumbnail size-thumbnail\" alt=\"\" \/><\/a>\n\t\t\t<\/div><\/figure><figure class='gallery-item'>\n\t\t\t<div class='gallery-icon landscape'>\n\t\t\t\t<a href='https:\/\/blog.panasonic.es\/lumix\/wp-content\/uploads\/2016\/02\/P1300813.jpg'><img loading=\"lazy\" decoding=\"async\" width=\"300\" height=\"300\" src=\"https:\/\/blog.panasonic.es\/lumix\/wp-content\/uploads\/2016\/02\/P1300813-300x300.jpg\" class=\"attachment-thumbnail size-thumbnail\" alt=\"\" \/><\/a>\n\t\t\t<\/div><\/figure><figure class='gallery-item'>\n\t\t\t<div class='gallery-icon landscape'>\n\t\t\t\t<a href='https:\/\/blog.panasonic.es\/lumix\/wp-content\/uploads\/2016\/02\/P1290826.jpg'><img loading=\"lazy\" decoding=\"async\" width=\"300\" height=\"300\" src=\"https:\/\/blog.panasonic.es\/lumix\/wp-content\/uploads\/2016\/02\/P1290826-300x300.jpg\" class=\"attachment-thumbnail size-thumbnail\" alt=\"\" \/><\/a>\n\t\t\t<\/div><\/figure><figure class='gallery-item'>\n\t\t\t<div class='gallery-icon landscape'>\n\t\t\t\t<a href='https:\/\/blog.panasonic.es\/lumix\/wp-content\/uploads\/2016\/02\/P1300680.jpg'><img loading=\"lazy\" decoding=\"async\" width=\"300\" height=\"300\" src=\"https:\/\/blog.panasonic.es\/lumix\/wp-content\/uploads\/2016\/02\/P1300680-300x300.jpg\" class=\"attachment-thumbnail size-thumbnail\" alt=\"\" \/><\/a>\n\t\t\t<\/div><\/figure><figure class='gallery-item'>\n\t\t\t<div class='gallery-icon landscape'>\n\t\t\t\t<a href='https:\/\/blog.panasonic.es\/lumix\/wp-content\/uploads\/2016\/02\/P1300852.jpg'><img loading=\"lazy\" decoding=\"async\" width=\"300\" height=\"300\" src=\"https:\/\/blog.panasonic.es\/lumix\/wp-content\/uploads\/2016\/02\/P1300852-300x300.jpg\" class=\"attachment-thumbnail size-thumbnail\" alt=\"\" \/><\/a>\n\t\t\t<\/div><\/figure><figure class='gallery-item'>\n\t\t\t<div class='gallery-icon portrait'>\n\t\t\t\t<a href='https:\/\/blog.panasonic.es\/lumix\/wp-content\/uploads\/2016\/02\/P1300725.jpg'><img loading=\"lazy\" decoding=\"async\" width=\"300\" height=\"300\" src=\"https:\/\/blog.panasonic.es\/lumix\/wp-content\/uploads\/2016\/02\/P1300725-300x300.jpg\" class=\"attachment-thumbnail size-thumbnail\" alt=\"\" \/><\/a>\n\t\t\t<\/div><\/figure><figure class='gallery-item'>\n\t\t\t<div class='gallery-icon portrait'>\n\t\t\t\t<a href='https:\/\/blog.panasonic.es\/lumix\/wp-content\/uploads\/2016\/02\/P1300713.jpg'><img loading=\"lazy\" decoding=\"async\" width=\"300\" height=\"300\" src=\"https:\/\/blog.panasonic.es\/lumix\/wp-content\/uploads\/2016\/02\/P1300713-300x300.jpg\" class=\"attachment-thumbnail size-thumbnail\" alt=\"\" \/><\/a>\n\t\t\t<\/div><\/figure><figure class='gallery-item'>\n\t\t\t<div class='gallery-icon portrait'>\n\t\t\t\t<a href='https:\/\/blog.panasonic.es\/lumix\/wp-content\/uploads\/2016\/02\/P1300729.jpg'><img loading=\"lazy\" decoding=\"async\" width=\"300\" height=\"300\" src=\"https:\/\/blog.panasonic.es\/lumix\/wp-content\/uploads\/2016\/02\/P1300729-300x300.jpg\" class=\"attachment-thumbnail size-thumbnail\" alt=\"\" \/><\/a>\n\t\t\t<\/div><\/figure><figure class='gallery-item'>\n\t\t\t<div class='gallery-icon portrait'>\n\t\t\t\t<a href='https:\/\/blog.panasonic.es\/lumix\/wp-content\/uploads\/2016\/02\/P1290840.jpg'><img loading=\"lazy\" decoding=\"async\" width=\"300\" height=\"300\" src=\"https:\/\/blog.panasonic.es\/lumix\/wp-content\/uploads\/2016\/02\/P1290840-300x300.jpg\" class=\"attachment-thumbnail size-thumbnail\" alt=\"\" \/><\/a>\n\t\t\t<\/div><\/figure><figure class='gallery-item'>\n\t\t\t<div class='gallery-icon portrait'>\n\t\t\t\t<a href='https:\/\/blog.panasonic.es\/lumix\/wp-content\/uploads\/2016\/02\/P1300122.jpg'><img loading=\"lazy\" decoding=\"async\" width=\"300\" height=\"300\" src=\"https:\/\/blog.panasonic.es\/lumix\/wp-content\/uploads\/2016\/02\/P1300122-300x300.jpg\" class=\"attachment-thumbnail size-thumbnail\" alt=\"\" \/><\/a>\n\t\t\t<\/div><\/figure><figure class='gallery-item'>\n\t\t\t<div class='gallery-icon portrait'>\n\t\t\t\t<a href='https:\/\/blog.panasonic.es\/lumix\/wp-content\/uploads\/2016\/02\/P1300830.jpg'><img loading=\"lazy\" decoding=\"async\" width=\"300\" height=\"300\" src=\"https:\/\/blog.panasonic.es\/lumix\/wp-content\/uploads\/2016\/02\/P1300830-300x300.jpg\" class=\"attachment-thumbnail size-thumbnail\" alt=\"\" \/><\/a>\n\t\t\t<\/div><\/figure><figure class='gallery-item'>\n\t\t\t<div class='gallery-icon portrait'>\n\t\t\t\t<a href='https:\/\/blog.panasonic.es\/lumix\/wp-content\/uploads\/2016\/02\/P1300478.jpg'><img loading=\"lazy\" decoding=\"async\" width=\"300\" height=\"300\" src=\"https:\/\/blog.panasonic.es\/lumix\/wp-content\/uploads\/2016\/02\/P1300478-300x300.jpg\" class=\"attachment-thumbnail size-thumbnail\" alt=\"\" \/><\/a>\n\t\t\t<\/div><\/figure><figure class='gallery-item'>\n\t\t\t<div class='gallery-icon portrait'>\n\t\t\t\t<a href='https:\/\/blog.panasonic.es\/lumix\/wp-content\/uploads\/2016\/02\/P1300347.jpg'><img loading=\"lazy\" decoding=\"async\" width=\"300\" height=\"300\" src=\"https:\/\/blog.panasonic.es\/lumix\/wp-content\/uploads\/2016\/02\/P1300347-300x300.jpg\" class=\"attachment-thumbnail size-thumbnail\" alt=\"\" \/><\/a>\n\t\t\t<\/div><\/figure><figure class='gallery-item'>\n\t\t\t<div class='gallery-icon portrait'>\n\t\t\t\t<a href='https:\/\/blog.panasonic.es\/lumix\/wp-content\/uploads\/2016\/02\/P1300252.jpg'><img loading=\"lazy\" decoding=\"async\" width=\"300\" height=\"300\" src=\"https:\/\/blog.panasonic.es\/lumix\/wp-content\/uploads\/2016\/02\/P1300252-300x300.jpg\" class=\"attachment-thumbnail size-thumbnail\" alt=\"\" \/><\/a>\n\t\t\t<\/div><\/figure><figure class='gallery-item'>\n\t\t\t<div class='gallery-icon portrait'>\n\t\t\t\t<a href='https:\/\/blog.panasonic.es\/lumix\/wp-content\/uploads\/2016\/02\/P1060049.jpg'><img loading=\"lazy\" decoding=\"async\" width=\"300\" height=\"300\" src=\"https:\/\/blog.panasonic.es\/lumix\/wp-content\/uploads\/2016\/02\/P1060049-300x300.jpg\" class=\"attachment-thumbnail size-thumbnail\" alt=\"\" \/><\/a>\n\t\t\t<\/div><\/figure>\n\t\t<\/div>\n\n","protected":false},"excerpt":{"rendered":"<p>Lo dejamos entre r\u00edos y balsas despu\u00e9s de Pipa, y camino de Joao Pessoa la cosa sigue igual. A mi y a Ona nos encanta encantarnos en cada playita y en cada rio que nos cruzan los balseros como si fueran gondoleros de una Venecia selv\u00e1tica. Incluso nos gusta esperarles durante el contundente retraso que &#8230; <a title=\"Lucena, Joao Pessoa, Olinda y Recife &#8211; Sigue la aventura n\u00f3mada con Albert Sans\" class=\"read-more\" href=\"https:\/\/blog.panasonic.es\/lumix\/lucena-joao-pessoa-olinda-recife\/\" aria-label=\"Leer m\u00e1s sobre Lucena, Joao Pessoa, Olinda y Recife &#8211; Sigue la aventura n\u00f3mada con Albert Sans\">Leer m\u00e1s<\/a><\/p>\n","protected":false},"author":3,"featured_media":14145,"comment_status":"open","ping_status":"open","sticky":false,"template":"","format":"standard","meta":{"_acf_changed":false,"footnotes":""},"categories":[26],"tags":[],"class_list":["post-14131","post","type-post","status-publish","format-standard","has-post-thumbnail","hentry","category-blog"],"acf":[],"yoast_head":"<!-- This site is optimized with the Yoast SEO plugin v27.4 - https:\/\/yoast.com\/product\/yoast-seo-wordpress\/ -->\n<title>Lucena, Joao Pessoa, Olinda y Recife - Sigue la aventura n\u00f3mada con Albert Sans - Lumix<\/title>\n<meta name=\"description\" content=\"Lucena, Joao Pessoa, Olinda y Recife - Sigue la aventura n\u00f3mada con el bloguero ciclisa Albert Sans y su c\u00e1mara Lumix GH3\" \/>\n<meta name=\"robots\" content=\"index, follow, max-snippet:-1, max-image-preview:large, max-video-preview:-1\" \/>\n<link rel=\"canonical\" href=\"https:\/\/blog.panasonic.es\/lumix\/lucena-joao-pessoa-olinda-recife\/\" \/>\n<meta property=\"og:locale\" content=\"es_ES\" \/>\n<meta property=\"og:type\" content=\"article\" \/>\n<meta property=\"og:title\" content=\"Lucena, Joao Pessoa, Olinda y Recife - Sigue la aventura n\u00f3mada con Albert Sans - Lumix\" \/>\n<meta property=\"og:description\" content=\"Lucena, Joao Pessoa, Olinda y Recife - Sigue la aventura n\u00f3mada con el bloguero ciclisa Albert Sans y su c\u00e1mara Lumix GH3\" \/>\n<meta property=\"og:url\" content=\"https:\/\/blog.panasonic.es\/lumix\/lucena-joao-pessoa-olinda-recife\/\" \/>\n<meta property=\"og:site_name\" content=\"Lumix\" \/>\n<meta property=\"article:published_time\" content=\"2016-03-03T10:17:36+00:00\" \/>\n<meta property=\"og:image\" content=\"https:\/\/blog.panasonic.es\/lumix\/wp-content\/uploads\/2016\/02\/P1300521.jpg\" \/>\n\t<meta property=\"og:image:width\" content=\"800\" \/>\n\t<meta property=\"og:image:height\" content=\"533\" \/>\n\t<meta property=\"og:image:type\" content=\"image\/jpeg\" \/>\n<meta name=\"author\" content=\"Lumix\" \/>\n<meta name=\"twitter:card\" content=\"summary_large_image\" \/>\n<script type=\"application\/ld+json\" class=\"yoast-schema-graph\">{\"@context\":\"https:\\\/\\\/schema.org\",\"@graph\":[{\"@type\":\"Article\",\"@id\":\"https:\\\/\\\/blog.panasonic.es\\\/lumix\\\/lucena-joao-pessoa-olinda-recife\\\/#article\",\"isPartOf\":{\"@id\":\"https:\\\/\\\/blog.panasonic.es\\\/lumix\\\/lucena-joao-pessoa-olinda-recife\\\/\"},\"author\":{\"name\":\"Lumix\",\"@id\":\"https:\\\/\\\/blog.panasonic.es\\\/lumix\\\/#\\\/schema\\\/person\\\/963a6a04c721c06e25e665ca89a43d19\"},\"headline\":\"Lucena, Joao Pessoa, Olinda y Recife &#8211; Sigue la aventura n\u00f3mada con Albert Sans\",\"datePublished\":\"2016-03-03T10:17:36+00:00\",\"mainEntityOfPage\":{\"@id\":\"https:\\\/\\\/blog.panasonic.es\\\/lumix\\\/lucena-joao-pessoa-olinda-recife\\\/\"},\"wordCount\":792,\"commentCount\":0,\"publisher\":{\"@id\":\"https:\\\/\\\/blog.panasonic.es\\\/lumix\\\/#organization\"},\"image\":{\"@id\":\"https:\\\/\\\/blog.panasonic.es\\\/lumix\\\/lucena-joao-pessoa-olinda-recife\\\/#primaryimage\"},\"thumbnailUrl\":\"https:\\\/\\\/blog.panasonic.es\\\/lumix\\\/wp-content\\\/uploads\\\/2016\\\/02\\\/P1300521.jpg\",\"articleSection\":[\"Blog\"],\"inLanguage\":\"es\"},{\"@type\":\"WebPage\",\"@id\":\"https:\\\/\\\/blog.panasonic.es\\\/lumix\\\/lucena-joao-pessoa-olinda-recife\\\/\",\"url\":\"https:\\\/\\\/blog.panasonic.es\\\/lumix\\\/lucena-joao-pessoa-olinda-recife\\\/\",\"name\":\"Lucena, Joao Pessoa, Olinda y Recife - Sigue la aventura n\u00f3mada con Albert Sans - Lumix\",\"isPartOf\":{\"@id\":\"https:\\\/\\\/blog.panasonic.es\\\/lumix\\\/#website\"},\"primaryImageOfPage\":{\"@id\":\"https:\\\/\\\/blog.panasonic.es\\\/lumix\\\/lucena-joao-pessoa-olinda-recife\\\/#primaryimage\"},\"image\":{\"@id\":\"https:\\\/\\\/blog.panasonic.es\\\/lumix\\\/lucena-joao-pessoa-olinda-recife\\\/#primaryimage\"},\"thumbnailUrl\":\"https:\\\/\\\/blog.panasonic.es\\\/lumix\\\/wp-content\\\/uploads\\\/2016\\\/02\\\/P1300521.jpg\",\"datePublished\":\"2016-03-03T10:17:36+00:00\",\"description\":\"Lucena, Joao Pessoa, Olinda y Recife - Sigue la aventura n\u00f3mada con el bloguero ciclisa Albert Sans y su c\u00e1mara Lumix GH3\",\"breadcrumb\":{\"@id\":\"https:\\\/\\\/blog.panasonic.es\\\/lumix\\\/lucena-joao-pessoa-olinda-recife\\\/#breadcrumb\"},\"inLanguage\":\"es\",\"potentialAction\":[{\"@type\":\"ReadAction\",\"target\":[\"https:\\\/\\\/blog.panasonic.es\\\/lumix\\\/lucena-joao-pessoa-olinda-recife\\\/\"]}]},{\"@type\":\"ImageObject\",\"inLanguage\":\"es\",\"@id\":\"https:\\\/\\\/blog.panasonic.es\\\/lumix\\\/lucena-joao-pessoa-olinda-recife\\\/#primaryimage\",\"url\":\"https:\\\/\\\/blog.panasonic.es\\\/lumix\\\/wp-content\\\/uploads\\\/2016\\\/02\\\/P1300521.jpg\",\"contentUrl\":\"https:\\\/\\\/blog.panasonic.es\\\/lumix\\\/wp-content\\\/uploads\\\/2016\\\/02\\\/P1300521.jpg\",\"width\":800,\"height\":533},{\"@type\":\"BreadcrumbList\",\"@id\":\"https:\\\/\\\/blog.panasonic.es\\\/lumix\\\/lucena-joao-pessoa-olinda-recife\\\/#breadcrumb\",\"itemListElement\":[{\"@type\":\"ListItem\",\"position\":1,\"name\":\"Home\",\"item\":\"https:\\\/\\\/blog.panasonic.es\\\/lumix\\\/\"},{\"@type\":\"ListItem\",\"position\":2,\"name\":\"Blog\",\"item\":\"https:\\\/\\\/blog.panasonic.es\\\/lumix\\\/.\\\/blog\\\/\"},{\"@type\":\"ListItem\",\"position\":3,\"name\":\"Lucena, Joao Pessoa, Olinda y Recife &#8211; Sigue la aventura n\u00f3mada con Albert Sans\"}]},{\"@type\":\"WebSite\",\"@id\":\"https:\\\/\\\/blog.panasonic.es\\\/lumix\\\/#website\",\"url\":\"https:\\\/\\\/blog.panasonic.es\\\/lumix\\\/\",\"name\":\"Lumix\",\"description\":\"LUMIX, Motion. Picture. Perfect\",\"publisher\":{\"@id\":\"https:\\\/\\\/blog.panasonic.es\\\/lumix\\\/#organization\"},\"potentialAction\":[{\"@type\":\"SearchAction\",\"target\":{\"@type\":\"EntryPoint\",\"urlTemplate\":\"https:\\\/\\\/blog.panasonic.es\\\/lumix\\\/?s={search_term_string}\"},\"query-input\":{\"@type\":\"PropertyValueSpecification\",\"valueRequired\":true,\"valueName\":\"search_term_string\"}}],\"inLanguage\":\"es\"},{\"@type\":\"Organization\",\"@id\":\"https:\\\/\\\/blog.panasonic.es\\\/lumix\\\/#organization\",\"name\":\"Lumix\",\"url\":\"https:\\\/\\\/blog.panasonic.es\\\/lumix\\\/\",\"logo\":{\"@type\":\"ImageObject\",\"inLanguage\":\"es\",\"@id\":\"https:\\\/\\\/blog.panasonic.es\\\/lumix\\\/#\\\/schema\\\/logo\\\/image\\\/\",\"url\":\"https:\\\/\\\/blog.panasonic.es\\\/lumix\\\/wp-content\\\/uploads\\\/2021\\\/09\\\/logo-blanco.svg\",\"contentUrl\":\"https:\\\/\\\/blog.panasonic.es\\\/lumix\\\/wp-content\\\/uploads\\\/2021\\\/09\\\/logo-blanco.svg\",\"width\":309,\"height\":38,\"caption\":\"Lumix\"},\"image\":{\"@id\":\"https:\\\/\\\/blog.panasonic.es\\\/lumix\\\/#\\\/schema\\\/logo\\\/image\\\/\"}},{\"@type\":\"Person\",\"@id\":\"https:\\\/\\\/blog.panasonic.es\\\/lumix\\\/#\\\/schema\\\/person\\\/963a6a04c721c06e25e665ca89a43d19\",\"name\":\"Lumix\",\"description\":\"LUMIX. Motion. Picture. Perfect. Apoyando estrechamente a los creadores, quienes lideran la cultura de la imagen, LUMIX proporciona una experiencia que les permite ser creativos como ellos desean, independientemente de si realizan im\u00e1genes fotograf\u00edas o v\u00eddeos. Queremos convertirnos en una marca que est\u00e9 con ellos, transmitiendo nuevas emociones juntos, sobrepasando los l\u00edmites de la creaci\u00f3n audiovisual. Esta es la idea y el significado de nuestro eslogan Motion. Picture. Perfect.\",\"sameAs\":[\"https:\\\/\\\/www.panasonic.com\\\/es\\\/\",\"anne.cohen\"],\"url\":\"https:\\\/\\\/blog.panasonic.es\\\/lumix\\\/embajador\\\/panasonic\\\/\"}]}<\/script>\n<!-- \/ Yoast SEO plugin. -->","yoast_head_json":{"title":"Lucena, Joao Pessoa, Olinda y Recife - Sigue la aventura n\u00f3mada con Albert Sans - Lumix","description":"Lucena, Joao Pessoa, Olinda y Recife - Sigue la aventura n\u00f3mada con el bloguero ciclisa Albert Sans y su c\u00e1mara Lumix GH3","robots":{"index":"index","follow":"follow","max-snippet":"max-snippet:-1","max-image-preview":"max-image-preview:large","max-video-preview":"max-video-preview:-1"},"canonical":"https:\/\/blog.panasonic.es\/lumix\/lucena-joao-pessoa-olinda-recife\/","og_locale":"es_ES","og_type":"article","og_title":"Lucena, Joao Pessoa, Olinda y Recife - Sigue la aventura n\u00f3mada con Albert Sans - Lumix","og_description":"Lucena, Joao Pessoa, Olinda y Recife - Sigue la aventura n\u00f3mada con el bloguero ciclisa Albert Sans y su c\u00e1mara Lumix GH3","og_url":"https:\/\/blog.panasonic.es\/lumix\/lucena-joao-pessoa-olinda-recife\/","og_site_name":"Lumix","article_published_time":"2016-03-03T10:17:36+00:00","og_image":[{"width":800,"height":533,"url":"https:\/\/blog.panasonic.es\/lumix\/wp-content\/uploads\/2016\/02\/P1300521.jpg","type":"image\/jpeg"}],"author":"Lumix","twitter_card":"summary_large_image","schema":{"@context":"https:\/\/schema.org","@graph":[{"@type":"Article","@id":"https:\/\/blog.panasonic.es\/lumix\/lucena-joao-pessoa-olinda-recife\/#article","isPartOf":{"@id":"https:\/\/blog.panasonic.es\/lumix\/lucena-joao-pessoa-olinda-recife\/"},"author":{"name":"Lumix","@id":"https:\/\/blog.panasonic.es\/lumix\/#\/schema\/person\/963a6a04c721c06e25e665ca89a43d19"},"headline":"Lucena, Joao Pessoa, Olinda y Recife &#8211; Sigue la aventura n\u00f3mada con Albert Sans","datePublished":"2016-03-03T10:17:36+00:00","mainEntityOfPage":{"@id":"https:\/\/blog.panasonic.es\/lumix\/lucena-joao-pessoa-olinda-recife\/"},"wordCount":792,"commentCount":0,"publisher":{"@id":"https:\/\/blog.panasonic.es\/lumix\/#organization"},"image":{"@id":"https:\/\/blog.panasonic.es\/lumix\/lucena-joao-pessoa-olinda-recife\/#primaryimage"},"thumbnailUrl":"https:\/\/blog.panasonic.es\/lumix\/wp-content\/uploads\/2016\/02\/P1300521.jpg","articleSection":["Blog"],"inLanguage":"es"},{"@type":"WebPage","@id":"https:\/\/blog.panasonic.es\/lumix\/lucena-joao-pessoa-olinda-recife\/","url":"https:\/\/blog.panasonic.es\/lumix\/lucena-joao-pessoa-olinda-recife\/","name":"Lucena, Joao Pessoa, Olinda y Recife - Sigue la aventura n\u00f3mada con Albert Sans - Lumix","isPartOf":{"@id":"https:\/\/blog.panasonic.es\/lumix\/#website"},"primaryImageOfPage":{"@id":"https:\/\/blog.panasonic.es\/lumix\/lucena-joao-pessoa-olinda-recife\/#primaryimage"},"image":{"@id":"https:\/\/blog.panasonic.es\/lumix\/lucena-joao-pessoa-olinda-recife\/#primaryimage"},"thumbnailUrl":"https:\/\/blog.panasonic.es\/lumix\/wp-content\/uploads\/2016\/02\/P1300521.jpg","datePublished":"2016-03-03T10:17:36+00:00","description":"Lucena, Joao Pessoa, Olinda y Recife - Sigue la aventura n\u00f3mada con el bloguero ciclisa Albert Sans y su c\u00e1mara Lumix GH3","breadcrumb":{"@id":"https:\/\/blog.panasonic.es\/lumix\/lucena-joao-pessoa-olinda-recife\/#breadcrumb"},"inLanguage":"es","potentialAction":[{"@type":"ReadAction","target":["https:\/\/blog.panasonic.es\/lumix\/lucena-joao-pessoa-olinda-recife\/"]}]},{"@type":"ImageObject","inLanguage":"es","@id":"https:\/\/blog.panasonic.es\/lumix\/lucena-joao-pessoa-olinda-recife\/#primaryimage","url":"https:\/\/blog.panasonic.es\/lumix\/wp-content\/uploads\/2016\/02\/P1300521.jpg","contentUrl":"https:\/\/blog.panasonic.es\/lumix\/wp-content\/uploads\/2016\/02\/P1300521.jpg","width":800,"height":533},{"@type":"BreadcrumbList","@id":"https:\/\/blog.panasonic.es\/lumix\/lucena-joao-pessoa-olinda-recife\/#breadcrumb","itemListElement":[{"@type":"ListItem","position":1,"name":"Home","item":"https:\/\/blog.panasonic.es\/lumix\/"},{"@type":"ListItem","position":2,"name":"Blog","item":"https:\/\/blog.panasonic.es\/lumix\/.\/blog\/"},{"@type":"ListItem","position":3,"name":"Lucena, Joao Pessoa, Olinda y Recife &#8211; Sigue la aventura n\u00f3mada con Albert Sans"}]},{"@type":"WebSite","@id":"https:\/\/blog.panasonic.es\/lumix\/#website","url":"https:\/\/blog.panasonic.es\/lumix\/","name":"Lumix","description":"LUMIX, Motion. Picture. Perfect","publisher":{"@id":"https:\/\/blog.panasonic.es\/lumix\/#organization"},"potentialAction":[{"@type":"SearchAction","target":{"@type":"EntryPoint","urlTemplate":"https:\/\/blog.panasonic.es\/lumix\/?s={search_term_string}"},"query-input":{"@type":"PropertyValueSpecification","valueRequired":true,"valueName":"search_term_string"}}],"inLanguage":"es"},{"@type":"Organization","@id":"https:\/\/blog.panasonic.es\/lumix\/#organization","name":"Lumix","url":"https:\/\/blog.panasonic.es\/lumix\/","logo":{"@type":"ImageObject","inLanguage":"es","@id":"https:\/\/blog.panasonic.es\/lumix\/#\/schema\/logo\/image\/","url":"https:\/\/blog.panasonic.es\/lumix\/wp-content\/uploads\/2021\/09\/logo-blanco.svg","contentUrl":"https:\/\/blog.panasonic.es\/lumix\/wp-content\/uploads\/2021\/09\/logo-blanco.svg","width":309,"height":38,"caption":"Lumix"},"image":{"@id":"https:\/\/blog.panasonic.es\/lumix\/#\/schema\/logo\/image\/"}},{"@type":"Person","@id":"https:\/\/blog.panasonic.es\/lumix\/#\/schema\/person\/963a6a04c721c06e25e665ca89a43d19","name":"Lumix","description":"LUMIX. Motion. Picture. Perfect. Apoyando estrechamente a los creadores, quienes lideran la cultura de la imagen, LUMIX proporciona una experiencia que les permite ser creativos como ellos desean, independientemente de si realizan im\u00e1genes fotograf\u00edas o v\u00eddeos. Queremos convertirnos en una marca que est\u00e9 con ellos, transmitiendo nuevas emociones juntos, sobrepasando los l\u00edmites de la creaci\u00f3n audiovisual. Esta es la idea y el significado de nuestro eslogan Motion. Picture. Perfect.","sameAs":["https:\/\/www.panasonic.com\/es\/","anne.cohen"],"url":"https:\/\/blog.panasonic.es\/lumix\/embajador\/panasonic\/"}]}},"_links":{"self":[{"href":"https:\/\/blog.panasonic.es\/lumix\/wp-json\/wp\/v2\/posts\/14131","targetHints":{"allow":["GET"]}}],"collection":[{"href":"https:\/\/blog.panasonic.es\/lumix\/wp-json\/wp\/v2\/posts"}],"about":[{"href":"https:\/\/blog.panasonic.es\/lumix\/wp-json\/wp\/v2\/types\/post"}],"author":[{"embeddable":true,"href":"https:\/\/blog.panasonic.es\/lumix\/wp-json\/wp\/v2\/users\/3"}],"replies":[{"embeddable":true,"href":"https:\/\/blog.panasonic.es\/lumix\/wp-json\/wp\/v2\/comments?post=14131"}],"version-history":[{"count":0,"href":"https:\/\/blog.panasonic.es\/lumix\/wp-json\/wp\/v2\/posts\/14131\/revisions"}],"wp:featuredmedia":[{"embeddable":true,"href":"https:\/\/blog.panasonic.es\/lumix\/wp-json\/wp\/v2\/media\/14145"}],"wp:attachment":[{"href":"https:\/\/blog.panasonic.es\/lumix\/wp-json\/wp\/v2\/media?parent=14131"}],"wp:term":[{"taxonomy":"category","embeddable":true,"href":"https:\/\/blog.panasonic.es\/lumix\/wp-json\/wp\/v2\/categories?post=14131"},{"taxonomy":"post_tag","embeddable":true,"href":"https:\/\/blog.panasonic.es\/lumix\/wp-json\/wp\/v2\/tags?post=14131"}],"curies":[{"name":"wp","href":"https:\/\/api.w.org\/{rel}","templated":true}]}}