{"id":14597,"date":"2016-05-19T11:36:57","date_gmt":"2016-05-19T09:36:57","guid":{"rendered":"http:\/\/blog.panasonic.es\/?p=14597"},"modified":"2016-05-19T11:36:57","modified_gmt":"2016-05-19T09:36:57","slug":"sao-miquel-maceio-coruripe-nomada-albert-sans","status":"publish","type":"post","link":"https:\/\/blog.panasonic.es\/lumix\/sao-miquel-maceio-coruripe-nomada-albert-sans\/","title":{"rendered":"Sao Miquel dos Milagres, Macei\u00f3, Coruripe&#8230; Sigue la aventura n\u00f3mada con Albert Sans"},"content":{"rendered":"<p><strong class=\"wp-image-14613 size-full\">De <a href=\"http:\/\/www.saomigueldosmilagres.net\" target=\"_blank\" rel=\"noopener\">Sao Miquel dos Milagres<\/a><\/strong> se pierde en el retrovisor mientras serpenteo por enormes campos de ca\u00f1a de az\u00facar esquivando serpientes rumo a Macei\u00f3 capital del estado de Alagoas.<\/p>\n<figure id=\"attachment_14613\" aria-describedby=\"caption-attachment-14613\" style=\"width: 790px\" class=\"wp-caption aligncenter\"><a href=\"https:\/\/blog.panasonic.es\/bloggers_by_lumixg\/sao-miquel-maceio-coruripe-nomada-albert-sans\/attachment\/foro-portada_\/\" rel=\"attachment wp-att-14613\"><img fetchpriority=\"high\" decoding=\"async\" class=\"wp-image-14613 size-full\" src=\"https:\/\/blog.panasonic.es\/lumix\/wp-content\/uploads\/2016\/05\/foro-portada_.jpg\" alt=\"foro portada_\" width=\"800\" height=\"450\" srcset=\"https:\/\/blog.panasonic.es\/lumix\/wp-content\/uploads\/2016\/05\/foro-portada_.jpg 800w, https:\/\/blog.panasonic.es\/lumix\/wp-content\/uploads\/2016\/05\/foro-portada_-768x432.jpg 768w, https:\/\/blog.panasonic.es\/lumix\/wp-content\/uploads\/2016\/05\/foro-portada_-600x338.jpg 600w\" sizes=\"(max-width: 800px) 100vw, 800px\" \/><\/a><figcaption id=\"caption-attachment-14613\" class=\"wp-caption-text\">Fotograf\u00eda tomada con una <a href=\"https:\/\/www.panasonic.com\/es\/consumer\/camaras-y-videocamaras\/camaras-lumixg\/dmc-gh3ec-k.html\">Lumix GH3<\/a><\/figcaption><\/figure>\n<p>Salto alg\u00fan rio mientras los \u201cmuleques\u201d (j\u00f3venes gamberrillos) saltan de los puentes disfrutando del eterno verano brasilero.<\/p>\n<figure id=\"attachment_14618\" aria-describedby=\"caption-attachment-14618\" style=\"width: 703px\" class=\"wp-caption aligncenter\"><a href=\"https:\/\/blog.panasonic.es\/bloggers_by_lumixg\/sao-miquel-maceio-coruripe-nomada-albert-sans\/attachment\/foto1-3\/\" rel=\"attachment wp-att-14618\"><img decoding=\"async\" class=\"wp-image-14618 size-large\" src=\"https:\/\/blog.panasonic.es\/wp-content\/uploads\/2016\/05\/foto1-768x1024.jpg\" alt=\"foto1\" width=\"713\" height=\"951\" srcset=\"https:\/\/blog.panasonic.es\/lumix\/wp-content\/uploads\/2016\/05\/foto1-768x1024.jpg 768w, https:\/\/blog.panasonic.es\/lumix\/wp-content\/uploads\/2016\/05\/foto1-450x600.jpg 450w, https:\/\/blog.panasonic.es\/lumix\/wp-content\/uploads\/2016\/05\/foto1.jpg 800w\" sizes=\"(max-width: 713px) 100vw, 713px\" \/><\/a><figcaption id=\"caption-attachment-14618\" class=\"wp-caption-text\">Fotograf\u00eda tomada con una <a href=\"https:\/\/www.panasonic.com\/es\/consumer\/camaras-y-videocamaras\/camaras-lumixg\/dmc-gh3ec-k.html\">Lumix GH3<\/a><\/figcaption><\/figure>\n<p>Llego a Macei\u00f3 donde apenas descanso un par de d\u00edas que aprovecho como siempre para compras y remiendos.<br \/>\nLa ciudad me pone f\u00e1cil la huida con una buena ciclov\u00eda que encara la famosa <strong>Playa del Franc\u00e9s<\/strong> y <strong>Praia do Gunga<\/strong>. Son lindas, pero muy tur\u00edsticas, apenas me doy un ba\u00f1ito y voy directamente a los solitarios acantilados gigantes que hay camino <strong>Coruripe<\/strong>.<\/p>\n<p>En la siguiente foto se aprecia la altura de estos acantilados (si me encontr\u00e1is\u2026)<\/p>\n<figure id=\"attachment_14614\" aria-describedby=\"caption-attachment-14614\" style=\"width: 703px\" class=\"wp-caption aligncenter\"><a href=\"https:\/\/blog.panasonic.es\/bloggers_by_lumixg\/sao-miquel-maceio-coruripe-nomada-albert-sans\/attachment\/foto2-2\/\" rel=\"attachment wp-att-14614\"><img decoding=\"async\" class=\"wp-image-14614 size-large\" src=\"https:\/\/blog.panasonic.es\/wp-content\/uploads\/2016\/05\/foto2-768x1024.jpg\" alt=\"foto2\" width=\"713\" height=\"951\" srcset=\"https:\/\/blog.panasonic.es\/lumix\/wp-content\/uploads\/2016\/05\/foto2-768x1024.jpg 768w, https:\/\/blog.panasonic.es\/lumix\/wp-content\/uploads\/2016\/05\/foto2-450x600.jpg 450w, https:\/\/blog.panasonic.es\/lumix\/wp-content\/uploads\/2016\/05\/foto2.jpg 800w\" sizes=\"(max-width: 713px) 100vw, 713px\" \/><\/a><figcaption id=\"caption-attachment-14614\" class=\"wp-caption-text\">Fotograf\u00eda tomada con una <a href=\"https:\/\/www.panasonic.com\/es\/consumer\/camaras-y-videocamaras\/camaras-lumixg\/dmc-gh3ec-k.html\">Lumix GH3<\/a><\/figcaption><\/figure>\n<p>&nbsp;<\/p>\n<p>Sin saber qu\u00e9 me encontrar\u00e9, doy un golpe de manillar para adentrarme en <strong>Jequi\u00e1 da Praia<\/strong> para buscar un rinconcito donde hospedarme.<\/p>\n<p>Como tantas otras veces, me ofrecen un lugar donde plantar la tienda de campa\u00f1a y encuentro sorpresas \u00fanicas de cada pueblecito.<\/p>\n<p>Un puente muy pronunciado sobre el rio es la llave a una vista privilegiada sobre los <strong>pintorescos muelles de madera<\/strong> desde donde los pescadores por la ma\u00f1ana y los ni\u00f1os por la tarde lanzan las redes al agua para robar la comida a las garzas que se buscan la vida m\u00e1s abajo.<\/p>\n<figure id=\"attachment_14615\" aria-describedby=\"caption-attachment-14615\" style=\"width: 673px\" class=\"wp-caption aligncenter\"><a href=\"https:\/\/blog.panasonic.es\/bloggers_by_lumixg\/sao-miquel-maceio-coruripe-nomada-albert-sans\/attachment\/foto3-3\/\" rel=\"attachment wp-att-14615\"><img loading=\"lazy\" decoding=\"async\" class=\"wp-image-14615 size-large\" src=\"https:\/\/blog.panasonic.es\/wp-content\/uploads\/2016\/05\/foto3-683x1024.jpg\" alt=\"foto3\" width=\"683\" height=\"1024\" srcset=\"https:\/\/blog.panasonic.es\/lumix\/wp-content\/uploads\/2016\/05\/foto3-683x1024.jpg 683w, https:\/\/blog.panasonic.es\/lumix\/wp-content\/uploads\/2016\/05\/foto3-768x1152.jpg 768w, https:\/\/blog.panasonic.es\/lumix\/wp-content\/uploads\/2016\/05\/foto3-400x600.jpg 400w, https:\/\/blog.panasonic.es\/lumix\/wp-content\/uploads\/2016\/05\/foto3.jpg 800w\" sizes=\"(max-width: 683px) 100vw, 683px\" \/><\/a><figcaption id=\"caption-attachment-14615\" class=\"wp-caption-text\">Fotograf\u00eda tomada con una <a href=\"https:\/\/www.panasonic.com\/es\/consumer\/camaras-y-videocamaras\/camaras-lumixg\/dmc-gh3ec-k.html\">Lumix GH3<\/a><\/figcaption><\/figure>\n<p>Entra\u00f1able recuerdo que se funde junto al del pr\u00f3ximo pueblo en el que par\u00e9 unos d\u00edas, <strong>Pontal do Coruripe<\/strong>.<\/p>\n<figure id=\"attachment_14616\" aria-describedby=\"caption-attachment-14616\" style=\"width: 790px\" class=\"wp-caption aligncenter\"><a href=\"https:\/\/blog.panasonic.es\/bloggers_by_lumixg\/sao-miquel-maceio-coruripe-nomada-albert-sans\/attachment\/foto4-4\/\" rel=\"attachment wp-att-14616\"><img loading=\"lazy\" decoding=\"async\" class=\"wp-image-14616 size-full\" src=\"https:\/\/blog.panasonic.es\/lumix\/wp-content\/uploads\/2016\/05\/foto4.jpg\" alt=\"foto4\" width=\"800\" height=\"600\" srcset=\"https:\/\/blog.panasonic.es\/lumix\/wp-content\/uploads\/2016\/05\/foto4.jpg 800w, https:\/\/blog.panasonic.es\/lumix\/wp-content\/uploads\/2016\/05\/foto4-768x576.jpg 768w, https:\/\/blog.panasonic.es\/lumix\/wp-content\/uploads\/2016\/05\/foto4-600x450.jpg 600w\" sizes=\"(max-width: 800px) 100vw, 800px\" \/><\/a><figcaption id=\"caption-attachment-14616\" class=\"wp-caption-text\">Fotograf\u00eda tomada con una <a href=\"https:\/\/www.panasonic.com\/es\/consumer\/camaras-y-videocamaras\/camaras-lumixg\/dmc-gh3ec-k.html\">Lumix GH3<\/a><\/figcaption><\/figure>\n<p>&nbsp;<\/p>\n<p>Un pueblecito pegado a un faro que, pese a ser muy visitado los fines de semana, conserva su esencia entre las calles donde las viejecitas tejen en la calle suvenires mientras los nietos todav\u00eda juegan con caballos.<\/p>\n<p>Un arrecife protege las playas encaradas al mar dejando una lagunita tranquila para el ba\u00f1o familiar y sirve de plataforma para los <strong>pescadores de ca\u00f1a<\/strong> que invaden de nuevo el lugar de las sufridas garzas.<\/p>\n<p>&nbsp;<\/p>\n<figure id=\"attachment_14617\" aria-describedby=\"caption-attachment-14617\" style=\"width: 790px\" class=\"wp-caption aligncenter\"><a href=\"https:\/\/blog.panasonic.es\/bloggers_by_lumixg\/sao-miquel-maceio-coruripe-nomada-albert-sans\/attachment\/foto5-4\/\" rel=\"attachment wp-att-14617\"><img loading=\"lazy\" decoding=\"async\" class=\"wp-image-14617 size-full\" src=\"https:\/\/blog.panasonic.es\/lumix\/wp-content\/uploads\/2016\/05\/foto5.jpg\" alt=\"foto5\" width=\"800\" height=\"450\" srcset=\"https:\/\/blog.panasonic.es\/lumix\/wp-content\/uploads\/2016\/05\/foto5.jpg 800w, https:\/\/blog.panasonic.es\/lumix\/wp-content\/uploads\/2016\/05\/foto5-768x432.jpg 768w, https:\/\/blog.panasonic.es\/lumix\/wp-content\/uploads\/2016\/05\/foto5-600x338.jpg 600w\" sizes=\"(max-width: 800px) 100vw, 800px\" \/><\/a><figcaption id=\"caption-attachment-14617\" class=\"wp-caption-text\">Fotograf\u00eda tomada con una <a href=\"https:\/\/www.panasonic.com\/es\/consumer\/camaras-y-videocamaras\/camaras-lumixg\/dmc-gh3ec-k.html\">Lumix GH3<\/a><\/figcaption><\/figure>\n<p>Los m\u00e1s j\u00f3venes se lanzan a surfear en la parte m\u00e1s expuesta. Los perros se lanzan a la carrera en las largas playas corriendo todo lo que no han podido hacer entre semana en las ciudades.<\/p>\n<p>&nbsp;<\/p>\n<figure id=\"attachment_14606\" aria-describedby=\"caption-attachment-14606\" style=\"width: 790px\" class=\"wp-caption aligncenter\"><a href=\"https:\/\/blog.panasonic.es\/bloggers_by_lumixg\/sao-miquel-maceio-coruripe-nomada-albert-sans\/attachment\/foto6-2\/\" rel=\"attachment wp-att-14606\"><img loading=\"lazy\" decoding=\"async\" class=\"wp-image-14606 size-full\" src=\"https:\/\/blog.panasonic.es\/lumix\/wp-content\/uploads\/2016\/05\/foto6.jpg\" alt=\"foto6\" width=\"800\" height=\"450\" srcset=\"https:\/\/blog.panasonic.es\/lumix\/wp-content\/uploads\/2016\/05\/foto6.jpg 800w, https:\/\/blog.panasonic.es\/lumix\/wp-content\/uploads\/2016\/05\/foto6-768x432.jpg 768w, https:\/\/blog.panasonic.es\/lumix\/wp-content\/uploads\/2016\/05\/foto6-600x338.jpg 600w\" sizes=\"(max-width: 800px) 100vw, 800px\" \/><\/a><figcaption id=\"caption-attachment-14606\" class=\"wp-caption-text\">Fotograf\u00eda tomada con una <a href=\"https:\/\/www.panasonic.com\/es\/consumer\/camaras-y-videocamaras\/camaras-lumixg\/dmc-gh3ec-k.html\">Lumix GH3<\/a><\/figcaption><\/figure>\n<p>En el pueblo, la escuela celebra una fiesta de bailes regionales y disfraces t\u00edpicos con el fin de recaudar fondos para el viaje de fin de curso. Sonrisas, mordiscos gastron\u00f3micos, primeros amores, m\u00fasica, bromas, fotos, recuerdos\u2026 La alegr\u00eda brasilera redunda con la alegr\u00eda del momento.<\/p>\n<p>&nbsp;<\/p>\n<figure id=\"attachment_14607\" aria-describedby=\"caption-attachment-14607\" style=\"width: 703px\" class=\"wp-caption aligncenter\"><a href=\"https:\/\/blog.panasonic.es\/bloggers_by_lumixg\/sao-miquel-maceio-coruripe-nomada-albert-sans\/attachment\/foto7-2\/\" rel=\"attachment wp-att-14607\"><img loading=\"lazy\" decoding=\"async\" class=\"wp-image-14607 size-large\" src=\"https:\/\/blog.panasonic.es\/wp-content\/uploads\/2016\/05\/foto7-768x1024.jpg\" alt=\"foto7\" width=\"713\" height=\"951\" srcset=\"https:\/\/blog.panasonic.es\/lumix\/wp-content\/uploads\/2016\/05\/foto7-768x1024.jpg 768w, https:\/\/blog.panasonic.es\/lumix\/wp-content\/uploads\/2016\/05\/foto7-450x600.jpg 450w, https:\/\/blog.panasonic.es\/lumix\/wp-content\/uploads\/2016\/05\/foto7.jpg 800w\" sizes=\"(max-width: 713px) 100vw, 713px\" \/><\/a><figcaption id=\"caption-attachment-14607\" class=\"wp-caption-text\">Fotograf\u00eda tomada con una <a href=\"https:\/\/www.panasonic.com\/es\/consumer\/camaras-y-videocamaras\/camaras-lumixg\/dmc-gh3ec-k.html\">Lumix GH3<\/a><\/figcaption><\/figure>\n<p>Nadie repara del todo en \u00e9l, pero tomando distancia, aparece un protagonista clave en esta historia, el gran \u00e1rbol del pueblo, que atrae y cobija a todas las generaciones que, una vez m\u00e1s, ha visto pasar.<\/p>\n<p>&nbsp;<\/p>\n<figure id=\"attachment_14608\" aria-describedby=\"caption-attachment-14608\" style=\"width: 703px\" class=\"wp-caption aligncenter\"><a href=\"https:\/\/blog.panasonic.es\/bloggers_by_lumixg\/sao-miquel-maceio-coruripe-nomada-albert-sans\/attachment\/foto8-2\/\" rel=\"attachment wp-att-14608\"><img loading=\"lazy\" decoding=\"async\" class=\"wp-image-14608 size-large\" src=\"https:\/\/blog.panasonic.es\/wp-content\/uploads\/2016\/05\/foto8-768x1024.jpg\" alt=\"foto8\" width=\"713\" height=\"951\" srcset=\"https:\/\/blog.panasonic.es\/lumix\/wp-content\/uploads\/2016\/05\/foto8-768x1024.jpg 768w, https:\/\/blog.panasonic.es\/lumix\/wp-content\/uploads\/2016\/05\/foto8-450x600.jpg 450w, https:\/\/blog.panasonic.es\/lumix\/wp-content\/uploads\/2016\/05\/foto8.jpg 800w\" sizes=\"(max-width: 713px) 100vw, 713px\" \/><\/a><figcaption id=\"caption-attachment-14608\" class=\"wp-caption-text\">Fotograf\u00eda tomada con una <a href=\"https:\/\/www.panasonic.com\/es\/consumer\/camaras-y-videocamaras\/camaras-lumixg\/dmc-gh3ec-k.html\">Lumix GH3<\/a><\/figcaption><\/figure>\n<p>En la playa que queda al lado del rio, donde las puestas de sol son de cine, los partidos de f\u00fatbol se suceden ante la mirada de los barcos pesqueros que descansan antes de salir de nuevo de madrugada.<\/p>\n<figure id=\"attachment_14609\" aria-describedby=\"caption-attachment-14609\" style=\"width: 790px\" class=\"wp-caption aligncenter\"><a href=\"https:\/\/blog.panasonic.es\/bloggers_by_lumixg\/sao-miquel-maceio-coruripe-nomada-albert-sans\/attachment\/foto9-3\/\" rel=\"attachment wp-att-14609\"><img loading=\"lazy\" decoding=\"async\" class=\"wp-image-14609 size-full\" src=\"https:\/\/blog.panasonic.es\/lumix\/wp-content\/uploads\/2016\/05\/foto9.jpg\" alt=\"foto9\" width=\"800\" height=\"450\" srcset=\"https:\/\/blog.panasonic.es\/lumix\/wp-content\/uploads\/2016\/05\/foto9.jpg 800w, https:\/\/blog.panasonic.es\/lumix\/wp-content\/uploads\/2016\/05\/foto9-768x432.jpg 768w, https:\/\/blog.panasonic.es\/lumix\/wp-content\/uploads\/2016\/05\/foto9-600x338.jpg 600w\" sizes=\"(max-width: 800px) 100vw, 800px\" \/><\/a><figcaption id=\"caption-attachment-14609\" class=\"wp-caption-text\">Fotograf\u00eda tomada con una <a href=\"https:\/\/www.panasonic.com\/es\/consumer\/camaras-y-videocamaras\/camaras-lumixg\/dmc-gh3ec-k.html\">Lumix GH3<\/a><\/figcaption><\/figure>\n<p>Como es fin de semana, hay todo tipo de eventos al aire libre. Puedes encontrar desde clases de fitness populares, hasta pr\u00e1cticas de artes marciales, comida ambulante o restaurantes ofreciendo riqu\u00edsimas moquecas a buen precio.<\/p>\n<p>&nbsp;<\/p>\n<figure id=\"attachment_14610\" aria-describedby=\"caption-attachment-14610\" style=\"width: 703px\" class=\"wp-caption aligncenter\"><a href=\"https:\/\/blog.panasonic.es\/bloggers_by_lumixg\/sao-miquel-maceio-coruripe-nomada-albert-sans\/attachment\/foto10-4\/\" rel=\"attachment wp-att-14610\"><img loading=\"lazy\" decoding=\"async\" class=\"wp-image-14610 size-large\" src=\"https:\/\/blog.panasonic.es\/wp-content\/uploads\/2016\/05\/foto10-768x1024.jpg\" alt=\"foto10\" width=\"713\" height=\"951\" srcset=\"https:\/\/blog.panasonic.es\/lumix\/wp-content\/uploads\/2016\/05\/foto10-768x1024.jpg 768w, https:\/\/blog.panasonic.es\/lumix\/wp-content\/uploads\/2016\/05\/foto10-450x600.jpg 450w, https:\/\/blog.panasonic.es\/lumix\/wp-content\/uploads\/2016\/05\/foto10.jpg 800w\" sizes=\"(max-width: 713px) 100vw, 713px\" \/><\/a><figcaption id=\"caption-attachment-14610\" class=\"wp-caption-text\">Fotograf\u00eda tomada con una <a href=\"https:\/\/www.panasonic.com\/es\/consumer\/camaras-y-videocamaras\/camaras-lumixg\/dmc-gh3ec-k.html\">Lumix GH3<\/a><\/figcaption><\/figure>\n<p>Sin duda es un buen lugar para sentirse en \u201ccasa\u201d por unos d\u00edas antes de llegar al famoso R\u00edo San Francisco, donde hay un buen pu\u00f1ado de cosas que ver antes de cruzar a Aracaju y al estado de Sergipe.<\/p>\n<figure id=\"attachment_14611\" aria-describedby=\"caption-attachment-14611\" style=\"width: 703px\" class=\"wp-caption aligncenter\"><a href=\"https:\/\/blog.panasonic.es\/bloggers_by_lumixg\/sao-miquel-maceio-coruripe-nomada-albert-sans\/attachment\/foto11-3\/\" rel=\"attachment wp-att-14611\"><img loading=\"lazy\" decoding=\"async\" class=\"wp-image-14611 size-large\" src=\"https:\/\/blog.panasonic.es\/wp-content\/uploads\/2016\/05\/foto11-768x1024.jpg\" alt=\"foto11\" width=\"713\" height=\"951\" srcset=\"https:\/\/blog.panasonic.es\/lumix\/wp-content\/uploads\/2016\/05\/foto11-768x1024.jpg 768w, https:\/\/blog.panasonic.es\/lumix\/wp-content\/uploads\/2016\/05\/foto11-450x600.jpg 450w, https:\/\/blog.panasonic.es\/lumix\/wp-content\/uploads\/2016\/05\/foto11.jpg 800w\" sizes=\"(max-width: 713px) 100vw, 713px\" \/><\/a><figcaption id=\"caption-attachment-14611\" class=\"wp-caption-text\">Fotograf\u00eda tomada con una <a href=\"https:\/\/www.panasonic.com\/es\/consumer\/camaras-y-videocamaras\/camaras-lumixg\/dmc-gh3ec-k.html\">Lumix GH3<\/a><\/figcaption><\/figure>\n<p>&nbsp;<\/p>\n<p>Me repito como un loro si os digo que: Eso lo veremos en el siguiente post, os espero \ud83d\ude09<\/p>\n<div id='gallery-1' class='gallery galleryid-14597 gallery-columns-4 gallery-size-thumbnail'><figure class='gallery-item'>\n\t\t\t<div class='gallery-icon landscape'>\n\t\t\t\t<a href='https:\/\/blog.panasonic.es\/lumix\/sao-miquel-maceio-coruripe-nomada-albert-sans\/p1360497\/#main'><img loading=\"lazy\" decoding=\"async\" width=\"300\" height=\"300\" src=\"https:\/\/blog.panasonic.es\/lumix\/wp-content\/uploads\/2016\/05\/P1360497-300x300.jpg\" class=\"attachment-thumbnail size-thumbnail\" alt=\"\" \/><\/a>\n\t\t\t<\/div><\/figure><figure class='gallery-item'>\n\t\t\t<div class='gallery-icon landscape'>\n\t\t\t\t<a href='https:\/\/blog.panasonic.es\/lumix\/sao-miquel-maceio-coruripe-nomada-albert-sans\/p1360589\/#main'><img loading=\"lazy\" decoding=\"async\" width=\"300\" height=\"300\" src=\"https:\/\/blog.panasonic.es\/lumix\/wp-content\/uploads\/2016\/05\/P1360589-300x300.jpg\" class=\"attachment-thumbnail size-thumbnail\" alt=\"\" \/><\/a>\n\t\t\t<\/div><\/figure><figure class='gallery-item'>\n\t\t\t<div class='gallery-icon landscape'>\n\t\t\t\t<a href='https:\/\/blog.panasonic.es\/lumix\/sao-miquel-maceio-coruripe-nomada-albert-sans\/p1360885\/#main'><img loading=\"lazy\" decoding=\"async\" width=\"300\" height=\"300\" src=\"https:\/\/blog.panasonic.es\/lumix\/wp-content\/uploads\/2016\/05\/P1360885-300x300.jpg\" class=\"attachment-thumbnail size-thumbnail\" alt=\"\" \/><\/a>\n\t\t\t<\/div><\/figure><figure class='gallery-item'>\n\t\t\t<div class='gallery-icon landscape'>\n\t\t\t\t<a href='https:\/\/blog.panasonic.es\/lumix\/sao-miquel-maceio-coruripe-nomada-albert-sans\/p1370051\/#main'><img loading=\"lazy\" decoding=\"async\" width=\"300\" height=\"300\" src=\"https:\/\/blog.panasonic.es\/lumix\/wp-content\/uploads\/2016\/05\/P1370051-300x300.jpg\" class=\"attachment-thumbnail size-thumbnail\" alt=\"\" \/><\/a>\n\t\t\t<\/div><\/figure><figure class='gallery-item'>\n\t\t\t<div class='gallery-icon landscape'>\n\t\t\t\t<a href='https:\/\/blog.panasonic.es\/lumix\/sao-miquel-maceio-coruripe-nomada-albert-sans\/p1370303\/#main'><img loading=\"lazy\" decoding=\"async\" width=\"300\" height=\"300\" src=\"https:\/\/blog.panasonic.es\/lumix\/wp-content\/uploads\/2016\/05\/P1370303-300x300.jpg\" class=\"attachment-thumbnail size-thumbnail\" alt=\"\" \/><\/a>\n\t\t\t<\/div><\/figure><figure class='gallery-item'>\n\t\t\t<div class='gallery-icon landscape'>\n\t\t\t\t<a href='https:\/\/blog.panasonic.es\/lumix\/sao-miquel-maceio-coruripe-nomada-albert-sans\/p1370437\/#main'><img loading=\"lazy\" decoding=\"async\" width=\"300\" height=\"300\" src=\"https:\/\/blog.panasonic.es\/lumix\/wp-content\/uploads\/2016\/05\/P1370437-300x300.jpg\" class=\"attachment-thumbnail size-thumbnail\" alt=\"\" \/><\/a>\n\t\t\t<\/div><\/figure><figure class='gallery-item'>\n\t\t\t<div class='gallery-icon landscape'>\n\t\t\t\t<a href='https:\/\/blog.panasonic.es\/lumix\/sao-miquel-maceio-coruripe-nomada-albert-sans\/p1360183\/#main'><img loading=\"lazy\" decoding=\"async\" width=\"300\" height=\"300\" src=\"https:\/\/blog.panasonic.es\/lumix\/wp-content\/uploads\/2016\/05\/P1360183-300x300.jpg\" class=\"attachment-thumbnail size-thumbnail\" alt=\"\" \/><\/a>\n\t\t\t<\/div><\/figure><figure class='gallery-item'>\n\t\t\t<div class='gallery-icon portrait'>\n\t\t\t\t<a href='https:\/\/blog.panasonic.es\/lumix\/sao-miquel-maceio-coruripe-nomada-albert-sans\/p1360878\/#main'><img loading=\"lazy\" decoding=\"async\" width=\"300\" height=\"300\" src=\"https:\/\/blog.panasonic.es\/lumix\/wp-content\/uploads\/2016\/05\/P1360878-300x300.jpg\" class=\"attachment-thumbnail size-thumbnail\" alt=\"\" \/><\/a>\n\t\t\t<\/div><\/figure><figure class='gallery-item'>\n\t\t\t<div class='gallery-icon portrait'>\n\t\t\t\t<a href='https:\/\/blog.panasonic.es\/lumix\/sao-miquel-maceio-coruripe-nomada-albert-sans\/p1360239\/#main'><img loading=\"lazy\" decoding=\"async\" width=\"300\" height=\"300\" src=\"https:\/\/blog.panasonic.es\/lumix\/wp-content\/uploads\/2016\/05\/P1360239-300x300.jpg\" class=\"attachment-thumbnail size-thumbnail\" alt=\"\" \/><\/a>\n\t\t\t<\/div><\/figure>\n\t\t<\/div>\n\n<p>&nbsp;<\/p>\n<p>&nbsp;    \t<\/p>\n","protected":false},"excerpt":{"rendered":"<p>De Sao Miquel dos Milagres se pierde en el retrovisor mientras serpenteo por enormes campos de ca\u00f1a de az\u00facar esquivando serpientes rumo a Macei\u00f3 capital del estado de Alagoas. Salto alg\u00fan rio mientras los \u201cmuleques\u201d (j\u00f3venes gamberrillos) saltan de los puentes disfrutando del eterno verano brasilero. Llego a Macei\u00f3 donde apenas descanso un par de &#8230; <a title=\"Sao Miquel dos Milagres, Macei\u00f3, Coruripe&#8230; Sigue la aventura n\u00f3mada con Albert Sans\" class=\"read-more\" href=\"https:\/\/blog.panasonic.es\/lumix\/sao-miquel-maceio-coruripe-nomada-albert-sans\/\" aria-label=\"Leer m\u00e1s sobre Sao Miquel dos Milagres, Macei\u00f3, Coruripe&#8230; Sigue la aventura n\u00f3mada con Albert Sans\">Leer m\u00e1s<\/a><\/p>\n","protected":false},"author":3,"featured_media":14613,"comment_status":"open","ping_status":"open","sticky":false,"template":"","format":"standard","meta":{"_acf_changed":false,"footnotes":""},"categories":[26],"tags":[],"class_list":["post-14597","post","type-post","status-publish","format-standard","has-post-thumbnail","hentry","category-blog"],"acf":[],"yoast_head":"<!-- This site is optimized with the Yoast SEO plugin v27.4 - https:\/\/yoast.com\/product\/yoast-seo-wordpress\/ -->\n<title>Sao Miquel dos Milagres, Macei\u00f3, Coruripe... Sigue la aventura n\u00f3mada con Albert Sans - Lumix<\/title>\n<meta name=\"description\" content=\"Albert Sans, el viajero ciclista, sigue con la vuelta al mundo m\u00e1s lenta de la historia. Descubre sus fant\u00e1sticas fotos en su \u00faltimo post\" \/>\n<meta name=\"robots\" content=\"index, follow, max-snippet:-1, max-image-preview:large, max-video-preview:-1\" \/>\n<link rel=\"canonical\" href=\"https:\/\/blog.panasonic.es\/lumix\/sao-miquel-maceio-coruripe-nomada-albert-sans\/\" \/>\n<meta property=\"og:locale\" content=\"es_ES\" \/>\n<meta property=\"og:type\" content=\"article\" \/>\n<meta property=\"og:title\" content=\"Sao Miquel dos Milagres, Macei\u00f3, Coruripe... Sigue la aventura n\u00f3mada con Albert Sans - Lumix\" \/>\n<meta property=\"og:description\" content=\"Albert Sans, el viajero ciclista, sigue con la vuelta al mundo m\u00e1s lenta de la historia. Descubre sus fant\u00e1sticas fotos en su \u00faltimo post\" \/>\n<meta property=\"og:url\" content=\"https:\/\/blog.panasonic.es\/lumix\/sao-miquel-maceio-coruripe-nomada-albert-sans\/\" \/>\n<meta property=\"og:site_name\" content=\"Lumix\" \/>\n<meta property=\"article:published_time\" content=\"2016-05-19T09:36:57+00:00\" \/>\n<meta property=\"og:image\" content=\"https:\/\/blog.panasonic.es\/lumix\/wp-content\/uploads\/2016\/05\/foro-portada_.jpg\" \/>\n\t<meta property=\"og:image:width\" content=\"800\" \/>\n\t<meta property=\"og:image:height\" content=\"450\" \/>\n\t<meta property=\"og:image:type\" content=\"image\/jpeg\" \/>\n<meta name=\"author\" content=\"Lumix\" \/>\n<meta name=\"twitter:card\" content=\"summary_large_image\" \/>\n<script type=\"application\/ld+json\" class=\"yoast-schema-graph\">{\"@context\":\"https:\\\/\\\/schema.org\",\"@graph\":[{\"@type\":\"Article\",\"@id\":\"https:\\\/\\\/blog.panasonic.es\\\/lumix\\\/sao-miquel-maceio-coruripe-nomada-albert-sans\\\/#article\",\"isPartOf\":{\"@id\":\"https:\\\/\\\/blog.panasonic.es\\\/lumix\\\/sao-miquel-maceio-coruripe-nomada-albert-sans\\\/\"},\"author\":{\"name\":\"Lumix\",\"@id\":\"https:\\\/\\\/blog.panasonic.es\\\/lumix\\\/#\\\/schema\\\/person\\\/963a6a04c721c06e25e665ca89a43d19\"},\"headline\":\"Sao Miquel dos Milagres, Macei\u00f3, Coruripe&#8230; Sigue la aventura n\u00f3mada con Albert Sans\",\"datePublished\":\"2016-05-19T09:36:57+00:00\",\"mainEntityOfPage\":{\"@id\":\"https:\\\/\\\/blog.panasonic.es\\\/lumix\\\/sao-miquel-maceio-coruripe-nomada-albert-sans\\\/\"},\"wordCount\":788,\"commentCount\":0,\"publisher\":{\"@id\":\"https:\\\/\\\/blog.panasonic.es\\\/lumix\\\/#organization\"},\"image\":{\"@id\":\"https:\\\/\\\/blog.panasonic.es\\\/lumix\\\/sao-miquel-maceio-coruripe-nomada-albert-sans\\\/#primaryimage\"},\"thumbnailUrl\":\"https:\\\/\\\/blog.panasonic.es\\\/lumix\\\/wp-content\\\/uploads\\\/2016\\\/05\\\/foro-portada_.jpg\",\"articleSection\":[\"Blog\"],\"inLanguage\":\"es\"},{\"@type\":\"WebPage\",\"@id\":\"https:\\\/\\\/blog.panasonic.es\\\/lumix\\\/sao-miquel-maceio-coruripe-nomada-albert-sans\\\/\",\"url\":\"https:\\\/\\\/blog.panasonic.es\\\/lumix\\\/sao-miquel-maceio-coruripe-nomada-albert-sans\\\/\",\"name\":\"Sao Miquel dos Milagres, Macei\u00f3, Coruripe... Sigue la aventura n\u00f3mada con Albert Sans - Lumix\",\"isPartOf\":{\"@id\":\"https:\\\/\\\/blog.panasonic.es\\\/lumix\\\/#website\"},\"primaryImageOfPage\":{\"@id\":\"https:\\\/\\\/blog.panasonic.es\\\/lumix\\\/sao-miquel-maceio-coruripe-nomada-albert-sans\\\/#primaryimage\"},\"image\":{\"@id\":\"https:\\\/\\\/blog.panasonic.es\\\/lumix\\\/sao-miquel-maceio-coruripe-nomada-albert-sans\\\/#primaryimage\"},\"thumbnailUrl\":\"https:\\\/\\\/blog.panasonic.es\\\/lumix\\\/wp-content\\\/uploads\\\/2016\\\/05\\\/foro-portada_.jpg\",\"datePublished\":\"2016-05-19T09:36:57+00:00\",\"description\":\"Albert Sans, el viajero ciclista, sigue con la vuelta al mundo m\u00e1s lenta de la historia. Descubre sus fant\u00e1sticas fotos en su \u00faltimo post\",\"breadcrumb\":{\"@id\":\"https:\\\/\\\/blog.panasonic.es\\\/lumix\\\/sao-miquel-maceio-coruripe-nomada-albert-sans\\\/#breadcrumb\"},\"inLanguage\":\"es\",\"potentialAction\":[{\"@type\":\"ReadAction\",\"target\":[\"https:\\\/\\\/blog.panasonic.es\\\/lumix\\\/sao-miquel-maceio-coruripe-nomada-albert-sans\\\/\"]}]},{\"@type\":\"ImageObject\",\"inLanguage\":\"es\",\"@id\":\"https:\\\/\\\/blog.panasonic.es\\\/lumix\\\/sao-miquel-maceio-coruripe-nomada-albert-sans\\\/#primaryimage\",\"url\":\"https:\\\/\\\/blog.panasonic.es\\\/lumix\\\/wp-content\\\/uploads\\\/2016\\\/05\\\/foro-portada_.jpg\",\"contentUrl\":\"https:\\\/\\\/blog.panasonic.es\\\/lumix\\\/wp-content\\\/uploads\\\/2016\\\/05\\\/foro-portada_.jpg\",\"width\":800,\"height\":450},{\"@type\":\"BreadcrumbList\",\"@id\":\"https:\\\/\\\/blog.panasonic.es\\\/lumix\\\/sao-miquel-maceio-coruripe-nomada-albert-sans\\\/#breadcrumb\",\"itemListElement\":[{\"@type\":\"ListItem\",\"position\":1,\"name\":\"Home\",\"item\":\"https:\\\/\\\/blog.panasonic.es\\\/lumix\\\/\"},{\"@type\":\"ListItem\",\"position\":2,\"name\":\"Blog\",\"item\":\"https:\\\/\\\/blog.panasonic.es\\\/lumix\\\/.\\\/blog\\\/\"},{\"@type\":\"ListItem\",\"position\":3,\"name\":\"Sao Miquel dos Milagres, Macei\u00f3, Coruripe&#8230; Sigue la aventura n\u00f3mada con Albert Sans\"}]},{\"@type\":\"WebSite\",\"@id\":\"https:\\\/\\\/blog.panasonic.es\\\/lumix\\\/#website\",\"url\":\"https:\\\/\\\/blog.panasonic.es\\\/lumix\\\/\",\"name\":\"Lumix\",\"description\":\"LUMIX, Motion. Picture. Perfect\",\"publisher\":{\"@id\":\"https:\\\/\\\/blog.panasonic.es\\\/lumix\\\/#organization\"},\"potentialAction\":[{\"@type\":\"SearchAction\",\"target\":{\"@type\":\"EntryPoint\",\"urlTemplate\":\"https:\\\/\\\/blog.panasonic.es\\\/lumix\\\/?s={search_term_string}\"},\"query-input\":{\"@type\":\"PropertyValueSpecification\",\"valueRequired\":true,\"valueName\":\"search_term_string\"}}],\"inLanguage\":\"es\"},{\"@type\":\"Organization\",\"@id\":\"https:\\\/\\\/blog.panasonic.es\\\/lumix\\\/#organization\",\"name\":\"Lumix\",\"url\":\"https:\\\/\\\/blog.panasonic.es\\\/lumix\\\/\",\"logo\":{\"@type\":\"ImageObject\",\"inLanguage\":\"es\",\"@id\":\"https:\\\/\\\/blog.panasonic.es\\\/lumix\\\/#\\\/schema\\\/logo\\\/image\\\/\",\"url\":\"https:\\\/\\\/blog.panasonic.es\\\/lumix\\\/wp-content\\\/uploads\\\/2021\\\/09\\\/logo-blanco.svg\",\"contentUrl\":\"https:\\\/\\\/blog.panasonic.es\\\/lumix\\\/wp-content\\\/uploads\\\/2021\\\/09\\\/logo-blanco.svg\",\"width\":309,\"height\":38,\"caption\":\"Lumix\"},\"image\":{\"@id\":\"https:\\\/\\\/blog.panasonic.es\\\/lumix\\\/#\\\/schema\\\/logo\\\/image\\\/\"}},{\"@type\":\"Person\",\"@id\":\"https:\\\/\\\/blog.panasonic.es\\\/lumix\\\/#\\\/schema\\\/person\\\/963a6a04c721c06e25e665ca89a43d19\",\"name\":\"Lumix\",\"description\":\"LUMIX. Motion. Picture. Perfect. Apoyando estrechamente a los creadores, quienes lideran la cultura de la imagen, LUMIX proporciona una experiencia que les permite ser creativos como ellos desean, independientemente de si realizan im\u00e1genes fotograf\u00edas o v\u00eddeos. Queremos convertirnos en una marca que est\u00e9 con ellos, transmitiendo nuevas emociones juntos, sobrepasando los l\u00edmites de la creaci\u00f3n audiovisual. Esta es la idea y el significado de nuestro eslogan Motion. Picture. Perfect.\",\"sameAs\":[\"https:\\\/\\\/www.panasonic.com\\\/es\\\/\",\"anne.cohen\"],\"url\":\"https:\\\/\\\/blog.panasonic.es\\\/lumix\\\/embajador\\\/panasonic\\\/\"}]}<\/script>\n<!-- \/ Yoast SEO plugin. -->","yoast_head_json":{"title":"Sao Miquel dos Milagres, Macei\u00f3, Coruripe... Sigue la aventura n\u00f3mada con Albert Sans - Lumix","description":"Albert Sans, el viajero ciclista, sigue con la vuelta al mundo m\u00e1s lenta de la historia. Descubre sus fant\u00e1sticas fotos en su \u00faltimo post","robots":{"index":"index","follow":"follow","max-snippet":"max-snippet:-1","max-image-preview":"max-image-preview:large","max-video-preview":"max-video-preview:-1"},"canonical":"https:\/\/blog.panasonic.es\/lumix\/sao-miquel-maceio-coruripe-nomada-albert-sans\/","og_locale":"es_ES","og_type":"article","og_title":"Sao Miquel dos Milagres, Macei\u00f3, Coruripe... Sigue la aventura n\u00f3mada con Albert Sans - Lumix","og_description":"Albert Sans, el viajero ciclista, sigue con la vuelta al mundo m\u00e1s lenta de la historia. Descubre sus fant\u00e1sticas fotos en su \u00faltimo post","og_url":"https:\/\/blog.panasonic.es\/lumix\/sao-miquel-maceio-coruripe-nomada-albert-sans\/","og_site_name":"Lumix","article_published_time":"2016-05-19T09:36:57+00:00","og_image":[{"width":800,"height":450,"url":"https:\/\/blog.panasonic.es\/lumix\/wp-content\/uploads\/2016\/05\/foro-portada_.jpg","type":"image\/jpeg"}],"author":"Lumix","twitter_card":"summary_large_image","schema":{"@context":"https:\/\/schema.org","@graph":[{"@type":"Article","@id":"https:\/\/blog.panasonic.es\/lumix\/sao-miquel-maceio-coruripe-nomada-albert-sans\/#article","isPartOf":{"@id":"https:\/\/blog.panasonic.es\/lumix\/sao-miquel-maceio-coruripe-nomada-albert-sans\/"},"author":{"name":"Lumix","@id":"https:\/\/blog.panasonic.es\/lumix\/#\/schema\/person\/963a6a04c721c06e25e665ca89a43d19"},"headline":"Sao Miquel dos Milagres, Macei\u00f3, Coruripe&#8230; Sigue la aventura n\u00f3mada con Albert Sans","datePublished":"2016-05-19T09:36:57+00:00","mainEntityOfPage":{"@id":"https:\/\/blog.panasonic.es\/lumix\/sao-miquel-maceio-coruripe-nomada-albert-sans\/"},"wordCount":788,"commentCount":0,"publisher":{"@id":"https:\/\/blog.panasonic.es\/lumix\/#organization"},"image":{"@id":"https:\/\/blog.panasonic.es\/lumix\/sao-miquel-maceio-coruripe-nomada-albert-sans\/#primaryimage"},"thumbnailUrl":"https:\/\/blog.panasonic.es\/lumix\/wp-content\/uploads\/2016\/05\/foro-portada_.jpg","articleSection":["Blog"],"inLanguage":"es"},{"@type":"WebPage","@id":"https:\/\/blog.panasonic.es\/lumix\/sao-miquel-maceio-coruripe-nomada-albert-sans\/","url":"https:\/\/blog.panasonic.es\/lumix\/sao-miquel-maceio-coruripe-nomada-albert-sans\/","name":"Sao Miquel dos Milagres, Macei\u00f3, Coruripe... Sigue la aventura n\u00f3mada con Albert Sans - Lumix","isPartOf":{"@id":"https:\/\/blog.panasonic.es\/lumix\/#website"},"primaryImageOfPage":{"@id":"https:\/\/blog.panasonic.es\/lumix\/sao-miquel-maceio-coruripe-nomada-albert-sans\/#primaryimage"},"image":{"@id":"https:\/\/blog.panasonic.es\/lumix\/sao-miquel-maceio-coruripe-nomada-albert-sans\/#primaryimage"},"thumbnailUrl":"https:\/\/blog.panasonic.es\/lumix\/wp-content\/uploads\/2016\/05\/foro-portada_.jpg","datePublished":"2016-05-19T09:36:57+00:00","description":"Albert Sans, el viajero ciclista, sigue con la vuelta al mundo m\u00e1s lenta de la historia. Descubre sus fant\u00e1sticas fotos en su \u00faltimo post","breadcrumb":{"@id":"https:\/\/blog.panasonic.es\/lumix\/sao-miquel-maceio-coruripe-nomada-albert-sans\/#breadcrumb"},"inLanguage":"es","potentialAction":[{"@type":"ReadAction","target":["https:\/\/blog.panasonic.es\/lumix\/sao-miquel-maceio-coruripe-nomada-albert-sans\/"]}]},{"@type":"ImageObject","inLanguage":"es","@id":"https:\/\/blog.panasonic.es\/lumix\/sao-miquel-maceio-coruripe-nomada-albert-sans\/#primaryimage","url":"https:\/\/blog.panasonic.es\/lumix\/wp-content\/uploads\/2016\/05\/foro-portada_.jpg","contentUrl":"https:\/\/blog.panasonic.es\/lumix\/wp-content\/uploads\/2016\/05\/foro-portada_.jpg","width":800,"height":450},{"@type":"BreadcrumbList","@id":"https:\/\/blog.panasonic.es\/lumix\/sao-miquel-maceio-coruripe-nomada-albert-sans\/#breadcrumb","itemListElement":[{"@type":"ListItem","position":1,"name":"Home","item":"https:\/\/blog.panasonic.es\/lumix\/"},{"@type":"ListItem","position":2,"name":"Blog","item":"https:\/\/blog.panasonic.es\/lumix\/.\/blog\/"},{"@type":"ListItem","position":3,"name":"Sao Miquel dos Milagres, Macei\u00f3, Coruripe&#8230; Sigue la aventura n\u00f3mada con Albert Sans"}]},{"@type":"WebSite","@id":"https:\/\/blog.panasonic.es\/lumix\/#website","url":"https:\/\/blog.panasonic.es\/lumix\/","name":"Lumix","description":"LUMIX, Motion. Picture. Perfect","publisher":{"@id":"https:\/\/blog.panasonic.es\/lumix\/#organization"},"potentialAction":[{"@type":"SearchAction","target":{"@type":"EntryPoint","urlTemplate":"https:\/\/blog.panasonic.es\/lumix\/?s={search_term_string}"},"query-input":{"@type":"PropertyValueSpecification","valueRequired":true,"valueName":"search_term_string"}}],"inLanguage":"es"},{"@type":"Organization","@id":"https:\/\/blog.panasonic.es\/lumix\/#organization","name":"Lumix","url":"https:\/\/blog.panasonic.es\/lumix\/","logo":{"@type":"ImageObject","inLanguage":"es","@id":"https:\/\/blog.panasonic.es\/lumix\/#\/schema\/logo\/image\/","url":"https:\/\/blog.panasonic.es\/lumix\/wp-content\/uploads\/2021\/09\/logo-blanco.svg","contentUrl":"https:\/\/blog.panasonic.es\/lumix\/wp-content\/uploads\/2021\/09\/logo-blanco.svg","width":309,"height":38,"caption":"Lumix"},"image":{"@id":"https:\/\/blog.panasonic.es\/lumix\/#\/schema\/logo\/image\/"}},{"@type":"Person","@id":"https:\/\/blog.panasonic.es\/lumix\/#\/schema\/person\/963a6a04c721c06e25e665ca89a43d19","name":"Lumix","description":"LUMIX. Motion. Picture. Perfect. Apoyando estrechamente a los creadores, quienes lideran la cultura de la imagen, LUMIX proporciona una experiencia que les permite ser creativos como ellos desean, independientemente de si realizan im\u00e1genes fotograf\u00edas o v\u00eddeos. Queremos convertirnos en una marca que est\u00e9 con ellos, transmitiendo nuevas emociones juntos, sobrepasando los l\u00edmites de la creaci\u00f3n audiovisual. Esta es la idea y el significado de nuestro eslogan Motion. Picture. Perfect.","sameAs":["https:\/\/www.panasonic.com\/es\/","anne.cohen"],"url":"https:\/\/blog.panasonic.es\/lumix\/embajador\/panasonic\/"}]}},"_links":{"self":[{"href":"https:\/\/blog.panasonic.es\/lumix\/wp-json\/wp\/v2\/posts\/14597","targetHints":{"allow":["GET"]}}],"collection":[{"href":"https:\/\/blog.panasonic.es\/lumix\/wp-json\/wp\/v2\/posts"}],"about":[{"href":"https:\/\/blog.panasonic.es\/lumix\/wp-json\/wp\/v2\/types\/post"}],"author":[{"embeddable":true,"href":"https:\/\/blog.panasonic.es\/lumix\/wp-json\/wp\/v2\/users\/3"}],"replies":[{"embeddable":true,"href":"https:\/\/blog.panasonic.es\/lumix\/wp-json\/wp\/v2\/comments?post=14597"}],"version-history":[{"count":0,"href":"https:\/\/blog.panasonic.es\/lumix\/wp-json\/wp\/v2\/posts\/14597\/revisions"}],"wp:featuredmedia":[{"embeddable":true,"href":"https:\/\/blog.panasonic.es\/lumix\/wp-json\/wp\/v2\/media\/14613"}],"wp:attachment":[{"href":"https:\/\/blog.panasonic.es\/lumix\/wp-json\/wp\/v2\/media?parent=14597"}],"wp:term":[{"taxonomy":"category","embeddable":true,"href":"https:\/\/blog.panasonic.es\/lumix\/wp-json\/wp\/v2\/categories?post=14597"},{"taxonomy":"post_tag","embeddable":true,"href":"https:\/\/blog.panasonic.es\/lumix\/wp-json\/wp\/v2\/tags?post=14597"}],"curies":[{"name":"wp","href":"https:\/\/api.w.org\/{rel}","templated":true}]}}