{"id":21785,"date":"2019-02-01T13:54:59","date_gmt":"2019-02-01T12:54:59","guid":{"rendered":"https:\/\/blog.panasonic.es\/?p=21785"},"modified":"2021-11-16T12:51:45","modified_gmt":"2021-11-16T11:51:45","slug":"3-nuevos-objetivos-para-el-sistema-lumix-s-de-panasonic","status":"publish","type":"post","link":"https:\/\/blog.panasonic.es\/lumix\/3-nuevos-objetivos-para-el-sistema-lumix-s-de-panasonic\/","title":{"rendered":"3 Nuevos Objetivos para el Sistema Lumix S de Panasonic"},"content":{"rendered":"<h2>LUMIX presenta tres objetivos para el sistema LUMIX S<\/h2>\n<ul>\n<li>Objetivo de 50mm LUMIX S PRO F\/1.4<\/li>\n<li>Objetivo 70-200mm LUMIX S PRO F\/4 O.I.S.<\/li>\n<li>Objetivo macro 24-105mm LUMIX S F\/4 O.I.S.<\/li>\n<\/ul>\n<p><img fetchpriority=\"high\" decoding=\"async\" class=\"aligncenter wp-image-21817 size-full\" src=\"https:\/\/blog.panasonic.es\/lumix\/wp-content\/uploads\/2019\/01\/objetivos.jpg\" alt=\"\" width=\"820\" height=\"780\" srcset=\"https:\/\/blog.panasonic.es\/lumix\/wp-content\/uploads\/2019\/01\/objetivos.jpg 820w, https:\/\/blog.panasonic.es\/lumix\/wp-content\/uploads\/2019\/01\/objetivos-768x731.jpg 768w, https:\/\/blog.panasonic.es\/lumix\/wp-content\/uploads\/2019\/01\/objetivos-600x571.jpg 600w\" sizes=\"(max-width: 820px) 100vw, 820px\" \/><\/p>\n<p>Descubre los tres nuevos objetivos intercambiables para las c\u00e1maras de la nueva Serie S de LUMIX, sin espejo y Full-Frame.<\/p>\n<p>Con el sistema L-Mount de Leica y centrada especialmente en el uso profesional, la Serie S de LUMIX persigue los mayores est\u00e1ndares de calidad en sus c\u00e1maras y objetivos. Si bien todos los objetivos intercambiables de la serie LUMIX S ofrecen un alto rendimiento, las denominadas \u00abLUMIX S PRO\u00bb ampl\u00edan a\u00fan m\u00e1s los l\u00edmites de rendimiento \u00f3ptico para su aprobaci\u00f3n seg\u00fan los estrictos est\u00e1ndares de Leica.<\/p>\n<p>Panasonic se ha comprometido a dise\u00f1ar y desarrollar diez o m\u00e1s objetivos, con especial atenci\u00f3n en los modelos \u201cLUMIX S PRO\u201d de aqu\u00ed a 2020 y, de esta forma, expandir a\u00fan m\u00e1s el abanico de objetivos de la Serie S.<\/p>\n<h3>Dise\u00f1ados para un uso vers\u00e1til<\/h3>\n<ul>\n<li>Dise\u00f1o resistente al agua<\/li>\n<li>Cambio r\u00e1pido en el modo de enfoque<\/li>\n<li>Dise\u00f1ados para fotograf\u00eda y v\u00eddeo<\/li>\n<\/ul>\n<p>Todos los objetivos para la serie S de LUMIX tienen un dise\u00f1o resistente al polvo y las salpicaduras* &#8211; un dise\u00f1o resistente que puede usarse en condiciones dif\u00edciles, incluso a 10 grados bajo cero para poder equipararse al nivel profesional de las c\u00e1maras S1 y S1R.<\/p>\n<p>El elemento de enfoque de los objetivos est\u00e1 impulsado por motores de dise\u00f1o sofisticado que, adem\u00e1s, admiten la alta frecuencia llega a los 480 frames por segundo.<\/p>\n<p>Para un control definitivo, los objetivos tienen un mecanismo de enfoque que permite, de manera instant\u00e1nea, cambiar del enfoque autom\u00e1tico al ajuste manual en cualquier momento.<\/p>\n<p>Las lentes S de LUMIX tambi\u00e9n son excelentes cuando se usan para video, ya que est\u00e1n dise\u00f1adas para suprimir el focus breathing durante la grabaci\u00f3n.<\/p>\n<h6>*La Resistencia al polvo y a las salpicaduras no garantiza que no se puedan estropear si el objetivo est\u00e1 en contacto directo con el polvo y el agua.<\/h6>\n<hr \/>\n<h2>Objetivo LUMIX S PRO 50mm F\/1.4 (S-X50)<\/h2>\n<ul>\n<li>Gran apertura de F\/1.4<\/li>\n<li>Iris de 11 palas para un bokeh excepcional<\/li>\n<li>Excelente nitidez en todo el marco<\/li>\n<\/ul>\n<p><img decoding=\"async\" class=\"aligncenter size-full wp-image-21820\" src=\"https:\/\/blog.panasonic.es\/lumix\/wp-content\/uploads\/2019\/01\/S-X50_k_side_MF.jpg\" alt=\"\" width=\"803\" height=\"600\" srcset=\"https:\/\/blog.panasonic.es\/lumix\/wp-content\/uploads\/2019\/01\/S-X50_k_side_MF.jpg 803w, https:\/\/blog.panasonic.es\/lumix\/wp-content\/uploads\/2019\/01\/S-X50_k_side_MF-768x574.jpg 768w, https:\/\/blog.panasonic.es\/lumix\/wp-content\/uploads\/2019\/01\/S-X50_k_side_MF-600x448.jpg 600w\" sizes=\"(max-width: 803px) 100vw, 803px\" \/>En el coraz\u00f3n de los nuevos objetivos para la serie LUMIX S se encuentra el nuevo objetivo LUMIX S PRO de 50mm F\/1.4. Este objetivo posee una \u00f3ptica de gran apertura con una distancia focal considerada \u00abest\u00e1ndar\u00bb para el Full-Frame, que ofrece una resoluci\u00f3n muy elevada y una nitidez incre\u00edble desde el centro a las esquinas, incluso cuando se usa completamente abierto. El dise\u00f1o de la \u00f3ptica y el uso de un iris de 11 palas proporciona una transici\u00f3n de enfoque totalmente suave y, de manera excepcional, un bokeh atractivo.<\/p>\n<p><img decoding=\"async\" class=\"alignright size-medium wp-image-21816\" src=\"https:\/\/blog.panasonic.es\/lumix\/wp-content\/uploads\/2019\/01\/50mm_lens-sealing-300x165.jpg\" alt=\"\" width=\"300\" height=\"165\" \/>Consta de 13 elementos divididos en 11 grupos, 2 lentes asf\u00e9ricas y 3 lentes de dispersi\u00f3n extra baja que se utilizan para evitar las aberraciones crom\u00e1ticas y para garantizar una excelente resoluci\u00f3n del centro a la esquina.<\/p>\n<p style=\"text-align: center;\">[button link=\u00bbhttps:\/\/www.panasonic.com\/es\/consumer\/camaras-y-videocamaras\/objetivos-lumix-s\/s-x50.html\u00bb style=\u00bbinfo\u00bb size=\u00bblarge\u00bb\u00a0 color=\u00bbgreen\u00bb window=\u00bbyes\u00bb]Descubre el Objetivo LUMIX S PRO 50mm F\/1.4[\/button]\n<h2>Objetivo LUMIX S PRO 70-200mm F\/4 O.I.S. (S-R70200)<\/h2>\n<ul>\n<li>Un objetivo perfecto para el deporte, la acci\u00f3n y la vida salvaje<\/li>\n<li>Estabilizaci\u00f3n de imagen de 6 pasos<\/li>\n<li>Consigue un bonito efecto bokeh<\/li>\n<\/ul>\n<p><img loading=\"lazy\" decoding=\"async\" class=\"aligncenter size-full wp-image-21819\" src=\"https:\/\/blog.panasonic.es\/lumix\/wp-content\/uploads\/2019\/01\/S-R70200_k_slant.jpg\" alt=\"\" width=\"803\" height=\"600\" srcset=\"https:\/\/blog.panasonic.es\/lumix\/wp-content\/uploads\/2019\/01\/S-R70200_k_slant.jpg 803w, https:\/\/blog.panasonic.es\/lumix\/wp-content\/uploads\/2019\/01\/S-R70200_k_slant-768x574.jpg 768w, https:\/\/blog.panasonic.es\/lumix\/wp-content\/uploads\/2019\/01\/S-R70200_k_slant-600x448.jpg 600w\" sizes=\"(max-width: 803px) 100vw, 803px\" \/>El nuevo objetivo 70-200mm de LUMIX S PRO F\/4 O.I.S. es un teleobjetivo que proporciona im\u00e1genes de alta resoluci\u00f3n con un alto contraste en todo el rango de zoom. Dise\u00f1ado para ser utilizado en una amplia gama de situaciones, desde fotograf\u00edas de retratos hasta de deportes, el objetivo es compatible con el sistema Dual I.S*1 de 5 ejes de Panasonic y ofrece una estabilizaci\u00f3n de imagen de 6 pasos*2 &#8211; la primera para un sistema de c\u00e1mara Full-Frame sin espejo.<\/p>\n<p>Las 9 hojas de apertura crean una apertura circular que permite obtener atractivos desenfoques. El rendimiento \u00f3ptico de este objetivo LUMIX S PRO es excepcional para cumplir con los estrictos est\u00e1ndares de Leica.<\/p>\n<p>Constituido por 23 elementos divididos en 17 grupos, utiliza una \u00f3ptica asf\u00e9rica y 3 \u00f3pticas de dispersi\u00f3n extra baja para minimizar las aberraciones crom\u00e1ticas y maximizar la nitidez. Todo ello logra un precioso efecto bokeh y un vi\u00f1eteado m\u00ednimo.<\/p>\n<p style=\"text-align: center;\">[button link=\u00bbhttps:\/\/www.panasonic.com\/es\/consumer\/camaras-y-videocamaras\/objetivos-lumix-s\/s-r70200.html\u00bb style=\u00bbinfo\u00bb size=\u00bblarge\u00bb\u00a0 color=\u00bbgreen\u00bb window=\u00bbyes\u00bb]Descubre el Objetivo LUMIX S PRO 70-200mm F\/4 O.I.S.[\/button]\n<h6>*1 Dual I.S. 2 de 5 ejes puede usarse con la c\u00e1mara LUMIX S1R y S1, a 1 de febrero de 2019.<\/h6>\n<h6>*2 Basado en el est\u00e1ndar CIPA [ distancia de foco f=200mm, cuando se usa la LUMIX S1R.<\/h6>\n<h2>Objetivo LUMIX S 24-105mm F4 MACRO O.I.S. (S-R24105)<\/h2>\n<ul>\n<li>Un objetivo perfecto para cualquier uso<\/li>\n<li>0.5x de magnificaci\u00f3n en Macro<\/li>\n<li>Estabilizaci\u00f3n de imagen de 6 pasos<\/li>\n<\/ul>\n<p><img loading=\"lazy\" decoding=\"async\" class=\"aligncenter size-full wp-image-21818\" src=\"https:\/\/blog.panasonic.es\/lumix\/wp-content\/uploads\/2019\/01\/S-R24105_k_side.jpg\" alt=\"\" width=\"803\" height=\"600\" srcset=\"https:\/\/blog.panasonic.es\/lumix\/wp-content\/uploads\/2019\/01\/S-R24105_k_side.jpg 803w, https:\/\/blog.panasonic.es\/lumix\/wp-content\/uploads\/2019\/01\/S-R24105_k_side-768x574.jpg 768w, https:\/\/blog.panasonic.es\/lumix\/wp-content\/uploads\/2019\/01\/S-R24105_k_side-600x448.jpg 600w\" sizes=\"(max-width: 803px) 100vw, 803px\" \/>El objetivo macro de 24-105mm de la nueva serie S de LUMIX F\/4 O.I.S. es un objetivo est\u00e1ndar de zoom vers\u00e1til que cubre distancias focales que van desde un gran angular a un teleobjetivo. Asegura una excelente nitidez en todo el rango de zoom y es \u00fatil para muchas aplicaciones, desde paisajes hasta retratos. Tambi\u00e9n es perfecto para primeros planos y macro, ya que ofrece un aumento de zoom de 0.5x y una distancia de enfoque m\u00e1s cercana, de 0.3mm.<\/p>\n<p>La combinaci\u00f3n del estabilizador \u00f3ptico de imagen (O.I.S) con el sistema de estabilizaci\u00f3n de imagen del cuerpo de las c\u00e1maras LUMIX S1 y S1R permite, gracias a la tecnolog\u00eda Dual I.S. 2 de 5 ejes, ofrecer hasta 6 pasos de compensaci\u00f3n*1.<\/p>\n<p>El objetivo est\u00e1 formado por 16 elementos divididos en 13 grupos y utiliza dos lentes asf\u00e9ricas y dos elementos de dispersi\u00f3n extra bajos para evitar la aberraci\u00f3n crom\u00e1tica y conseguir un elevado grado de detalle en la resoluci\u00f3n.<\/p>\n<p style=\"text-align: center;\">[button link=\u00bbhttps:\/\/www.panasonic.com\/es\/consumer\/camaras-y-videocamaras\/objetivos-lumix-s\/s-r24105.html\u00bb style=\u00bbinfo\u00bb size=\u00bblarge\u00bb\u00a0 color=\u00bbgreen\u00bb window=\u00bbyes\u00bb]Descubre el Objetivo LUMIX S 24-105mm F4 MACRO O.I.S.[\/button]\n<h6>*1 Basado en el est\u00e1ndar CIPA [Yaw\/Pitch: distancia de foco f=105mm, cuando se usa la LUMIX S1R.<\/h6>\n<h2>Ahorra hasta 600\u20ac en la compra de tu equipo Lumix S<\/h2>\n<p><img loading=\"lazy\" decoding=\"async\" class=\"size-large wp-image-21841 aligncenter\" src=\"https:\/\/blog.panasonic.es\/lumix\/wp-content\/uploads\/2019\/02\/1250x350_lumixs-1024x287.jpg\" alt=\"\" width=\"713\" height=\"200\" srcset=\"https:\/\/blog.panasonic.es\/lumix\/wp-content\/uploads\/2019\/02\/1250x350_lumixs-1024x287.jpg 1024w, https:\/\/blog.panasonic.es\/lumix\/wp-content\/uploads\/2019\/02\/1250x350_lumixs-768x215.jpg 768w, https:\/\/blog.panasonic.es\/lumix\/wp-content\/uploads\/2019\/02\/1250x350_lumixs-600x168.jpg 600w, https:\/\/blog.panasonic.es\/lumix\/wp-content\/uploads\/2019\/02\/1250x350_lumixs.jpg 1250w\" sizes=\"(max-width: 713px) 100vw, 713px\" \/><\/p>\n<p>&nbsp;<\/p>\n<p>Si quieres ser uno de los primeros en disfrutar de las nuevas c\u00e1maras y objetivos Lumix S Full Frame, aprovecha esta ocasi\u00f3n para renovar tu equipo y ahorrar hasta 600\u20ac.<\/p>\n<p>Descubre esta promoci\u00f3n <a href=\"https:\/\/blog.panasonic.es\/lumix\/promo-lanzamiento-lumix-s\/\" target=\"_blank\" rel=\"noopener\">aqu\u00ed<\/a>.    \t<\/p>\n","protected":false},"excerpt":{"rendered":"<p>LUMIX presenta tres objetivos para el sistema LUMIX S Objetivo de 50mm LUMIX S PRO F\/1.4 Objetivo 70-200mm LUMIX S PRO F\/4 O.I.S. Objetivo macro 24-105mm LUMIX S F\/4 O.I.S. Descubre los tres nuevos objetivos intercambiables para las c\u00e1maras de la nueva Serie S de LUMIX, sin espejo y Full-Frame. Con el sistema L-Mount de &#8230; <a title=\"3 Nuevos Objetivos para el Sistema Lumix S de Panasonic\" class=\"read-more\" href=\"https:\/\/blog.panasonic.es\/lumix\/3-nuevos-objetivos-para-el-sistema-lumix-s-de-panasonic\/\" aria-label=\"Leer m\u00e1s sobre 3 Nuevos Objetivos para el Sistema Lumix S de Panasonic\">Leer m\u00e1s<\/a><\/p>\n","protected":false},"author":3,"featured_media":21817,"comment_status":"open","ping_status":"open","sticky":false,"template":"","format":"standard","meta":{"_acf_changed":false,"footnotes":""},"categories":[26],"tags":[136],"class_list":["post-21785","post","type-post","status-publish","format-standard","has-post-thumbnail","hentry","category-blog","tag-novedades-de-producto"],"acf":[],"yoast_head":"<!-- This site is optimized with the Yoast SEO plugin v27.4 - https:\/\/yoast.com\/product\/yoast-seo-wordpress\/ -->\n<title>3 Nuevos Objetivos para el Sistema Lumix S de Panasonic - Lumix<\/title>\n<meta name=\"description\" content=\"Descubre los tres nuevos objetivos intercambiables para las c\u00e1maras de la nueva Serie S de LUMIX, sin espejo y Full-Frame.\" \/>\n<meta name=\"robots\" content=\"index, follow, max-snippet:-1, max-image-preview:large, max-video-preview:-1\" \/>\n<link rel=\"canonical\" href=\"https:\/\/blog.panasonic.es\/lumix\/3-nuevos-objetivos-para-el-sistema-lumix-s-de-panasonic\/\" \/>\n<meta property=\"og:locale\" content=\"es_ES\" \/>\n<meta property=\"og:type\" content=\"article\" \/>\n<meta property=\"og:title\" content=\"3 Nuevos Objetivos para el Sistema Lumix S de Panasonic - Lumix\" \/>\n<meta property=\"og:description\" content=\"Descubre los tres nuevos objetivos intercambiables para las c\u00e1maras de la nueva Serie S de LUMIX, sin espejo y Full-Frame.\" \/>\n<meta property=\"og:url\" content=\"https:\/\/blog.panasonic.es\/lumix\/3-nuevos-objetivos-para-el-sistema-lumix-s-de-panasonic\/\" \/>\n<meta property=\"og:site_name\" content=\"Lumix\" \/>\n<meta property=\"article:published_time\" content=\"2019-02-01T12:54:59+00:00\" \/>\n<meta property=\"article:modified_time\" content=\"2021-11-16T11:51:45+00:00\" \/>\n<meta property=\"og:image\" content=\"https:\/\/blog.panasonic.es\/lumix\/wp-content\/uploads\/2019\/01\/objetivos.jpg\" \/>\n\t<meta property=\"og:image:width\" content=\"820\" \/>\n\t<meta property=\"og:image:height\" content=\"780\" \/>\n\t<meta property=\"og:image:type\" content=\"image\/jpeg\" \/>\n<meta name=\"author\" content=\"Lumix\" \/>\n<meta name=\"twitter:card\" content=\"summary_large_image\" \/>\n<script type=\"application\/ld+json\" class=\"yoast-schema-graph\">{\"@context\":\"https:\\\/\\\/schema.org\",\"@graph\":[{\"@type\":\"Article\",\"@id\":\"https:\\\/\\\/blog.panasonic.es\\\/lumix\\\/3-nuevos-objetivos-para-el-sistema-lumix-s-de-panasonic\\\/#article\",\"isPartOf\":{\"@id\":\"https:\\\/\\\/blog.panasonic.es\\\/lumix\\\/3-nuevos-objetivos-para-el-sistema-lumix-s-de-panasonic\\\/\"},\"author\":{\"name\":\"Lumix\",\"@id\":\"https:\\\/\\\/blog.panasonic.es\\\/lumix\\\/#\\\/schema\\\/person\\\/963a6a04c721c06e25e665ca89a43d19\"},\"headline\":\"3 Nuevos Objetivos para el Sistema Lumix S de Panasonic\",\"datePublished\":\"2019-02-01T12:54:59+00:00\",\"dateModified\":\"2021-11-16T11:51:45+00:00\",\"mainEntityOfPage\":{\"@id\":\"https:\\\/\\\/blog.panasonic.es\\\/lumix\\\/3-nuevos-objetivos-para-el-sistema-lumix-s-de-panasonic\\\/\"},\"wordCount\":1133,\"commentCount\":0,\"publisher\":{\"@id\":\"https:\\\/\\\/blog.panasonic.es\\\/lumix\\\/#organization\"},\"image\":{\"@id\":\"https:\\\/\\\/blog.panasonic.es\\\/lumix\\\/3-nuevos-objetivos-para-el-sistema-lumix-s-de-panasonic\\\/#primaryimage\"},\"thumbnailUrl\":\"https:\\\/\\\/blog.panasonic.es\\\/lumix\\\/wp-content\\\/uploads\\\/2019\\\/01\\\/objetivos.jpg\",\"keywords\":[\"Novedades de producto\"],\"articleSection\":[\"Blog\"],\"inLanguage\":\"es\"},{\"@type\":\"WebPage\",\"@id\":\"https:\\\/\\\/blog.panasonic.es\\\/lumix\\\/3-nuevos-objetivos-para-el-sistema-lumix-s-de-panasonic\\\/\",\"url\":\"https:\\\/\\\/blog.panasonic.es\\\/lumix\\\/3-nuevos-objetivos-para-el-sistema-lumix-s-de-panasonic\\\/\",\"name\":\"3 Nuevos Objetivos para el Sistema Lumix S de Panasonic - Lumix\",\"isPartOf\":{\"@id\":\"https:\\\/\\\/blog.panasonic.es\\\/lumix\\\/#website\"},\"primaryImageOfPage\":{\"@id\":\"https:\\\/\\\/blog.panasonic.es\\\/lumix\\\/3-nuevos-objetivos-para-el-sistema-lumix-s-de-panasonic\\\/#primaryimage\"},\"image\":{\"@id\":\"https:\\\/\\\/blog.panasonic.es\\\/lumix\\\/3-nuevos-objetivos-para-el-sistema-lumix-s-de-panasonic\\\/#primaryimage\"},\"thumbnailUrl\":\"https:\\\/\\\/blog.panasonic.es\\\/lumix\\\/wp-content\\\/uploads\\\/2019\\\/01\\\/objetivos.jpg\",\"datePublished\":\"2019-02-01T12:54:59+00:00\",\"dateModified\":\"2021-11-16T11:51:45+00:00\",\"description\":\"Descubre los tres nuevos objetivos intercambiables para las c\u00e1maras de la nueva Serie S de LUMIX, sin espejo y Full-Frame.\",\"breadcrumb\":{\"@id\":\"https:\\\/\\\/blog.panasonic.es\\\/lumix\\\/3-nuevos-objetivos-para-el-sistema-lumix-s-de-panasonic\\\/#breadcrumb\"},\"inLanguage\":\"es\",\"potentialAction\":[{\"@type\":\"ReadAction\",\"target\":[\"https:\\\/\\\/blog.panasonic.es\\\/lumix\\\/3-nuevos-objetivos-para-el-sistema-lumix-s-de-panasonic\\\/\"]}]},{\"@type\":\"ImageObject\",\"inLanguage\":\"es\",\"@id\":\"https:\\\/\\\/blog.panasonic.es\\\/lumix\\\/3-nuevos-objetivos-para-el-sistema-lumix-s-de-panasonic\\\/#primaryimage\",\"url\":\"https:\\\/\\\/blog.panasonic.es\\\/lumix\\\/wp-content\\\/uploads\\\/2019\\\/01\\\/objetivos.jpg\",\"contentUrl\":\"https:\\\/\\\/blog.panasonic.es\\\/lumix\\\/wp-content\\\/uploads\\\/2019\\\/01\\\/objetivos.jpg\",\"width\":820,\"height\":780},{\"@type\":\"BreadcrumbList\",\"@id\":\"https:\\\/\\\/blog.panasonic.es\\\/lumix\\\/3-nuevos-objetivos-para-el-sistema-lumix-s-de-panasonic\\\/#breadcrumb\",\"itemListElement\":[{\"@type\":\"ListItem\",\"position\":1,\"name\":\"Home\",\"item\":\"https:\\\/\\\/blog.panasonic.es\\\/lumix\\\/\"},{\"@type\":\"ListItem\",\"position\":2,\"name\":\"3 Nuevos Objetivos para el Sistema Lumix S de Panasonic\"}]},{\"@type\":\"WebSite\",\"@id\":\"https:\\\/\\\/blog.panasonic.es\\\/lumix\\\/#website\",\"url\":\"https:\\\/\\\/blog.panasonic.es\\\/lumix\\\/\",\"name\":\"Lumix\",\"description\":\"LUMIX, Motion. Picture. Perfect\",\"publisher\":{\"@id\":\"https:\\\/\\\/blog.panasonic.es\\\/lumix\\\/#organization\"},\"potentialAction\":[{\"@type\":\"SearchAction\",\"target\":{\"@type\":\"EntryPoint\",\"urlTemplate\":\"https:\\\/\\\/blog.panasonic.es\\\/lumix\\\/?s={search_term_string}\"},\"query-input\":{\"@type\":\"PropertyValueSpecification\",\"valueRequired\":true,\"valueName\":\"search_term_string\"}}],\"inLanguage\":\"es\"},{\"@type\":\"Organization\",\"@id\":\"https:\\\/\\\/blog.panasonic.es\\\/lumix\\\/#organization\",\"name\":\"Lumix\",\"url\":\"https:\\\/\\\/blog.panasonic.es\\\/lumix\\\/\",\"logo\":{\"@type\":\"ImageObject\",\"inLanguage\":\"es\",\"@id\":\"https:\\\/\\\/blog.panasonic.es\\\/lumix\\\/#\\\/schema\\\/logo\\\/image\\\/\",\"url\":\"https:\\\/\\\/blog.panasonic.es\\\/lumix\\\/wp-content\\\/uploads\\\/2021\\\/09\\\/logo-blanco.svg\",\"contentUrl\":\"https:\\\/\\\/blog.panasonic.es\\\/lumix\\\/wp-content\\\/uploads\\\/2021\\\/09\\\/logo-blanco.svg\",\"width\":309,\"height\":38,\"caption\":\"Lumix\"},\"image\":{\"@id\":\"https:\\\/\\\/blog.panasonic.es\\\/lumix\\\/#\\\/schema\\\/logo\\\/image\\\/\"}},{\"@type\":\"Person\",\"@id\":\"https:\\\/\\\/blog.panasonic.es\\\/lumix\\\/#\\\/schema\\\/person\\\/963a6a04c721c06e25e665ca89a43d19\",\"name\":\"Lumix\",\"description\":\"LUMIX. Motion. Picture. Perfect. Apoyando estrechamente a los creadores, quienes lideran la cultura de la imagen, LUMIX proporciona una experiencia que les permite ser creativos como ellos desean, independientemente de si realizan im\u00e1genes fotograf\u00edas o v\u00eddeos. Queremos convertirnos en una marca que est\u00e9 con ellos, transmitiendo nuevas emociones juntos, sobrepasando los l\u00edmites de la creaci\u00f3n audiovisual. Esta es la idea y el significado de nuestro eslogan Motion. Picture. Perfect.\",\"sameAs\":[\"https:\\\/\\\/www.panasonic.com\\\/es\\\/\",\"anne.cohen\"],\"url\":\"https:\\\/\\\/blog.panasonic.es\\\/lumix\\\/embajador\\\/panasonic\\\/\"}]}<\/script>\n<!-- \/ Yoast SEO plugin. -->","yoast_head_json":{"title":"3 Nuevos Objetivos para el Sistema Lumix S de Panasonic - Lumix","description":"Descubre los tres nuevos objetivos intercambiables para las c\u00e1maras de la nueva Serie S de LUMIX, sin espejo y Full-Frame.","robots":{"index":"index","follow":"follow","max-snippet":"max-snippet:-1","max-image-preview":"max-image-preview:large","max-video-preview":"max-video-preview:-1"},"canonical":"https:\/\/blog.panasonic.es\/lumix\/3-nuevos-objetivos-para-el-sistema-lumix-s-de-panasonic\/","og_locale":"es_ES","og_type":"article","og_title":"3 Nuevos Objetivos para el Sistema Lumix S de Panasonic - Lumix","og_description":"Descubre los tres nuevos objetivos intercambiables para las c\u00e1maras de la nueva Serie S de LUMIX, sin espejo y Full-Frame.","og_url":"https:\/\/blog.panasonic.es\/lumix\/3-nuevos-objetivos-para-el-sistema-lumix-s-de-panasonic\/","og_site_name":"Lumix","article_published_time":"2019-02-01T12:54:59+00:00","article_modified_time":"2021-11-16T11:51:45+00:00","og_image":[{"width":820,"height":780,"url":"https:\/\/blog.panasonic.es\/lumix\/wp-content\/uploads\/2019\/01\/objetivos.jpg","type":"image\/jpeg"}],"author":"Lumix","twitter_card":"summary_large_image","schema":{"@context":"https:\/\/schema.org","@graph":[{"@type":"Article","@id":"https:\/\/blog.panasonic.es\/lumix\/3-nuevos-objetivos-para-el-sistema-lumix-s-de-panasonic\/#article","isPartOf":{"@id":"https:\/\/blog.panasonic.es\/lumix\/3-nuevos-objetivos-para-el-sistema-lumix-s-de-panasonic\/"},"author":{"name":"Lumix","@id":"https:\/\/blog.panasonic.es\/lumix\/#\/schema\/person\/963a6a04c721c06e25e665ca89a43d19"},"headline":"3 Nuevos Objetivos para el Sistema Lumix S de Panasonic","datePublished":"2019-02-01T12:54:59+00:00","dateModified":"2021-11-16T11:51:45+00:00","mainEntityOfPage":{"@id":"https:\/\/blog.panasonic.es\/lumix\/3-nuevos-objetivos-para-el-sistema-lumix-s-de-panasonic\/"},"wordCount":1133,"commentCount":0,"publisher":{"@id":"https:\/\/blog.panasonic.es\/lumix\/#organization"},"image":{"@id":"https:\/\/blog.panasonic.es\/lumix\/3-nuevos-objetivos-para-el-sistema-lumix-s-de-panasonic\/#primaryimage"},"thumbnailUrl":"https:\/\/blog.panasonic.es\/lumix\/wp-content\/uploads\/2019\/01\/objetivos.jpg","keywords":["Novedades de producto"],"articleSection":["Blog"],"inLanguage":"es"},{"@type":"WebPage","@id":"https:\/\/blog.panasonic.es\/lumix\/3-nuevos-objetivos-para-el-sistema-lumix-s-de-panasonic\/","url":"https:\/\/blog.panasonic.es\/lumix\/3-nuevos-objetivos-para-el-sistema-lumix-s-de-panasonic\/","name":"3 Nuevos Objetivos para el Sistema Lumix S de Panasonic - Lumix","isPartOf":{"@id":"https:\/\/blog.panasonic.es\/lumix\/#website"},"primaryImageOfPage":{"@id":"https:\/\/blog.panasonic.es\/lumix\/3-nuevos-objetivos-para-el-sistema-lumix-s-de-panasonic\/#primaryimage"},"image":{"@id":"https:\/\/blog.panasonic.es\/lumix\/3-nuevos-objetivos-para-el-sistema-lumix-s-de-panasonic\/#primaryimage"},"thumbnailUrl":"https:\/\/blog.panasonic.es\/lumix\/wp-content\/uploads\/2019\/01\/objetivos.jpg","datePublished":"2019-02-01T12:54:59+00:00","dateModified":"2021-11-16T11:51:45+00:00","description":"Descubre los tres nuevos objetivos intercambiables para las c\u00e1maras de la nueva Serie S de LUMIX, sin espejo y Full-Frame.","breadcrumb":{"@id":"https:\/\/blog.panasonic.es\/lumix\/3-nuevos-objetivos-para-el-sistema-lumix-s-de-panasonic\/#breadcrumb"},"inLanguage":"es","potentialAction":[{"@type":"ReadAction","target":["https:\/\/blog.panasonic.es\/lumix\/3-nuevos-objetivos-para-el-sistema-lumix-s-de-panasonic\/"]}]},{"@type":"ImageObject","inLanguage":"es","@id":"https:\/\/blog.panasonic.es\/lumix\/3-nuevos-objetivos-para-el-sistema-lumix-s-de-panasonic\/#primaryimage","url":"https:\/\/blog.panasonic.es\/lumix\/wp-content\/uploads\/2019\/01\/objetivos.jpg","contentUrl":"https:\/\/blog.panasonic.es\/lumix\/wp-content\/uploads\/2019\/01\/objetivos.jpg","width":820,"height":780},{"@type":"BreadcrumbList","@id":"https:\/\/blog.panasonic.es\/lumix\/3-nuevos-objetivos-para-el-sistema-lumix-s-de-panasonic\/#breadcrumb","itemListElement":[{"@type":"ListItem","position":1,"name":"Home","item":"https:\/\/blog.panasonic.es\/lumix\/"},{"@type":"ListItem","position":2,"name":"3 Nuevos Objetivos para el Sistema Lumix S de Panasonic"}]},{"@type":"WebSite","@id":"https:\/\/blog.panasonic.es\/lumix\/#website","url":"https:\/\/blog.panasonic.es\/lumix\/","name":"Lumix","description":"LUMIX, Motion. Picture. Perfect","publisher":{"@id":"https:\/\/blog.panasonic.es\/lumix\/#organization"},"potentialAction":[{"@type":"SearchAction","target":{"@type":"EntryPoint","urlTemplate":"https:\/\/blog.panasonic.es\/lumix\/?s={search_term_string}"},"query-input":{"@type":"PropertyValueSpecification","valueRequired":true,"valueName":"search_term_string"}}],"inLanguage":"es"},{"@type":"Organization","@id":"https:\/\/blog.panasonic.es\/lumix\/#organization","name":"Lumix","url":"https:\/\/blog.panasonic.es\/lumix\/","logo":{"@type":"ImageObject","inLanguage":"es","@id":"https:\/\/blog.panasonic.es\/lumix\/#\/schema\/logo\/image\/","url":"https:\/\/blog.panasonic.es\/lumix\/wp-content\/uploads\/2021\/09\/logo-blanco.svg","contentUrl":"https:\/\/blog.panasonic.es\/lumix\/wp-content\/uploads\/2021\/09\/logo-blanco.svg","width":309,"height":38,"caption":"Lumix"},"image":{"@id":"https:\/\/blog.panasonic.es\/lumix\/#\/schema\/logo\/image\/"}},{"@type":"Person","@id":"https:\/\/blog.panasonic.es\/lumix\/#\/schema\/person\/963a6a04c721c06e25e665ca89a43d19","name":"Lumix","description":"LUMIX. Motion. Picture. Perfect. Apoyando estrechamente a los creadores, quienes lideran la cultura de la imagen, LUMIX proporciona una experiencia que les permite ser creativos como ellos desean, independientemente de si realizan im\u00e1genes fotograf\u00edas o v\u00eddeos. Queremos convertirnos en una marca que est\u00e9 con ellos, transmitiendo nuevas emociones juntos, sobrepasando los l\u00edmites de la creaci\u00f3n audiovisual. Esta es la idea y el significado de nuestro eslogan Motion. Picture. Perfect.","sameAs":["https:\/\/www.panasonic.com\/es\/","anne.cohen"],"url":"https:\/\/blog.panasonic.es\/lumix\/embajador\/panasonic\/"}]}},"_links":{"self":[{"href":"https:\/\/blog.panasonic.es\/lumix\/wp-json\/wp\/v2\/posts\/21785","targetHints":{"allow":["GET"]}}],"collection":[{"href":"https:\/\/blog.panasonic.es\/lumix\/wp-json\/wp\/v2\/posts"}],"about":[{"href":"https:\/\/blog.panasonic.es\/lumix\/wp-json\/wp\/v2\/types\/post"}],"author":[{"embeddable":true,"href":"https:\/\/blog.panasonic.es\/lumix\/wp-json\/wp\/v2\/users\/3"}],"replies":[{"embeddable":true,"href":"https:\/\/blog.panasonic.es\/lumix\/wp-json\/wp\/v2\/comments?post=21785"}],"version-history":[{"count":1,"href":"https:\/\/blog.panasonic.es\/lumix\/wp-json\/wp\/v2\/posts\/21785\/revisions"}],"predecessor-version":[{"id":28153,"href":"https:\/\/blog.panasonic.es\/lumix\/wp-json\/wp\/v2\/posts\/21785\/revisions\/28153"}],"wp:featuredmedia":[{"embeddable":true,"href":"https:\/\/blog.panasonic.es\/lumix\/wp-json\/wp\/v2\/media\/21817"}],"wp:attachment":[{"href":"https:\/\/blog.panasonic.es\/lumix\/wp-json\/wp\/v2\/media?parent=21785"}],"wp:term":[{"taxonomy":"category","embeddable":true,"href":"https:\/\/blog.panasonic.es\/lumix\/wp-json\/wp\/v2\/categories?post=21785"},{"taxonomy":"post_tag","embeddable":true,"href":"https:\/\/blog.panasonic.es\/lumix\/wp-json\/wp\/v2\/tags?post=21785"}],"curies":[{"name":"wp","href":"https:\/\/api.w.org\/{rel}","templated":true}]}}