{"id":22272,"date":"2019-04-12T16:52:02","date_gmt":"2019-04-12T14:52:02","guid":{"rendered":"https:\/\/blog.panasonic.es\/?p=22272"},"modified":"2021-11-16T12:47:15","modified_gmt":"2021-11-16T11:47:15","slug":"lumix-g-photographic-challenge-2019","status":"publish","type":"post","link":"https:\/\/blog.panasonic.es\/lumix\/lumix-g-photographic-challenge-2019\/","title":{"rendered":"Lumix G Photographic Challenge, el \u00fanico concurso de fotograf\u00eda extrema de Espa\u00f1a"},"content":{"rendered":"<h2><img fetchpriority=\"high\" decoding=\"async\" class=\"size-full wp-image-22278 aligncenter\" src=\"https:\/\/blog.panasonic.es\/lumix\/wp-content\/uploads\/2019\/04\/image3-1.png\" alt=\"\" width=\"762\" height=\"430\" srcset=\"https:\/\/blog.panasonic.es\/lumix\/wp-content\/uploads\/2019\/04\/image3-1.png 762w, https:\/\/blog.panasonic.es\/lumix\/wp-content\/uploads\/2019\/04\/image3-1-600x339.png 600w\" sizes=\"(max-width: 762px) 100vw, 762px\" \/><\/h2>\n<h2>Segunda edici\u00f3n del Lumix G Photographic Challenge, el \u00fanico concurso de fotograf\u00eda extrema de Espa\u00f1a<\/h2>\n<p>Atr\u00e9vete a participar en el \u00fanico concurso de fotograf\u00eda extrema de Espa\u00f1a. Si no fuiste uno de los 740 participantes de la primera edici\u00f3n, este a\u00f1o te damos una nueva oportunidad para que puedas demostrar tus dotes de fot\u00f3grafo y llevarte una Lumix G9 m\u00e1s 2 objetivos como premio.<\/p>\n<p>\u00bfQu\u00e9 te parece? Si te ha despertado el gusanillo sigue leyendo o pasa directamente a <a href=\"https:\/\/retolumixg.com\/\" target=\"_blank\" rel=\"noopener\">inscribirte en el \u00abChallenge\u00bb<\/a><\/p>\n<p>Por sino lo sab\u00edas los ganadores de la anterior edici\u00f3n, este a\u00f1o se van de expedici\u00f3n a Islandia para poder disfrutar de la naturaleza y de la fotograf\u00eda en un enclave inigualable.<\/p>\n<p><iframe src=\"https:\/\/player.vimeo.com\/video\/325708157\" width=\"640\" height=\"360\" frameborder=\"0\" allowfullscreen=\"allowfullscreen\"><\/iframe><\/p>\n<p>Este a\u00f1o hemos preparado una edici\u00f3n tremendamente ambiciosa, con 10 competiciones clasificatorias en 10 de los espacios naturales m\u00e1s espectaculares de Espa\u00f1a, y la celebraci\u00f3n del campeonato y la gran final en Asturias. Actualmente estamos cerrando las candidaturas con las comunidades aut\u00f3nomas, por lo que las zonas de competici\u00f3n se har\u00e1n p\u00fablicas a partir del 30 de mayo de 2019.<\/p>\n<p>La final del Lumix G Photographic Challenge 2019 la celebraremos en Asturias durante dos fines de semana no consecutivos, comprendidos entre los d\u00edas 14 y 15 de septiembre y, 28 y 29 de septiembre respectivamente. Las zonas de competici\u00f3n todav\u00eda son secretas, las daremos a conocer 60 minutos antes del inicio de cada fase.<\/p>\n<h2>Los partners<\/h2>\n<p><strong>El campeonato tiene como objetivo llevar a cabo una campa\u00f1a de concienciaci\u00f3n y preservaci\u00f3n de la naturaleza<\/strong> de la mano de la asociaci\u00f3n cient\u00edfica <a href=\"https:\/\/glackma.org\/\" target=\"_blank\" rel=\"noopener\">Glackma<\/a> (Glaciares, Criokarst y Medio Ambiente) una asociaci\u00f3n sin \u00e1nimo de lucro que se encarga de medir el deshielo glaciar. La productora de audiovisuales <a href=\"http:\/\/earth360.es\/\" target=\"_blank\" rel=\"noopener\">earth360<\/a>, promotora del proyecto, ha unido en esta motivaci\u00f3n a 2 otros grandes partners; uno de los mejores parajes naturales de nuestro pa\u00eds (Asturias Para\u00edso Natural) y la mejor tecnolog\u00eda fotogr\u00e1fica aportada por el sistema Lumix G de Panasonic para contribuir en la divulgaci\u00f3n gr\u00e1fica y den notoriedad al proyecto.<\/p>\n<h2>Los premios<\/h2>\n<p><img decoding=\"async\" class=\"wp-image-22238 size-medium alignleft\" src=\"https:\/\/blog.panasonic.es\/lumix\/wp-content\/uploads\/2019\/04\/DC-G90_feature_europe_2-1-1_01-300x163.jpg\" alt=\"\" width=\"300\" height=\"163\" \/><\/p>\n<p>El <strong>primer premio<\/strong> consiste en un pack de la c\u00e1mara <a href=\"https:\/\/www.panasonic.com\/es\/consumer\/camaras-y-videocamaras\/camaras-lumixg\/dc-g9.html\" target=\"_blank\" rel=\"noopener\">Lumix G9<\/a> y dos objetivos; 12-60 y 35-100.<\/p>\n<p>El <strong>segundo y tercer clasificado<\/strong> obtendr\u00e1n tambi\u00e9n una c\u00e1mara <a href=\"https:\/\/www.panasonic.com\/es\/consumer\/camaras-y-videocamaras\/camaras-lumixg\/dc-g9.html\" target=\"_blank\" rel=\"noopener\">Lumix G9<\/a> y un objetivo 12-60mm.<\/p>\n<p>&nbsp;<\/p>\n<p>&nbsp;<\/p>\n<p>Todos los participantes del campeonato tendr\u00e1n una medalla honor\u00edfica en agradecimiento a su participaci\u00f3n en la competici\u00f3n del Lumix G Photographic Challenge.<\/p>\n<p style=\"text-align: center;\"><a href=\"https:\/\/retolumixg.com\/\" target=\"_blank\" rel=\"noopener\">\u00a1Abierto el plazo de inscripci\u00f3n!<\/a><\/p>\n<p>Los candidatos que quieran optar a representar a su comunidad tendr\u00e1n que subir dos fotos de un m\u00e1ximo de 1920 pixeles de ancho y 72 de resoluci\u00f3n mediante el formulario de inscripci\u00f3n que podr\u00e1n encontrar en la web <a href=\"https:\/\/retolumixg.com\/\">retolumixg.com<\/a>.<\/p>\n<p><strong>La fecha l\u00edmite para subir fotograf\u00edas ser\u00e1 el 30 de abril de 2019 a las 23.59 horas.<\/strong><\/p>\n<p>El campeonato est\u00e1 dirigido a todos los p\u00fablicos. El \u00fanico requisito para poder participar es ser mayor de edad.<\/p>\n<p style=\"text-align: center;\">\n<p style=\"text-align: center;\"><strong>M\u00c1S DETALLES EN LA WEB:<\/strong><\/p>\n<p style=\"text-align: center;\"><a href=\"https:\/\/retolumixg.com\/\" target=\"_blank\" rel=\"noopener\">https:\/\/retolumixg.com\/<\/a><\/p>\n","protected":false},"excerpt":{"rendered":"<p>Segunda edici\u00f3n del Lumix G Photographic Challenge, el \u00fanico concurso de fotograf\u00eda extrema de Espa\u00f1a Atr\u00e9vete a participar en el \u00fanico concurso de fotograf\u00eda extrema de Espa\u00f1a. Si no fuiste uno de los 740 participantes de la primera edici\u00f3n, este a\u00f1o te damos una nueva oportunidad para que puedas demostrar tus dotes de fot\u00f3grafo y &#8230; <a title=\"Lumix G Photographic Challenge, el \u00fanico concurso de fotograf\u00eda extrema de Espa\u00f1a\" class=\"read-more\" href=\"https:\/\/blog.panasonic.es\/lumix\/lumix-g-photographic-challenge-2019\/\" aria-label=\"Leer m\u00e1s sobre Lumix G Photographic Challenge, el \u00fanico concurso de fotograf\u00eda extrema de Espa\u00f1a\">Leer m\u00e1s<\/a><\/p>\n","protected":false},"author":10,"featured_media":22279,"comment_status":"open","ping_status":"open","sticky":false,"template":"","format":"standard","meta":{"_acf_changed":false,"footnotes":""},"categories":[26],"tags":[139,140],"class_list":["post-22272","post","type-post","status-publish","format-standard","has-post-thumbnail","hentry","category-blog","tag-fotografia-y-video-de-naturaleza","tag-fotografia-y-video-de-vacaciones-y-viajes"],"acf":[],"yoast_head":"<!-- This site is optimized with the Yoast SEO plugin v27.4 - https:\/\/yoast.com\/product\/yoast-seo-wordpress\/ -->\n<title>Lumix G Photographic Challenge, el \u00fanico concurso de fotograf\u00eda extrema de Espa\u00f1a - Lumix<\/title>\n<meta name=\"description\" content=\"Atr\u00e9vete a participar en el \u00fanico concurso de fotograf\u00eda extrema de Espa\u00f1a. Este a\u00f1o te damos una nueva oportunidad para que puedas demostrar tus dotes de fot\u00f3grafo y llevarte una Lumix G9 m\u00e1s 2 objetivos como premio.\" \/>\n<meta name=\"robots\" content=\"index, follow, max-snippet:-1, max-image-preview:large, max-video-preview:-1\" \/>\n<link rel=\"canonical\" href=\"https:\/\/blog.panasonic.es\/lumix\/lumix-g-photographic-challenge-2019\/\" \/>\n<meta property=\"og:locale\" content=\"es_ES\" \/>\n<meta property=\"og:type\" content=\"article\" \/>\n<meta property=\"og:title\" content=\"Lumix G Photographic Challenge, el \u00fanico concurso de fotograf\u00eda extrema de Espa\u00f1a - Lumix\" \/>\n<meta property=\"og:description\" content=\"Atr\u00e9vete a participar en el \u00fanico concurso de fotograf\u00eda extrema de Espa\u00f1a. Este a\u00f1o te damos una nueva oportunidad para que puedas demostrar tus dotes de fot\u00f3grafo y llevarte una Lumix G9 m\u00e1s 2 objetivos como premio.\" \/>\n<meta property=\"og:url\" content=\"https:\/\/blog.panasonic.es\/lumix\/lumix-g-photographic-challenge-2019\/\" \/>\n<meta property=\"og:site_name\" content=\"Lumix\" \/>\n<meta property=\"article:published_time\" content=\"2019-04-12T14:52:02+00:00\" \/>\n<meta property=\"article:modified_time\" content=\"2021-11-16T11:47:15+00:00\" \/>\n<meta property=\"og:image\" content=\"https:\/\/blog.panasonic.es\/lumix\/wp-content\/uploads\/2019\/04\/image4.png\" \/>\n\t<meta property=\"og:image:width\" content=\"764\" \/>\n\t<meta property=\"og:image:height\" content=\"576\" \/>\n\t<meta property=\"og:image:type\" content=\"image\/png\" \/>\n<meta name=\"author\" content=\"Carlos Caraglia\" \/>\n<meta name=\"twitter:card\" content=\"summary_large_image\" \/>\n<script type=\"application\/ld+json\" class=\"yoast-schema-graph\">{\"@context\":\"https:\\\/\\\/schema.org\",\"@graph\":[{\"@type\":\"Article\",\"@id\":\"https:\\\/\\\/blog.panasonic.es\\\/lumix\\\/lumix-g-photographic-challenge-2019\\\/#article\",\"isPartOf\":{\"@id\":\"https:\\\/\\\/blog.panasonic.es\\\/lumix\\\/lumix-g-photographic-challenge-2019\\\/\"},\"author\":{\"name\":\"Carlos Caraglia\",\"@id\":\"https:\\\/\\\/blog.panasonic.es\\\/lumix\\\/#\\\/schema\\\/person\\\/cc3816a344b23811b669e98b37b15631\"},\"headline\":\"Lumix G Photographic Challenge, el \u00fanico concurso de fotograf\u00eda extrema de Espa\u00f1a\",\"datePublished\":\"2019-04-12T14:52:02+00:00\",\"dateModified\":\"2021-11-16T11:47:15+00:00\",\"mainEntityOfPage\":{\"@id\":\"https:\\\/\\\/blog.panasonic.es\\\/lumix\\\/lumix-g-photographic-challenge-2019\\\/\"},\"wordCount\":532,\"commentCount\":0,\"publisher\":{\"@id\":\"https:\\\/\\\/blog.panasonic.es\\\/lumix\\\/#organization\"},\"image\":{\"@id\":\"https:\\\/\\\/blog.panasonic.es\\\/lumix\\\/lumix-g-photographic-challenge-2019\\\/#primaryimage\"},\"thumbnailUrl\":\"https:\\\/\\\/blog.panasonic.es\\\/lumix\\\/wp-content\\\/uploads\\\/2019\\\/04\\\/image4.png\",\"keywords\":[\"Fotograf\u00eda y v\u00eddeo de naturaleza\",\"Fotograf\u00eda y v\u00eddeo de vacaciones y viajes\"],\"articleSection\":[\"Blog\"],\"inLanguage\":\"es\"},{\"@type\":\"WebPage\",\"@id\":\"https:\\\/\\\/blog.panasonic.es\\\/lumix\\\/lumix-g-photographic-challenge-2019\\\/\",\"url\":\"https:\\\/\\\/blog.panasonic.es\\\/lumix\\\/lumix-g-photographic-challenge-2019\\\/\",\"name\":\"Lumix G Photographic Challenge, el \u00fanico concurso de fotograf\u00eda extrema de Espa\u00f1a - Lumix\",\"isPartOf\":{\"@id\":\"https:\\\/\\\/blog.panasonic.es\\\/lumix\\\/#website\"},\"primaryImageOfPage\":{\"@id\":\"https:\\\/\\\/blog.panasonic.es\\\/lumix\\\/lumix-g-photographic-challenge-2019\\\/#primaryimage\"},\"image\":{\"@id\":\"https:\\\/\\\/blog.panasonic.es\\\/lumix\\\/lumix-g-photographic-challenge-2019\\\/#primaryimage\"},\"thumbnailUrl\":\"https:\\\/\\\/blog.panasonic.es\\\/lumix\\\/wp-content\\\/uploads\\\/2019\\\/04\\\/image4.png\",\"datePublished\":\"2019-04-12T14:52:02+00:00\",\"dateModified\":\"2021-11-16T11:47:15+00:00\",\"description\":\"Atr\u00e9vete a participar en el \u00fanico concurso de fotograf\u00eda extrema de Espa\u00f1a. Este a\u00f1o te damos una nueva oportunidad para que puedas demostrar tus dotes de fot\u00f3grafo y llevarte una Lumix G9 m\u00e1s 2 objetivos como premio.\",\"breadcrumb\":{\"@id\":\"https:\\\/\\\/blog.panasonic.es\\\/lumix\\\/lumix-g-photographic-challenge-2019\\\/#breadcrumb\"},\"inLanguage\":\"es\",\"potentialAction\":[{\"@type\":\"ReadAction\",\"target\":[\"https:\\\/\\\/blog.panasonic.es\\\/lumix\\\/lumix-g-photographic-challenge-2019\\\/\"]}]},{\"@type\":\"ImageObject\",\"inLanguage\":\"es\",\"@id\":\"https:\\\/\\\/blog.panasonic.es\\\/lumix\\\/lumix-g-photographic-challenge-2019\\\/#primaryimage\",\"url\":\"https:\\\/\\\/blog.panasonic.es\\\/lumix\\\/wp-content\\\/uploads\\\/2019\\\/04\\\/image4.png\",\"contentUrl\":\"https:\\\/\\\/blog.panasonic.es\\\/lumix\\\/wp-content\\\/uploads\\\/2019\\\/04\\\/image4.png\",\"width\":764,\"height\":576},{\"@type\":\"BreadcrumbList\",\"@id\":\"https:\\\/\\\/blog.panasonic.es\\\/lumix\\\/lumix-g-photographic-challenge-2019\\\/#breadcrumb\",\"itemListElement\":[{\"@type\":\"ListItem\",\"position\":1,\"name\":\"Home\",\"item\":\"https:\\\/\\\/blog.panasonic.es\\\/lumix\\\/\"},{\"@type\":\"ListItem\",\"position\":2,\"name\":\"Blog\",\"item\":\"https:\\\/\\\/blog.panasonic.es\\\/lumix\\\/.\\\/blog\\\/\"},{\"@type\":\"ListItem\",\"position\":3,\"name\":\"Lumix G Photographic Challenge, el \u00fanico concurso de fotograf\u00eda extrema de Espa\u00f1a\"}]},{\"@type\":\"WebSite\",\"@id\":\"https:\\\/\\\/blog.panasonic.es\\\/lumix\\\/#website\",\"url\":\"https:\\\/\\\/blog.panasonic.es\\\/lumix\\\/\",\"name\":\"Lumix\",\"description\":\"LUMIX, Motion. Picture. Perfect\",\"publisher\":{\"@id\":\"https:\\\/\\\/blog.panasonic.es\\\/lumix\\\/#organization\"},\"potentialAction\":[{\"@type\":\"SearchAction\",\"target\":{\"@type\":\"EntryPoint\",\"urlTemplate\":\"https:\\\/\\\/blog.panasonic.es\\\/lumix\\\/?s={search_term_string}\"},\"query-input\":{\"@type\":\"PropertyValueSpecification\",\"valueRequired\":true,\"valueName\":\"search_term_string\"}}],\"inLanguage\":\"es\"},{\"@type\":\"Organization\",\"@id\":\"https:\\\/\\\/blog.panasonic.es\\\/lumix\\\/#organization\",\"name\":\"Lumix\",\"url\":\"https:\\\/\\\/blog.panasonic.es\\\/lumix\\\/\",\"logo\":{\"@type\":\"ImageObject\",\"inLanguage\":\"es\",\"@id\":\"https:\\\/\\\/blog.panasonic.es\\\/lumix\\\/#\\\/schema\\\/logo\\\/image\\\/\",\"url\":\"https:\\\/\\\/blog.panasonic.es\\\/lumix\\\/wp-content\\\/uploads\\\/2021\\\/09\\\/logo-blanco.svg\",\"contentUrl\":\"https:\\\/\\\/blog.panasonic.es\\\/lumix\\\/wp-content\\\/uploads\\\/2021\\\/09\\\/logo-blanco.svg\",\"width\":309,\"height\":38,\"caption\":\"Lumix\"},\"image\":{\"@id\":\"https:\\\/\\\/blog.panasonic.es\\\/lumix\\\/#\\\/schema\\\/logo\\\/image\\\/\"}},{\"@type\":\"Person\",\"@id\":\"https:\\\/\\\/blog.panasonic.es\\\/lumix\\\/#\\\/schema\\\/person\\\/cc3816a344b23811b669e98b37b15631\",\"name\":\"Carlos Caraglia\",\"url\":\"https:\\\/\\\/blog.panasonic.es\\\/lumix\\\/embajador\\\/carloscaraglia\\\/\"}]}<\/script>\n<!-- \/ Yoast SEO plugin. -->","yoast_head_json":{"title":"Lumix G Photographic Challenge, el \u00fanico concurso de fotograf\u00eda extrema de Espa\u00f1a - Lumix","description":"Atr\u00e9vete a participar en el \u00fanico concurso de fotograf\u00eda extrema de Espa\u00f1a. Este a\u00f1o te damos una nueva oportunidad para que puedas demostrar tus dotes de fot\u00f3grafo y llevarte una Lumix G9 m\u00e1s 2 objetivos como premio.","robots":{"index":"index","follow":"follow","max-snippet":"max-snippet:-1","max-image-preview":"max-image-preview:large","max-video-preview":"max-video-preview:-1"},"canonical":"https:\/\/blog.panasonic.es\/lumix\/lumix-g-photographic-challenge-2019\/","og_locale":"es_ES","og_type":"article","og_title":"Lumix G Photographic Challenge, el \u00fanico concurso de fotograf\u00eda extrema de Espa\u00f1a - Lumix","og_description":"Atr\u00e9vete a participar en el \u00fanico concurso de fotograf\u00eda extrema de Espa\u00f1a. Este a\u00f1o te damos una nueva oportunidad para que puedas demostrar tus dotes de fot\u00f3grafo y llevarte una Lumix G9 m\u00e1s 2 objetivos como premio.","og_url":"https:\/\/blog.panasonic.es\/lumix\/lumix-g-photographic-challenge-2019\/","og_site_name":"Lumix","article_published_time":"2019-04-12T14:52:02+00:00","article_modified_time":"2021-11-16T11:47:15+00:00","og_image":[{"width":764,"height":576,"url":"https:\/\/blog.panasonic.es\/lumix\/wp-content\/uploads\/2019\/04\/image4.png","type":"image\/png"}],"author":"Carlos Caraglia","twitter_card":"summary_large_image","schema":{"@context":"https:\/\/schema.org","@graph":[{"@type":"Article","@id":"https:\/\/blog.panasonic.es\/lumix\/lumix-g-photographic-challenge-2019\/#article","isPartOf":{"@id":"https:\/\/blog.panasonic.es\/lumix\/lumix-g-photographic-challenge-2019\/"},"author":{"name":"Carlos Caraglia","@id":"https:\/\/blog.panasonic.es\/lumix\/#\/schema\/person\/cc3816a344b23811b669e98b37b15631"},"headline":"Lumix G Photographic Challenge, el \u00fanico concurso de fotograf\u00eda extrema de Espa\u00f1a","datePublished":"2019-04-12T14:52:02+00:00","dateModified":"2021-11-16T11:47:15+00:00","mainEntityOfPage":{"@id":"https:\/\/blog.panasonic.es\/lumix\/lumix-g-photographic-challenge-2019\/"},"wordCount":532,"commentCount":0,"publisher":{"@id":"https:\/\/blog.panasonic.es\/lumix\/#organization"},"image":{"@id":"https:\/\/blog.panasonic.es\/lumix\/lumix-g-photographic-challenge-2019\/#primaryimage"},"thumbnailUrl":"https:\/\/blog.panasonic.es\/lumix\/wp-content\/uploads\/2019\/04\/image4.png","keywords":["Fotograf\u00eda y v\u00eddeo de naturaleza","Fotograf\u00eda y v\u00eddeo de vacaciones y viajes"],"articleSection":["Blog"],"inLanguage":"es"},{"@type":"WebPage","@id":"https:\/\/blog.panasonic.es\/lumix\/lumix-g-photographic-challenge-2019\/","url":"https:\/\/blog.panasonic.es\/lumix\/lumix-g-photographic-challenge-2019\/","name":"Lumix G Photographic Challenge, el \u00fanico concurso de fotograf\u00eda extrema de Espa\u00f1a - Lumix","isPartOf":{"@id":"https:\/\/blog.panasonic.es\/lumix\/#website"},"primaryImageOfPage":{"@id":"https:\/\/blog.panasonic.es\/lumix\/lumix-g-photographic-challenge-2019\/#primaryimage"},"image":{"@id":"https:\/\/blog.panasonic.es\/lumix\/lumix-g-photographic-challenge-2019\/#primaryimage"},"thumbnailUrl":"https:\/\/blog.panasonic.es\/lumix\/wp-content\/uploads\/2019\/04\/image4.png","datePublished":"2019-04-12T14:52:02+00:00","dateModified":"2021-11-16T11:47:15+00:00","description":"Atr\u00e9vete a participar en el \u00fanico concurso de fotograf\u00eda extrema de Espa\u00f1a. Este a\u00f1o te damos una nueva oportunidad para que puedas demostrar tus dotes de fot\u00f3grafo y llevarte una Lumix G9 m\u00e1s 2 objetivos como premio.","breadcrumb":{"@id":"https:\/\/blog.panasonic.es\/lumix\/lumix-g-photographic-challenge-2019\/#breadcrumb"},"inLanguage":"es","potentialAction":[{"@type":"ReadAction","target":["https:\/\/blog.panasonic.es\/lumix\/lumix-g-photographic-challenge-2019\/"]}]},{"@type":"ImageObject","inLanguage":"es","@id":"https:\/\/blog.panasonic.es\/lumix\/lumix-g-photographic-challenge-2019\/#primaryimage","url":"https:\/\/blog.panasonic.es\/lumix\/wp-content\/uploads\/2019\/04\/image4.png","contentUrl":"https:\/\/blog.panasonic.es\/lumix\/wp-content\/uploads\/2019\/04\/image4.png","width":764,"height":576},{"@type":"BreadcrumbList","@id":"https:\/\/blog.panasonic.es\/lumix\/lumix-g-photographic-challenge-2019\/#breadcrumb","itemListElement":[{"@type":"ListItem","position":1,"name":"Home","item":"https:\/\/blog.panasonic.es\/lumix\/"},{"@type":"ListItem","position":2,"name":"Blog","item":"https:\/\/blog.panasonic.es\/lumix\/.\/blog\/"},{"@type":"ListItem","position":3,"name":"Lumix G Photographic Challenge, el \u00fanico concurso de fotograf\u00eda extrema de Espa\u00f1a"}]},{"@type":"WebSite","@id":"https:\/\/blog.panasonic.es\/lumix\/#website","url":"https:\/\/blog.panasonic.es\/lumix\/","name":"Lumix","description":"LUMIX, Motion. Picture. Perfect","publisher":{"@id":"https:\/\/blog.panasonic.es\/lumix\/#organization"},"potentialAction":[{"@type":"SearchAction","target":{"@type":"EntryPoint","urlTemplate":"https:\/\/blog.panasonic.es\/lumix\/?s={search_term_string}"},"query-input":{"@type":"PropertyValueSpecification","valueRequired":true,"valueName":"search_term_string"}}],"inLanguage":"es"},{"@type":"Organization","@id":"https:\/\/blog.panasonic.es\/lumix\/#organization","name":"Lumix","url":"https:\/\/blog.panasonic.es\/lumix\/","logo":{"@type":"ImageObject","inLanguage":"es","@id":"https:\/\/blog.panasonic.es\/lumix\/#\/schema\/logo\/image\/","url":"https:\/\/blog.panasonic.es\/lumix\/wp-content\/uploads\/2021\/09\/logo-blanco.svg","contentUrl":"https:\/\/blog.panasonic.es\/lumix\/wp-content\/uploads\/2021\/09\/logo-blanco.svg","width":309,"height":38,"caption":"Lumix"},"image":{"@id":"https:\/\/blog.panasonic.es\/lumix\/#\/schema\/logo\/image\/"}},{"@type":"Person","@id":"https:\/\/blog.panasonic.es\/lumix\/#\/schema\/person\/cc3816a344b23811b669e98b37b15631","name":"Carlos Caraglia","url":"https:\/\/blog.panasonic.es\/lumix\/embajador\/carloscaraglia\/"}]}},"_links":{"self":[{"href":"https:\/\/blog.panasonic.es\/lumix\/wp-json\/wp\/v2\/posts\/22272","targetHints":{"allow":["GET"]}}],"collection":[{"href":"https:\/\/blog.panasonic.es\/lumix\/wp-json\/wp\/v2\/posts"}],"about":[{"href":"https:\/\/blog.panasonic.es\/lumix\/wp-json\/wp\/v2\/types\/post"}],"author":[{"embeddable":true,"href":"https:\/\/blog.panasonic.es\/lumix\/wp-json\/wp\/v2\/users\/10"}],"replies":[{"embeddable":true,"href":"https:\/\/blog.panasonic.es\/lumix\/wp-json\/wp\/v2\/comments?post=22272"}],"version-history":[{"count":1,"href":"https:\/\/blog.panasonic.es\/lumix\/wp-json\/wp\/v2\/posts\/22272\/revisions"}],"predecessor-version":[{"id":28131,"href":"https:\/\/blog.panasonic.es\/lumix\/wp-json\/wp\/v2\/posts\/22272\/revisions\/28131"}],"wp:featuredmedia":[{"embeddable":true,"href":"https:\/\/blog.panasonic.es\/lumix\/wp-json\/wp\/v2\/media\/22279"}],"wp:attachment":[{"href":"https:\/\/blog.panasonic.es\/lumix\/wp-json\/wp\/v2\/media?parent=22272"}],"wp:term":[{"taxonomy":"category","embeddable":true,"href":"https:\/\/blog.panasonic.es\/lumix\/wp-json\/wp\/v2\/categories?post=22272"},{"taxonomy":"post_tag","embeddable":true,"href":"https:\/\/blog.panasonic.es\/lumix\/wp-json\/wp\/v2\/tags?post=22272"}],"curies":[{"name":"wp","href":"https:\/\/api.w.org\/{rel}","templated":true}]}}