{"id":24883,"date":"2020-10-08T09:01:25","date_gmt":"2020-10-08T07:01:25","guid":{"rendered":"https:\/\/blog.panasonic.es\/?p=24883"},"modified":"2021-11-16T12:47:37","modified_gmt":"2021-11-16T11:47:37","slug":"ganador-reto-lumix-g-2020","status":"publish","type":"post","link":"https:\/\/blog.panasonic.es\/lumix\/ganador-reto-lumix-g-2020\/","title":{"rendered":"Ya conocemos los ganadores del RETO LUMIX G"},"content":{"rendered":"<p><span style=\"font-weight: 400;\">El pasado 27 de septiembre finaliz\u00f3 la tercera edici\u00f3n del <a href=\"https:\/\/retolumixg.com\/\" target=\"_blank\" rel=\"noopener noreferrer\">RETO LUMIX G 2020<\/a> tras exigentes pruebas clasificatorias donde han participado fot\u00f3grafos de toda Espa\u00f1a. El canario <strong>David Rodr\u00edguez<\/strong> se ha proclamado vencedor del concurso tras superar exitosamente todas las pruebas. En segundo lugar, qued\u00f3 <strong>Eneko Guerra<\/strong>, representante del Pai\u0301s Vasco; y el bronce fue para <strong>Merc\u00e9 Hernando<\/strong>, en representaci\u00f3n de Cantabria.<\/span><\/p>\n<p><img fetchpriority=\"high\" decoding=\"async\" class=\"aligncenter wp-image-24885 size-full\" src=\"https:\/\/blog.panasonic.es\/lumix\/wp-content\/uploads\/2020\/10\/unnamed-8-scaled-1.jpg\" alt=\"\" width=\"2560\" height=\"1440\" srcset=\"https:\/\/blog.panasonic.es\/lumix\/wp-content\/uploads\/2020\/10\/unnamed-8-scaled-1.jpg 2560w, https:\/\/blog.panasonic.es\/lumix\/wp-content\/uploads\/2020\/10\/unnamed-8-scaled-1-1024x576.jpg 1024w, https:\/\/blog.panasonic.es\/lumix\/wp-content\/uploads\/2020\/10\/unnamed-8-scaled-1-1920x1080.jpg 1920w, https:\/\/blog.panasonic.es\/lumix\/wp-content\/uploads\/2020\/10\/unnamed-8-scaled-1-768x432.jpg 768w, https:\/\/blog.panasonic.es\/lumix\/wp-content\/uploads\/2020\/10\/unnamed-8-scaled-1-1536x864.jpg 1536w, https:\/\/blog.panasonic.es\/lumix\/wp-content\/uploads\/2020\/10\/unnamed-8-scaled-1-2048x1152.jpg 2048w, https:\/\/blog.panasonic.es\/lumix\/wp-content\/uploads\/2020\/10\/unnamed-8-scaled-1-600x338.jpg 600w\" sizes=\"(max-width: 2560px) 100vw, 2560px\" \/><\/p>\n<p><span style=\"font-weight: 400;\">Esta edici\u00f3n ha sido, con diferencia, <a href=\"https:\/\/blog.panasonic.es\/lumix\/vuelve-el-lumix-g-photographic-challenge-el-campeonato-de-fotografia-mas-extremo\/\" target=\"_blank\" rel=\"noopener noreferrer\">la ma\u0301s exigente de todas<\/a> por las medidas de seguridad establecidas frente al Covid-19 y porque los concursantes han tenido que enfrentarse a pruebas mucho ma\u0301s extremas que en las pasadas ediciones.\u00a0<strong>Palencia<\/strong>, sede oficial del campeonato, acogio\u0301 a los <strong>17 mejores foto\u0301grafos<\/strong> de cada una de las comunidades que forman Espan\u0303a.<\/span><\/p>\n<p><span style=\"font-weight: 400;\"><strong>El RETO LUMIX G<\/strong> se ha adaptado a los nuevos tiempos, con importantes medidas de seguridad que han tenido que seguir todos los participantes: pruebas PCR, distanciamiento social y uso obligatorio de mascarilla, entre otras.<\/span><\/p>\n<p><span style=\"font-weight: 400;\">\u00a0<\/span><\/p>\n<blockquote><p>\u201cEl RETO LUMIX G es \u00fanico, porque la esencia de este concurso son las personas y el poder de los v\u00ednculos emocionales que se crean entre ellas. Como en todo concurso, se busca un ganador, pero cr\u00e9eme si te digo que ah\u00ed no reside el valor de lo que he conseguido. Desde las fases de clasificaci\u00f3n por comunidades, sin saber a\u00fan resultados, llegaba a casa feliz, y eso s\u00f3lo lo explica el hecho de haber compartido un intenso fin de semana con muy buenas personas; personas apasionadas por la naturaleza y perfectamente capaces de competir y a la vez tenderte la mano cuando lo necesitas.\u201d<\/p>\n<p><strong>David Rodr\u00edguez<\/strong>, ganador de la tercera edici\u00f3n del RETO LUMIX G.<\/p><\/blockquote>\n<p><img decoding=\"async\" class=\"aligncenter wp-image-24884 size-full\" src=\"https:\/\/blog.panasonic.es\/lumix\/wp-content\/uploads\/2020\/10\/unnamed-7-scaled-1.jpg\" alt=\"\" width=\"2560\" height=\"1607\" srcset=\"https:\/\/blog.panasonic.es\/lumix\/wp-content\/uploads\/2020\/10\/unnamed-7-scaled-1.jpg 2560w, https:\/\/blog.panasonic.es\/lumix\/wp-content\/uploads\/2020\/10\/unnamed-7-scaled-1-1024x643.jpg 1024w, https:\/\/blog.panasonic.es\/lumix\/wp-content\/uploads\/2020\/10\/unnamed-7-scaled-1-1920x1205.jpg 1920w, https:\/\/blog.panasonic.es\/lumix\/wp-content\/uploads\/2020\/10\/unnamed-7-scaled-1-768x482.jpg 768w, https:\/\/blog.panasonic.es\/lumix\/wp-content\/uploads\/2020\/10\/unnamed-7-scaled-1-1536x964.jpg 1536w, https:\/\/blog.panasonic.es\/lumix\/wp-content\/uploads\/2020\/10\/unnamed-7-scaled-1-2048x1286.jpg 2048w, https:\/\/blog.panasonic.es\/lumix\/wp-content\/uploads\/2020\/10\/unnamed-7-scaled-1-600x377.jpg 600w\" sizes=\"(max-width: 2560px) 100vw, 2560px\" \/>    \t<\/p>\n","protected":false},"excerpt":{"rendered":"<p>El pasado 27 de septiembre finaliz\u00f3 la tercera edici\u00f3n del RETO LUMIX G 2020 tras exigentes pruebas clasificatorias donde han participado fot\u00f3grafos de toda Espa\u00f1a. El canario David Rodr\u00edguez se ha proclamado vencedor del concurso tras superar exitosamente todas las pruebas. En segundo lugar, qued\u00f3 Eneko Guerra, representante del Pai\u0301s Vasco; y el bronce fue &#8230; <a title=\"Ya conocemos los ganadores del RETO LUMIX G\" class=\"read-more\" href=\"https:\/\/blog.panasonic.es\/lumix\/ganador-reto-lumix-g-2020\/\" aria-label=\"Leer m\u00e1s sobre Ya conocemos los ganadores del RETO LUMIX G\">Leer m\u00e1s<\/a><\/p>\n","protected":false},"author":10,"featured_media":24885,"comment_status":"closed","ping_status":"closed","sticky":false,"template":"","format":"standard","meta":{"_acf_changed":false,"footnotes":""},"categories":[26],"tags":[139,140],"class_list":["post-24883","post","type-post","status-publish","format-standard","has-post-thumbnail","hentry","category-blog","tag-fotografia-y-video-de-naturaleza","tag-fotografia-y-video-de-vacaciones-y-viajes"],"acf":[],"yoast_head":"<!-- This site is optimized with the Yoast SEO plugin v27.4 - https:\/\/yoast.com\/product\/yoast-seo-wordpress\/ -->\n<title>Ya conocemos los ganadores del RETO LUMIX G - Lumix<\/title>\n<meta name=\"description\" content=\"Descubre los ganadores de la tercera edici\u00f3n del RETO LUMIX G 2020, tras exigentes pruebas clasificatorias donde han participado fot\u00f3grafos de toda Espa\u00f1a.\" \/>\n<meta name=\"robots\" content=\"index, follow, max-snippet:-1, max-image-preview:large, max-video-preview:-1\" \/>\n<link rel=\"canonical\" href=\"https:\/\/blog.panasonic.es\/lumix\/ganador-reto-lumix-g-2020\/\" \/>\n<meta property=\"og:locale\" content=\"es_ES\" \/>\n<meta property=\"og:type\" content=\"article\" \/>\n<meta property=\"og:title\" content=\"Ya conocemos los ganadores del RETO LUMIX G - Lumix\" \/>\n<meta property=\"og:description\" content=\"Descubre los ganadores de la tercera edici\u00f3n del RETO LUMIX G 2020, tras exigentes pruebas clasificatorias donde han participado fot\u00f3grafos de toda Espa\u00f1a.\" \/>\n<meta property=\"og:url\" content=\"https:\/\/blog.panasonic.es\/lumix\/ganador-reto-lumix-g-2020\/\" \/>\n<meta property=\"og:site_name\" content=\"Lumix\" \/>\n<meta property=\"article:published_time\" content=\"2020-10-08T07:01:25+00:00\" \/>\n<meta property=\"article:modified_time\" content=\"2021-11-16T11:47:37+00:00\" \/>\n<meta property=\"og:image\" content=\"https:\/\/blog.panasonic.es\/lumix\/wp-content\/uploads\/2020\/10\/unnamed-8-scaled-1.jpg\" \/>\n\t<meta property=\"og:image:width\" content=\"2560\" \/>\n\t<meta property=\"og:image:height\" content=\"1440\" \/>\n\t<meta property=\"og:image:type\" content=\"image\/jpeg\" \/>\n<meta name=\"author\" content=\"Carlos Caraglia\" \/>\n<meta name=\"twitter:card\" content=\"summary_large_image\" \/>\n<script type=\"application\/ld+json\" class=\"yoast-schema-graph\">{\"@context\":\"https:\\\/\\\/schema.org\",\"@graph\":[{\"@type\":\"Article\",\"@id\":\"https:\\\/\\\/blog.panasonic.es\\\/lumix\\\/ganador-reto-lumix-g-2020\\\/#article\",\"isPartOf\":{\"@id\":\"https:\\\/\\\/blog.panasonic.es\\\/lumix\\\/ganador-reto-lumix-g-2020\\\/\"},\"author\":{\"name\":\"Carlos Caraglia\",\"@id\":\"https:\\\/\\\/blog.panasonic.es\\\/lumix\\\/#\\\/schema\\\/person\\\/cc3816a344b23811b669e98b37b15631\"},\"headline\":\"Ya conocemos los ganadores del RETO LUMIX G\",\"datePublished\":\"2020-10-08T07:01:25+00:00\",\"dateModified\":\"2021-11-16T11:47:37+00:00\",\"mainEntityOfPage\":{\"@id\":\"https:\\\/\\\/blog.panasonic.es\\\/lumix\\\/ganador-reto-lumix-g-2020\\\/\"},\"wordCount\":294,\"publisher\":{\"@id\":\"https:\\\/\\\/blog.panasonic.es\\\/lumix\\\/#organization\"},\"image\":{\"@id\":\"https:\\\/\\\/blog.panasonic.es\\\/lumix\\\/ganador-reto-lumix-g-2020\\\/#primaryimage\"},\"thumbnailUrl\":\"https:\\\/\\\/blog.panasonic.es\\\/lumix\\\/wp-content\\\/uploads\\\/2020\\\/10\\\/unnamed-8-scaled-1.jpg\",\"keywords\":[\"Fotograf\u00eda y v\u00eddeo de naturaleza\",\"Fotograf\u00eda y v\u00eddeo de vacaciones y viajes\"],\"articleSection\":[\"Blog\"],\"inLanguage\":\"es\"},{\"@type\":\"WebPage\",\"@id\":\"https:\\\/\\\/blog.panasonic.es\\\/lumix\\\/ganador-reto-lumix-g-2020\\\/\",\"url\":\"https:\\\/\\\/blog.panasonic.es\\\/lumix\\\/ganador-reto-lumix-g-2020\\\/\",\"name\":\"Ya conocemos los ganadores del RETO LUMIX G - Lumix\",\"isPartOf\":{\"@id\":\"https:\\\/\\\/blog.panasonic.es\\\/lumix\\\/#website\"},\"primaryImageOfPage\":{\"@id\":\"https:\\\/\\\/blog.panasonic.es\\\/lumix\\\/ganador-reto-lumix-g-2020\\\/#primaryimage\"},\"image\":{\"@id\":\"https:\\\/\\\/blog.panasonic.es\\\/lumix\\\/ganador-reto-lumix-g-2020\\\/#primaryimage\"},\"thumbnailUrl\":\"https:\\\/\\\/blog.panasonic.es\\\/lumix\\\/wp-content\\\/uploads\\\/2020\\\/10\\\/unnamed-8-scaled-1.jpg\",\"datePublished\":\"2020-10-08T07:01:25+00:00\",\"dateModified\":\"2021-11-16T11:47:37+00:00\",\"description\":\"Descubre los ganadores de la tercera edici\u00f3n del RETO LUMIX G 2020, tras exigentes pruebas clasificatorias donde han participado fot\u00f3grafos de toda Espa\u00f1a.\",\"breadcrumb\":{\"@id\":\"https:\\\/\\\/blog.panasonic.es\\\/lumix\\\/ganador-reto-lumix-g-2020\\\/#breadcrumb\"},\"inLanguage\":\"es\",\"potentialAction\":[{\"@type\":\"ReadAction\",\"target\":[\"https:\\\/\\\/blog.panasonic.es\\\/lumix\\\/ganador-reto-lumix-g-2020\\\/\"]}]},{\"@type\":\"ImageObject\",\"inLanguage\":\"es\",\"@id\":\"https:\\\/\\\/blog.panasonic.es\\\/lumix\\\/ganador-reto-lumix-g-2020\\\/#primaryimage\",\"url\":\"https:\\\/\\\/blog.panasonic.es\\\/lumix\\\/wp-content\\\/uploads\\\/2020\\\/10\\\/unnamed-8-scaled-1.jpg\",\"contentUrl\":\"https:\\\/\\\/blog.panasonic.es\\\/lumix\\\/wp-content\\\/uploads\\\/2020\\\/10\\\/unnamed-8-scaled-1.jpg\",\"width\":2560,\"height\":1440},{\"@type\":\"BreadcrumbList\",\"@id\":\"https:\\\/\\\/blog.panasonic.es\\\/lumix\\\/ganador-reto-lumix-g-2020\\\/#breadcrumb\",\"itemListElement\":[{\"@type\":\"ListItem\",\"position\":1,\"name\":\"Home\",\"item\":\"https:\\\/\\\/blog.panasonic.es\\\/lumix\\\/\"},{\"@type\":\"ListItem\",\"position\":2,\"name\":\"Blog\",\"item\":\"https:\\\/\\\/blog.panasonic.es\\\/lumix\\\/.\\\/blog\\\/\"},{\"@type\":\"ListItem\",\"position\":3,\"name\":\"Ya conocemos los ganadores del RETO LUMIX G\"}]},{\"@type\":\"WebSite\",\"@id\":\"https:\\\/\\\/blog.panasonic.es\\\/lumix\\\/#website\",\"url\":\"https:\\\/\\\/blog.panasonic.es\\\/lumix\\\/\",\"name\":\"Lumix\",\"description\":\"LUMIX, Motion. Picture. Perfect\",\"publisher\":{\"@id\":\"https:\\\/\\\/blog.panasonic.es\\\/lumix\\\/#organization\"},\"potentialAction\":[{\"@type\":\"SearchAction\",\"target\":{\"@type\":\"EntryPoint\",\"urlTemplate\":\"https:\\\/\\\/blog.panasonic.es\\\/lumix\\\/?s={search_term_string}\"},\"query-input\":{\"@type\":\"PropertyValueSpecification\",\"valueRequired\":true,\"valueName\":\"search_term_string\"}}],\"inLanguage\":\"es\"},{\"@type\":\"Organization\",\"@id\":\"https:\\\/\\\/blog.panasonic.es\\\/lumix\\\/#organization\",\"name\":\"Lumix\",\"url\":\"https:\\\/\\\/blog.panasonic.es\\\/lumix\\\/\",\"logo\":{\"@type\":\"ImageObject\",\"inLanguage\":\"es\",\"@id\":\"https:\\\/\\\/blog.panasonic.es\\\/lumix\\\/#\\\/schema\\\/logo\\\/image\\\/\",\"url\":\"https:\\\/\\\/blog.panasonic.es\\\/lumix\\\/wp-content\\\/uploads\\\/2021\\\/09\\\/logo-blanco.svg\",\"contentUrl\":\"https:\\\/\\\/blog.panasonic.es\\\/lumix\\\/wp-content\\\/uploads\\\/2021\\\/09\\\/logo-blanco.svg\",\"width\":309,\"height\":38,\"caption\":\"Lumix\"},\"image\":{\"@id\":\"https:\\\/\\\/blog.panasonic.es\\\/lumix\\\/#\\\/schema\\\/logo\\\/image\\\/\"}},{\"@type\":\"Person\",\"@id\":\"https:\\\/\\\/blog.panasonic.es\\\/lumix\\\/#\\\/schema\\\/person\\\/cc3816a344b23811b669e98b37b15631\",\"name\":\"Carlos Caraglia\",\"url\":\"https:\\\/\\\/blog.panasonic.es\\\/lumix\\\/embajador\\\/carloscaraglia\\\/\"}]}<\/script>\n<!-- \/ Yoast SEO plugin. -->","yoast_head_json":{"title":"Ya conocemos los ganadores del RETO LUMIX G - Lumix","description":"Descubre los ganadores de la tercera edici\u00f3n del RETO LUMIX G 2020, tras exigentes pruebas clasificatorias donde han participado fot\u00f3grafos de toda Espa\u00f1a.","robots":{"index":"index","follow":"follow","max-snippet":"max-snippet:-1","max-image-preview":"max-image-preview:large","max-video-preview":"max-video-preview:-1"},"canonical":"https:\/\/blog.panasonic.es\/lumix\/ganador-reto-lumix-g-2020\/","og_locale":"es_ES","og_type":"article","og_title":"Ya conocemos los ganadores del RETO LUMIX G - Lumix","og_description":"Descubre los ganadores de la tercera edici\u00f3n del RETO LUMIX G 2020, tras exigentes pruebas clasificatorias donde han participado fot\u00f3grafos de toda Espa\u00f1a.","og_url":"https:\/\/blog.panasonic.es\/lumix\/ganador-reto-lumix-g-2020\/","og_site_name":"Lumix","article_published_time":"2020-10-08T07:01:25+00:00","article_modified_time":"2021-11-16T11:47:37+00:00","og_image":[{"width":2560,"height":1440,"url":"https:\/\/blog.panasonic.es\/lumix\/wp-content\/uploads\/2020\/10\/unnamed-8-scaled-1.jpg","type":"image\/jpeg"}],"author":"Carlos Caraglia","twitter_card":"summary_large_image","schema":{"@context":"https:\/\/schema.org","@graph":[{"@type":"Article","@id":"https:\/\/blog.panasonic.es\/lumix\/ganador-reto-lumix-g-2020\/#article","isPartOf":{"@id":"https:\/\/blog.panasonic.es\/lumix\/ganador-reto-lumix-g-2020\/"},"author":{"name":"Carlos Caraglia","@id":"https:\/\/blog.panasonic.es\/lumix\/#\/schema\/person\/cc3816a344b23811b669e98b37b15631"},"headline":"Ya conocemos los ganadores del RETO LUMIX G","datePublished":"2020-10-08T07:01:25+00:00","dateModified":"2021-11-16T11:47:37+00:00","mainEntityOfPage":{"@id":"https:\/\/blog.panasonic.es\/lumix\/ganador-reto-lumix-g-2020\/"},"wordCount":294,"publisher":{"@id":"https:\/\/blog.panasonic.es\/lumix\/#organization"},"image":{"@id":"https:\/\/blog.panasonic.es\/lumix\/ganador-reto-lumix-g-2020\/#primaryimage"},"thumbnailUrl":"https:\/\/blog.panasonic.es\/lumix\/wp-content\/uploads\/2020\/10\/unnamed-8-scaled-1.jpg","keywords":["Fotograf\u00eda y v\u00eddeo de naturaleza","Fotograf\u00eda y v\u00eddeo de vacaciones y viajes"],"articleSection":["Blog"],"inLanguage":"es"},{"@type":"WebPage","@id":"https:\/\/blog.panasonic.es\/lumix\/ganador-reto-lumix-g-2020\/","url":"https:\/\/blog.panasonic.es\/lumix\/ganador-reto-lumix-g-2020\/","name":"Ya conocemos los ganadores del RETO LUMIX G - Lumix","isPartOf":{"@id":"https:\/\/blog.panasonic.es\/lumix\/#website"},"primaryImageOfPage":{"@id":"https:\/\/blog.panasonic.es\/lumix\/ganador-reto-lumix-g-2020\/#primaryimage"},"image":{"@id":"https:\/\/blog.panasonic.es\/lumix\/ganador-reto-lumix-g-2020\/#primaryimage"},"thumbnailUrl":"https:\/\/blog.panasonic.es\/lumix\/wp-content\/uploads\/2020\/10\/unnamed-8-scaled-1.jpg","datePublished":"2020-10-08T07:01:25+00:00","dateModified":"2021-11-16T11:47:37+00:00","description":"Descubre los ganadores de la tercera edici\u00f3n del RETO LUMIX G 2020, tras exigentes pruebas clasificatorias donde han participado fot\u00f3grafos de toda Espa\u00f1a.","breadcrumb":{"@id":"https:\/\/blog.panasonic.es\/lumix\/ganador-reto-lumix-g-2020\/#breadcrumb"},"inLanguage":"es","potentialAction":[{"@type":"ReadAction","target":["https:\/\/blog.panasonic.es\/lumix\/ganador-reto-lumix-g-2020\/"]}]},{"@type":"ImageObject","inLanguage":"es","@id":"https:\/\/blog.panasonic.es\/lumix\/ganador-reto-lumix-g-2020\/#primaryimage","url":"https:\/\/blog.panasonic.es\/lumix\/wp-content\/uploads\/2020\/10\/unnamed-8-scaled-1.jpg","contentUrl":"https:\/\/blog.panasonic.es\/lumix\/wp-content\/uploads\/2020\/10\/unnamed-8-scaled-1.jpg","width":2560,"height":1440},{"@type":"BreadcrumbList","@id":"https:\/\/blog.panasonic.es\/lumix\/ganador-reto-lumix-g-2020\/#breadcrumb","itemListElement":[{"@type":"ListItem","position":1,"name":"Home","item":"https:\/\/blog.panasonic.es\/lumix\/"},{"@type":"ListItem","position":2,"name":"Blog","item":"https:\/\/blog.panasonic.es\/lumix\/.\/blog\/"},{"@type":"ListItem","position":3,"name":"Ya conocemos los ganadores del RETO LUMIX G"}]},{"@type":"WebSite","@id":"https:\/\/blog.panasonic.es\/lumix\/#website","url":"https:\/\/blog.panasonic.es\/lumix\/","name":"Lumix","description":"LUMIX, Motion. Picture. Perfect","publisher":{"@id":"https:\/\/blog.panasonic.es\/lumix\/#organization"},"potentialAction":[{"@type":"SearchAction","target":{"@type":"EntryPoint","urlTemplate":"https:\/\/blog.panasonic.es\/lumix\/?s={search_term_string}"},"query-input":{"@type":"PropertyValueSpecification","valueRequired":true,"valueName":"search_term_string"}}],"inLanguage":"es"},{"@type":"Organization","@id":"https:\/\/blog.panasonic.es\/lumix\/#organization","name":"Lumix","url":"https:\/\/blog.panasonic.es\/lumix\/","logo":{"@type":"ImageObject","inLanguage":"es","@id":"https:\/\/blog.panasonic.es\/lumix\/#\/schema\/logo\/image\/","url":"https:\/\/blog.panasonic.es\/lumix\/wp-content\/uploads\/2021\/09\/logo-blanco.svg","contentUrl":"https:\/\/blog.panasonic.es\/lumix\/wp-content\/uploads\/2021\/09\/logo-blanco.svg","width":309,"height":38,"caption":"Lumix"},"image":{"@id":"https:\/\/blog.panasonic.es\/lumix\/#\/schema\/logo\/image\/"}},{"@type":"Person","@id":"https:\/\/blog.panasonic.es\/lumix\/#\/schema\/person\/cc3816a344b23811b669e98b37b15631","name":"Carlos Caraglia","url":"https:\/\/blog.panasonic.es\/lumix\/embajador\/carloscaraglia\/"}]}},"_links":{"self":[{"href":"https:\/\/blog.panasonic.es\/lumix\/wp-json\/wp\/v2\/posts\/24883","targetHints":{"allow":["GET"]}}],"collection":[{"href":"https:\/\/blog.panasonic.es\/lumix\/wp-json\/wp\/v2\/posts"}],"about":[{"href":"https:\/\/blog.panasonic.es\/lumix\/wp-json\/wp\/v2\/types\/post"}],"author":[{"embeddable":true,"href":"https:\/\/blog.panasonic.es\/lumix\/wp-json\/wp\/v2\/users\/10"}],"replies":[{"embeddable":true,"href":"https:\/\/blog.panasonic.es\/lumix\/wp-json\/wp\/v2\/comments?post=24883"}],"version-history":[{"count":1,"href":"https:\/\/blog.panasonic.es\/lumix\/wp-json\/wp\/v2\/posts\/24883\/revisions"}],"predecessor-version":[{"id":28127,"href":"https:\/\/blog.panasonic.es\/lumix\/wp-json\/wp\/v2\/posts\/24883\/revisions\/28127"}],"wp:featuredmedia":[{"embeddable":true,"href":"https:\/\/blog.panasonic.es\/lumix\/wp-json\/wp\/v2\/media\/24885"}],"wp:attachment":[{"href":"https:\/\/blog.panasonic.es\/lumix\/wp-json\/wp\/v2\/media?parent=24883"}],"wp:term":[{"taxonomy":"category","embeddable":true,"href":"https:\/\/blog.panasonic.es\/lumix\/wp-json\/wp\/v2\/categories?post=24883"},{"taxonomy":"post_tag","embeddable":true,"href":"https:\/\/blog.panasonic.es\/lumix\/wp-json\/wp\/v2\/tags?post=24883"}],"curies":[{"name":"wp","href":"https:\/\/api.w.org\/{rel}","templated":true}]}}