{"id":25827,"date":"2021-02-18T10:45:35","date_gmt":"2021-02-18T09:45:35","guid":{"rendered":"https:\/\/blog.panasonic.es\/?p=25827"},"modified":"2021-11-16T12:44:01","modified_gmt":"2021-11-16T11:44:01","slug":"nuevo-teleobjetivo-lumix-s-70-300-mm-f4-3-5-6-macro-o-i-s","status":"publish","type":"post","link":"https:\/\/blog.panasonic.es\/lumix\/nuevo-teleobjetivo-lumix-s-70-300-mm-f4-3-5-6-macro-o-i-s\/","title":{"rendered":"Nuevo teleobjetivo Lumix S 70-300 mm F4.3-5.6 Macro O.I.S."},"content":{"rendered":"<p><strong>Lanzamos un nuevo teleobjetivo 70-300mm para nuestras c\u00e1maras Full-Frame con montura L de la serie LUMIX S.<br \/>\n<\/strong><\/p>\n<p><img fetchpriority=\"high\" decoding=\"async\" class=\"aligncenter wp-image-25836 size-large\" src=\"https:\/\/blog.panasonic.es\/lumix\/wp-content\/uploads\/2021\/02\/Objetivo-70-300mm-31-1024x768.jpg\" alt=\"\" width=\"1024\" height=\"768\" srcset=\"https:\/\/blog.panasonic.es\/lumix\/wp-content\/uploads\/2021\/02\/Objetivo-70-300mm-31-1024x768.jpg 1024w, https:\/\/blog.panasonic.es\/lumix\/wp-content\/uploads\/2021\/02\/Objetivo-70-300mm-31-768x576.jpg 768w, https:\/\/blog.panasonic.es\/lumix\/wp-content\/uploads\/2021\/02\/Objetivo-70-300mm-31-600x450.jpg 600w, https:\/\/blog.panasonic.es\/lumix\/wp-content\/uploads\/2021\/02\/Objetivo-70-300mm-31.jpg 1440w\" sizes=\"(max-width: 1024px) 100vw, 1024px\" \/><\/p>\n<p>&nbsp;<\/p>\n<p>Este nuevo teleobjetivo, el LUMIX S 70-300 mm F4.3-5.6 Macro O.I.S. (<a href=\"https:\/\/www.panasonic.com\/es\/consumer\/camaras-y-videocamaras\/objetivos-lumix-s\/s-r70300.html\" target=\"_blank\" rel=\"noopener\">S-R70300<\/a>), est\u00e1 basado en la montura L-Mount para nuestras <a href=\"https:\/\/www.panasonic.com\/es\/consumer\/camaras-y-videocamaras\/camaras-lumix-s.html\" target=\"_blank\" rel=\"noopener\">c\u00e1maras Full-Frame<\/a>. LUMIX persigue una calidad de imagen sin compromiso con su amplia gama de c\u00e1maras y objetivos de la Serie S, enfocados principalmente para un uso profesional y destinados a los creadores de contenido m\u00e1s exigentes.<\/p>\n<p>&nbsp;<\/p>\n<h2>Caracter\u00edsticas del teleobjetivo<\/h2>\n<p><img decoding=\"async\" class=\"alignleft wp-image-25832 size-medium\" src=\"https:\/\/blog.panasonic.es\/lumix\/wp-content\/uploads\/2021\/02\/Lumix-Serie-S-line-up-300x147.jpg\" alt=\"\" width=\"300\" height=\"147\" \/><\/p>\n<p>El objetivo LUMIX S 70-300 mm F4.5-5.6 Macro O.I.S ofrece una calidad de imagen excelente que permite conseguir fotograf\u00edas y v\u00eddeos realmente impresionantes. Tambi\u00e9n ofrece un AF de alta velocidad y precisi\u00f3n con un Dual I.S. para una movilidad \u00e1gil en todo tipo de situaciones: deportes, animales, retratos o veh\u00edculos.<\/p>\n<p>&nbsp;<\/p>\n<p>Con tecnolog\u00eda de vanguardia, la combinaci\u00f3n de 17 elementos de lentes en 11 grupos, incluyendo una lente UED (Ultra Extra-low Dispersion), 2 lentes ED (Extra-low Dispersion) y una UHR (Ultra-High Refractive Index) es capaz de suprimir la aberraci\u00f3n crom\u00e1tica axial en las distancias focales m\u00e1s largas y la aberraci\u00f3n crom\u00e1tica de aumento en las focales m\u00e1s cortas (angular). Las lentes UHR consiguen que la calidad de imagen sea uniforme desde el centro hasta los bordes de la imagen. Este dise\u00f1o, adem\u00e1s, contribuye a optimizar el tama\u00f1o compacto del objetivo.<\/p>\n<p><img decoding=\"async\" class=\"aligncenter wp-image-25833 size-large\" src=\"https:\/\/blog.panasonic.es\/lumix\/wp-content\/uploads\/2021\/02\/S-R70300_lifestyle-1024x683.jpg\" alt=\"\" width=\"1024\" height=\"683\" srcset=\"https:\/\/blog.panasonic.es\/lumix\/wp-content\/uploads\/2021\/02\/S-R70300_lifestyle-1024x683.jpg 1024w, https:\/\/blog.panasonic.es\/lumix\/wp-content\/uploads\/2021\/02\/S-R70300_lifestyle-768x512.jpg 768w, https:\/\/blog.panasonic.es\/lumix\/wp-content\/uploads\/2021\/02\/S-R70300_lifestyle-600x400.jpg 600w, https:\/\/blog.panasonic.es\/lumix\/wp-content\/uploads\/2021\/02\/S-R70300_lifestyle.jpg 1440w\" sizes=\"(max-width: 1024px) 100vw, 1024px\" \/><\/p>\n<p>Con una distancia m\u00ednima de enfoque extraordinaria de 0,54m<sup>*1<\/sup>, este nuevo objetivo alcanza un aumento m\u00e1ximo de 0,5x a 300mm, realizando fotograf\u00edas y v\u00eddeos macro a tama\u00f1o natural. La apertura circular con su diafragma fabricado con 11 palas consigue un magn\u00edfico efecto <em>bokeh<\/em> en todo el rango del zoom.<\/p>\n<p>Combinando el O.I.S (estabilizador \u00f3ptico de imagen) en el objetivo y el estabilizador de imagen en el cuerpo de las c\u00e1maras de la Serie S de LUMIX, el sistema Dual I.S. (estabilizador de imagen dual) compensa el temblor de la mano haciendo posible el uso de una velocidad de obturaci\u00f3n 5.5 pasos m\u00e1s lenta<sup>*2<\/sup>. Adem\u00e1s, el control de enfoque con sensor de velocidad m\u00e1xima de 480 fps permite un AF r\u00e1pido y de alta precisi\u00f3n.<\/p>\n<p>Con un formato compacto y ligero, el objetivo Lumix S 70-300mm se caracteriza por una movilidad excelente. Su dise\u00f1o resistente al polvo y a las salpicaduras<sup>*3<\/sup> soporta condiciones adversas, incluso a 10 grados bajo cero. Adem\u00e1s, un recubrimiento de fl\u00faor en la lente frontal repele el aceite y el agua, y previene que la suciedad se pegue. El di\u00e1metro del filtro es de 77mm.<\/p>\n<p style=\"text-align: center;\"><a href=\"https:\/\/www.panasonic.com\/es\/consumer\/camaras-y-videocamaras\/objetivos-lumix-s\/s-r70300.html\" class=\"su-button su-button-style-flat\" style=\"color:white;background-color:#A50034;border-color:#84002a;border-radius:5px\" target=\"_blank\" rel=\"noopener noreferrer\"><span style=\"color:white;padding:0px 16px;font-size:13px;line-height:26px;border-color:#c04d71;border-radius:5px;text-shadow:none\"> Desc\u00fabrelo<\/span><\/a>\n<p>&nbsp;<\/p>\n<h2>Obejtivos de la serie Lumix S<\/h2>\n<p>Todos los objetivos de la serie S de LUMIX destacan por su rendimiento en la grabaci\u00f3n de v\u00eddeos gracias a un mecanismo que minimiza el <em>focus breathing<\/em>, un fen\u00f3meno que supone un problema cuando se utilizan objetivos intercambiables dise\u00f1ados exclusivamente para fotograf\u00eda. Adem\u00e1s, el cambio de plano de enfoque se suprime durante el zoom para que el sujeto est\u00e9 siempre n\u00edtido con claridad generando as\u00ed contenido de calidad profesional.<\/p>\n<p>Panasonic y L-Mount mantienen una firme alianza y siguen desarrollando objetivos basados en la montura L-Mount, incluyendo otros tres objetivos F1.8 de gran luminosidad.<\/p>\n<p>&nbsp;<\/p>\n<h2>Lumix Pro<\/h2>\n<p>El objetivo LUMIX S-R70300 est\u00e1 dentro del <a href=\"https:\/\/lumixpro.panasonic.com\/es\/\" target=\"_blank\" rel=\"noopener\">programa LUMIX PRO<\/a>, una herramienta dise\u00f1ada para dar soporte a los usuarios de LUMIX, con beneficios disponibles para todos los miembros.<\/p>\n<p>&nbsp;<\/p>\n<p><em>*1 En el extremo del teleobjetivo.<\/em><br \/>\n<em>*2 Basado en el est\u00e1ndar CIPA [Yaw\/Pitch direction: distancia de enfoque f=300mm, cuando se utiliza la LUMIX S5].<\/em><br \/>\n<em>*3 La resistencia al polvo y a las salpicaduras no garantiza que no se produzcan da\u00f1os si el objetivo est\u00e1 sometido a un contacto directo con el polvo y el agua.<\/em><br \/>\n<em>*El dise\u00f1o y las especificaciones est\u00e1n sujetas a cambio sin previo aviso.<\/em><\/p>\n<p style=\"text-align: center;\">\n","protected":false},"excerpt":{"rendered":"<p>Lanzamos un nuevo teleobjetivo 70-300mm para nuestras c\u00e1maras Full-Frame con montura L de la serie LUMIX S. &nbsp; Este nuevo teleobjetivo, el LUMIX S 70-300 mm F4.3-5.6 Macro O.I.S. (S-R70300), est\u00e1 basado en la montura L-Mount para nuestras c\u00e1maras Full-Frame. LUMIX persigue una calidad de imagen sin compromiso con su amplia gama de c\u00e1maras y &#8230; <a title=\"Nuevo teleobjetivo Lumix S 70-300 mm F4.3-5.6 Macro O.I.S.\" class=\"read-more\" href=\"https:\/\/blog.panasonic.es\/lumix\/nuevo-teleobjetivo-lumix-s-70-300-mm-f4-3-5-6-macro-o-i-s\/\" aria-label=\"Leer m\u00e1s sobre Nuevo teleobjetivo Lumix S 70-300 mm F4.3-5.6 Macro O.I.S.\">Leer m\u00e1s<\/a><\/p>\n","protected":false},"author":3,"featured_media":25829,"comment_status":"closed","ping_status":"closed","sticky":false,"template":"","format":"standard","meta":{"_acf_changed":false,"footnotes":""},"categories":[26],"tags":[136],"class_list":["post-25827","post","type-post","status-publish","format-standard","has-post-thumbnail","hentry","category-blog","tag-novedades-de-producto"],"acf":[],"yoast_head":"<!-- This site is optimized with the Yoast SEO plugin v27.4 - https:\/\/yoast.com\/product\/yoast-seo-wordpress\/ -->\n<title>Nuevo teleobjetivo Lumix S 70-300 mm F4.3-5.6 Macro O.I.S. - Lumix<\/title>\n<meta name=\"description\" content=\"Descubre el teleobjetivo LUMIX S 70-300 mm F4.3-5.6 Macro O.I.S., basado en la montura L-Mount para nuestras c\u00e1maras Full-Frame.\" \/>\n<meta name=\"robots\" content=\"index, follow, max-snippet:-1, max-image-preview:large, max-video-preview:-1\" \/>\n<link rel=\"canonical\" href=\"https:\/\/blog.panasonic.es\/lumix\/nuevo-teleobjetivo-lumix-s-70-300-mm-f4-3-5-6-macro-o-i-s\/\" \/>\n<meta property=\"og:locale\" content=\"es_ES\" \/>\n<meta property=\"og:type\" content=\"article\" \/>\n<meta property=\"og:title\" content=\"Nuevo teleobjetivo Lumix S 70-300 mm F4.3-5.6 Macro O.I.S. - Lumix\" \/>\n<meta property=\"og:description\" content=\"Descubre el teleobjetivo LUMIX S 70-300 mm F4.3-5.6 Macro O.I.S., basado en la montura L-Mount para nuestras c\u00e1maras Full-Frame.\" \/>\n<meta property=\"og:url\" content=\"https:\/\/blog.panasonic.es\/lumix\/nuevo-teleobjetivo-lumix-s-70-300-mm-f4-3-5-6-macro-o-i-s\/\" \/>\n<meta property=\"og:site_name\" content=\"Lumix\" \/>\n<meta property=\"article:published_time\" content=\"2021-02-18T09:45:35+00:00\" \/>\n<meta property=\"article:modified_time\" content=\"2021-11-16T11:44:01+00:00\" \/>\n<meta property=\"og:image\" content=\"https:\/\/blog.panasonic.es\/lumix\/wp-content\/uploads\/2021\/02\/S-R70300.jpg\" \/>\n\t<meta property=\"og:image:width\" content=\"1200\" \/>\n\t<meta property=\"og:image:height\" content=\"560\" \/>\n\t<meta property=\"og:image:type\" content=\"image\/jpeg\" \/>\n<meta name=\"author\" content=\"Lumix\" \/>\n<meta name=\"twitter:card\" content=\"summary_large_image\" \/>\n<script type=\"application\/ld+json\" class=\"yoast-schema-graph\">{\"@context\":\"https:\\\/\\\/schema.org\",\"@graph\":[{\"@type\":\"Article\",\"@id\":\"https:\\\/\\\/blog.panasonic.es\\\/lumix\\\/nuevo-teleobjetivo-lumix-s-70-300-mm-f4-3-5-6-macro-o-i-s\\\/#article\",\"isPartOf\":{\"@id\":\"https:\\\/\\\/blog.panasonic.es\\\/lumix\\\/nuevo-teleobjetivo-lumix-s-70-300-mm-f4-3-5-6-macro-o-i-s\\\/\"},\"author\":{\"name\":\"Lumix\",\"@id\":\"https:\\\/\\\/blog.panasonic.es\\\/lumix\\\/#\\\/schema\\\/person\\\/963a6a04c721c06e25e665ca89a43d19\"},\"headline\":\"Nuevo teleobjetivo Lumix S 70-300 mm F4.3-5.6 Macro O.I.S.\",\"datePublished\":\"2021-02-18T09:45:35+00:00\",\"dateModified\":\"2021-11-16T11:44:01+00:00\",\"mainEntityOfPage\":{\"@id\":\"https:\\\/\\\/blog.panasonic.es\\\/lumix\\\/nuevo-teleobjetivo-lumix-s-70-300-mm-f4-3-5-6-macro-o-i-s\\\/\"},\"wordCount\":697,\"publisher\":{\"@id\":\"https:\\\/\\\/blog.panasonic.es\\\/lumix\\\/#organization\"},\"image\":{\"@id\":\"https:\\\/\\\/blog.panasonic.es\\\/lumix\\\/nuevo-teleobjetivo-lumix-s-70-300-mm-f4-3-5-6-macro-o-i-s\\\/#primaryimage\"},\"thumbnailUrl\":\"https:\\\/\\\/blog.panasonic.es\\\/lumix\\\/wp-content\\\/uploads\\\/2021\\\/02\\\/S-R70300.jpg\",\"keywords\":[\"Novedades de producto\"],\"articleSection\":[\"Blog\"],\"inLanguage\":\"es\"},{\"@type\":\"WebPage\",\"@id\":\"https:\\\/\\\/blog.panasonic.es\\\/lumix\\\/nuevo-teleobjetivo-lumix-s-70-300-mm-f4-3-5-6-macro-o-i-s\\\/\",\"url\":\"https:\\\/\\\/blog.panasonic.es\\\/lumix\\\/nuevo-teleobjetivo-lumix-s-70-300-mm-f4-3-5-6-macro-o-i-s\\\/\",\"name\":\"Nuevo teleobjetivo Lumix S 70-300 mm F4.3-5.6 Macro O.I.S. - Lumix\",\"isPartOf\":{\"@id\":\"https:\\\/\\\/blog.panasonic.es\\\/lumix\\\/#website\"},\"primaryImageOfPage\":{\"@id\":\"https:\\\/\\\/blog.panasonic.es\\\/lumix\\\/nuevo-teleobjetivo-lumix-s-70-300-mm-f4-3-5-6-macro-o-i-s\\\/#primaryimage\"},\"image\":{\"@id\":\"https:\\\/\\\/blog.panasonic.es\\\/lumix\\\/nuevo-teleobjetivo-lumix-s-70-300-mm-f4-3-5-6-macro-o-i-s\\\/#primaryimage\"},\"thumbnailUrl\":\"https:\\\/\\\/blog.panasonic.es\\\/lumix\\\/wp-content\\\/uploads\\\/2021\\\/02\\\/S-R70300.jpg\",\"datePublished\":\"2021-02-18T09:45:35+00:00\",\"dateModified\":\"2021-11-16T11:44:01+00:00\",\"description\":\"Descubre el teleobjetivo LUMIX S 70-300 mm F4.3-5.6 Macro O.I.S., basado en la montura L-Mount para nuestras c\u00e1maras Full-Frame.\",\"breadcrumb\":{\"@id\":\"https:\\\/\\\/blog.panasonic.es\\\/lumix\\\/nuevo-teleobjetivo-lumix-s-70-300-mm-f4-3-5-6-macro-o-i-s\\\/#breadcrumb\"},\"inLanguage\":\"es\",\"potentialAction\":[{\"@type\":\"ReadAction\",\"target\":[\"https:\\\/\\\/blog.panasonic.es\\\/lumix\\\/nuevo-teleobjetivo-lumix-s-70-300-mm-f4-3-5-6-macro-o-i-s\\\/\"]}]},{\"@type\":\"ImageObject\",\"inLanguage\":\"es\",\"@id\":\"https:\\\/\\\/blog.panasonic.es\\\/lumix\\\/nuevo-teleobjetivo-lumix-s-70-300-mm-f4-3-5-6-macro-o-i-s\\\/#primaryimage\",\"url\":\"https:\\\/\\\/blog.panasonic.es\\\/lumix\\\/wp-content\\\/uploads\\\/2021\\\/02\\\/S-R70300.jpg\",\"contentUrl\":\"https:\\\/\\\/blog.panasonic.es\\\/lumix\\\/wp-content\\\/uploads\\\/2021\\\/02\\\/S-R70300.jpg\",\"width\":1200,\"height\":560},{\"@type\":\"BreadcrumbList\",\"@id\":\"https:\\\/\\\/blog.panasonic.es\\\/lumix\\\/nuevo-teleobjetivo-lumix-s-70-300-mm-f4-3-5-6-macro-o-i-s\\\/#breadcrumb\",\"itemListElement\":[{\"@type\":\"ListItem\",\"position\":1,\"name\":\"Home\",\"item\":\"https:\\\/\\\/blog.panasonic.es\\\/lumix\\\/\"},{\"@type\":\"ListItem\",\"position\":2,\"name\":\"Blog\",\"item\":\"https:\\\/\\\/blog.panasonic.es\\\/lumix\\\/.\\\/blog\\\/\"},{\"@type\":\"ListItem\",\"position\":3,\"name\":\"Nuevo teleobjetivo Lumix S 70-300 mm F4.3-5.6 Macro O.I.S.\"}]},{\"@type\":\"WebSite\",\"@id\":\"https:\\\/\\\/blog.panasonic.es\\\/lumix\\\/#website\",\"url\":\"https:\\\/\\\/blog.panasonic.es\\\/lumix\\\/\",\"name\":\"Lumix\",\"description\":\"LUMIX, Motion. Picture. Perfect\",\"publisher\":{\"@id\":\"https:\\\/\\\/blog.panasonic.es\\\/lumix\\\/#organization\"},\"potentialAction\":[{\"@type\":\"SearchAction\",\"target\":{\"@type\":\"EntryPoint\",\"urlTemplate\":\"https:\\\/\\\/blog.panasonic.es\\\/lumix\\\/?s={search_term_string}\"},\"query-input\":{\"@type\":\"PropertyValueSpecification\",\"valueRequired\":true,\"valueName\":\"search_term_string\"}}],\"inLanguage\":\"es\"},{\"@type\":\"Organization\",\"@id\":\"https:\\\/\\\/blog.panasonic.es\\\/lumix\\\/#organization\",\"name\":\"Lumix\",\"url\":\"https:\\\/\\\/blog.panasonic.es\\\/lumix\\\/\",\"logo\":{\"@type\":\"ImageObject\",\"inLanguage\":\"es\",\"@id\":\"https:\\\/\\\/blog.panasonic.es\\\/lumix\\\/#\\\/schema\\\/logo\\\/image\\\/\",\"url\":\"https:\\\/\\\/blog.panasonic.es\\\/lumix\\\/wp-content\\\/uploads\\\/2021\\\/09\\\/logo-blanco.svg\",\"contentUrl\":\"https:\\\/\\\/blog.panasonic.es\\\/lumix\\\/wp-content\\\/uploads\\\/2021\\\/09\\\/logo-blanco.svg\",\"width\":309,\"height\":38,\"caption\":\"Lumix\"},\"image\":{\"@id\":\"https:\\\/\\\/blog.panasonic.es\\\/lumix\\\/#\\\/schema\\\/logo\\\/image\\\/\"}},{\"@type\":\"Person\",\"@id\":\"https:\\\/\\\/blog.panasonic.es\\\/lumix\\\/#\\\/schema\\\/person\\\/963a6a04c721c06e25e665ca89a43d19\",\"name\":\"Lumix\",\"description\":\"LUMIX. Motion. Picture. Perfect. Apoyando estrechamente a los creadores, quienes lideran la cultura de la imagen, LUMIX proporciona una experiencia que les permite ser creativos como ellos desean, independientemente de si realizan im\u00e1genes fotograf\u00edas o v\u00eddeos. Queremos convertirnos en una marca que est\u00e9 con ellos, transmitiendo nuevas emociones juntos, sobrepasando los l\u00edmites de la creaci\u00f3n audiovisual. Esta es la idea y el significado de nuestro eslogan Motion. Picture. Perfect.\",\"sameAs\":[\"https:\\\/\\\/www.panasonic.com\\\/es\\\/\",\"anne.cohen\"],\"url\":\"https:\\\/\\\/blog.panasonic.es\\\/lumix\\\/embajador\\\/panasonic\\\/\"}]}<\/script>\n<!-- \/ Yoast SEO plugin. -->","yoast_head_json":{"title":"Nuevo teleobjetivo Lumix S 70-300 mm F4.3-5.6 Macro O.I.S. - Lumix","description":"Descubre el teleobjetivo LUMIX S 70-300 mm F4.3-5.6 Macro O.I.S., basado en la montura L-Mount para nuestras c\u00e1maras Full-Frame.","robots":{"index":"index","follow":"follow","max-snippet":"max-snippet:-1","max-image-preview":"max-image-preview:large","max-video-preview":"max-video-preview:-1"},"canonical":"https:\/\/blog.panasonic.es\/lumix\/nuevo-teleobjetivo-lumix-s-70-300-mm-f4-3-5-6-macro-o-i-s\/","og_locale":"es_ES","og_type":"article","og_title":"Nuevo teleobjetivo Lumix S 70-300 mm F4.3-5.6 Macro O.I.S. - Lumix","og_description":"Descubre el teleobjetivo LUMIX S 70-300 mm F4.3-5.6 Macro O.I.S., basado en la montura L-Mount para nuestras c\u00e1maras Full-Frame.","og_url":"https:\/\/blog.panasonic.es\/lumix\/nuevo-teleobjetivo-lumix-s-70-300-mm-f4-3-5-6-macro-o-i-s\/","og_site_name":"Lumix","article_published_time":"2021-02-18T09:45:35+00:00","article_modified_time":"2021-11-16T11:44:01+00:00","og_image":[{"width":1200,"height":560,"url":"https:\/\/blog.panasonic.es\/lumix\/wp-content\/uploads\/2021\/02\/S-R70300.jpg","type":"image\/jpeg"}],"author":"Lumix","twitter_card":"summary_large_image","schema":{"@context":"https:\/\/schema.org","@graph":[{"@type":"Article","@id":"https:\/\/blog.panasonic.es\/lumix\/nuevo-teleobjetivo-lumix-s-70-300-mm-f4-3-5-6-macro-o-i-s\/#article","isPartOf":{"@id":"https:\/\/blog.panasonic.es\/lumix\/nuevo-teleobjetivo-lumix-s-70-300-mm-f4-3-5-6-macro-o-i-s\/"},"author":{"name":"Lumix","@id":"https:\/\/blog.panasonic.es\/lumix\/#\/schema\/person\/963a6a04c721c06e25e665ca89a43d19"},"headline":"Nuevo teleobjetivo Lumix S 70-300 mm F4.3-5.6 Macro O.I.S.","datePublished":"2021-02-18T09:45:35+00:00","dateModified":"2021-11-16T11:44:01+00:00","mainEntityOfPage":{"@id":"https:\/\/blog.panasonic.es\/lumix\/nuevo-teleobjetivo-lumix-s-70-300-mm-f4-3-5-6-macro-o-i-s\/"},"wordCount":697,"publisher":{"@id":"https:\/\/blog.panasonic.es\/lumix\/#organization"},"image":{"@id":"https:\/\/blog.panasonic.es\/lumix\/nuevo-teleobjetivo-lumix-s-70-300-mm-f4-3-5-6-macro-o-i-s\/#primaryimage"},"thumbnailUrl":"https:\/\/blog.panasonic.es\/lumix\/wp-content\/uploads\/2021\/02\/S-R70300.jpg","keywords":["Novedades de producto"],"articleSection":["Blog"],"inLanguage":"es"},{"@type":"WebPage","@id":"https:\/\/blog.panasonic.es\/lumix\/nuevo-teleobjetivo-lumix-s-70-300-mm-f4-3-5-6-macro-o-i-s\/","url":"https:\/\/blog.panasonic.es\/lumix\/nuevo-teleobjetivo-lumix-s-70-300-mm-f4-3-5-6-macro-o-i-s\/","name":"Nuevo teleobjetivo Lumix S 70-300 mm F4.3-5.6 Macro O.I.S. - Lumix","isPartOf":{"@id":"https:\/\/blog.panasonic.es\/lumix\/#website"},"primaryImageOfPage":{"@id":"https:\/\/blog.panasonic.es\/lumix\/nuevo-teleobjetivo-lumix-s-70-300-mm-f4-3-5-6-macro-o-i-s\/#primaryimage"},"image":{"@id":"https:\/\/blog.panasonic.es\/lumix\/nuevo-teleobjetivo-lumix-s-70-300-mm-f4-3-5-6-macro-o-i-s\/#primaryimage"},"thumbnailUrl":"https:\/\/blog.panasonic.es\/lumix\/wp-content\/uploads\/2021\/02\/S-R70300.jpg","datePublished":"2021-02-18T09:45:35+00:00","dateModified":"2021-11-16T11:44:01+00:00","description":"Descubre el teleobjetivo LUMIX S 70-300 mm F4.3-5.6 Macro O.I.S., basado en la montura L-Mount para nuestras c\u00e1maras Full-Frame.","breadcrumb":{"@id":"https:\/\/blog.panasonic.es\/lumix\/nuevo-teleobjetivo-lumix-s-70-300-mm-f4-3-5-6-macro-o-i-s\/#breadcrumb"},"inLanguage":"es","potentialAction":[{"@type":"ReadAction","target":["https:\/\/blog.panasonic.es\/lumix\/nuevo-teleobjetivo-lumix-s-70-300-mm-f4-3-5-6-macro-o-i-s\/"]}]},{"@type":"ImageObject","inLanguage":"es","@id":"https:\/\/blog.panasonic.es\/lumix\/nuevo-teleobjetivo-lumix-s-70-300-mm-f4-3-5-6-macro-o-i-s\/#primaryimage","url":"https:\/\/blog.panasonic.es\/lumix\/wp-content\/uploads\/2021\/02\/S-R70300.jpg","contentUrl":"https:\/\/blog.panasonic.es\/lumix\/wp-content\/uploads\/2021\/02\/S-R70300.jpg","width":1200,"height":560},{"@type":"BreadcrumbList","@id":"https:\/\/blog.panasonic.es\/lumix\/nuevo-teleobjetivo-lumix-s-70-300-mm-f4-3-5-6-macro-o-i-s\/#breadcrumb","itemListElement":[{"@type":"ListItem","position":1,"name":"Home","item":"https:\/\/blog.panasonic.es\/lumix\/"},{"@type":"ListItem","position":2,"name":"Blog","item":"https:\/\/blog.panasonic.es\/lumix\/.\/blog\/"},{"@type":"ListItem","position":3,"name":"Nuevo teleobjetivo Lumix S 70-300 mm F4.3-5.6 Macro O.I.S."}]},{"@type":"WebSite","@id":"https:\/\/blog.panasonic.es\/lumix\/#website","url":"https:\/\/blog.panasonic.es\/lumix\/","name":"Lumix","description":"LUMIX, Motion. Picture. Perfect","publisher":{"@id":"https:\/\/blog.panasonic.es\/lumix\/#organization"},"potentialAction":[{"@type":"SearchAction","target":{"@type":"EntryPoint","urlTemplate":"https:\/\/blog.panasonic.es\/lumix\/?s={search_term_string}"},"query-input":{"@type":"PropertyValueSpecification","valueRequired":true,"valueName":"search_term_string"}}],"inLanguage":"es"},{"@type":"Organization","@id":"https:\/\/blog.panasonic.es\/lumix\/#organization","name":"Lumix","url":"https:\/\/blog.panasonic.es\/lumix\/","logo":{"@type":"ImageObject","inLanguage":"es","@id":"https:\/\/blog.panasonic.es\/lumix\/#\/schema\/logo\/image\/","url":"https:\/\/blog.panasonic.es\/lumix\/wp-content\/uploads\/2021\/09\/logo-blanco.svg","contentUrl":"https:\/\/blog.panasonic.es\/lumix\/wp-content\/uploads\/2021\/09\/logo-blanco.svg","width":309,"height":38,"caption":"Lumix"},"image":{"@id":"https:\/\/blog.panasonic.es\/lumix\/#\/schema\/logo\/image\/"}},{"@type":"Person","@id":"https:\/\/blog.panasonic.es\/lumix\/#\/schema\/person\/963a6a04c721c06e25e665ca89a43d19","name":"Lumix","description":"LUMIX. Motion. Picture. Perfect. Apoyando estrechamente a los creadores, quienes lideran la cultura de la imagen, LUMIX proporciona una experiencia que les permite ser creativos como ellos desean, independientemente de si realizan im\u00e1genes fotograf\u00edas o v\u00eddeos. Queremos convertirnos en una marca que est\u00e9 con ellos, transmitiendo nuevas emociones juntos, sobrepasando los l\u00edmites de la creaci\u00f3n audiovisual. Esta es la idea y el significado de nuestro eslogan Motion. Picture. Perfect.","sameAs":["https:\/\/www.panasonic.com\/es\/","anne.cohen"],"url":"https:\/\/blog.panasonic.es\/lumix\/embajador\/panasonic\/"}]}},"_links":{"self":[{"href":"https:\/\/blog.panasonic.es\/lumix\/wp-json\/wp\/v2\/posts\/25827","targetHints":{"allow":["GET"]}}],"collection":[{"href":"https:\/\/blog.panasonic.es\/lumix\/wp-json\/wp\/v2\/posts"}],"about":[{"href":"https:\/\/blog.panasonic.es\/lumix\/wp-json\/wp\/v2\/types\/post"}],"author":[{"embeddable":true,"href":"https:\/\/blog.panasonic.es\/lumix\/wp-json\/wp\/v2\/users\/3"}],"replies":[{"embeddable":true,"href":"https:\/\/blog.panasonic.es\/lumix\/wp-json\/wp\/v2\/comments?post=25827"}],"version-history":[{"count":1,"href":"https:\/\/blog.panasonic.es\/lumix\/wp-json\/wp\/v2\/posts\/25827\/revisions"}],"predecessor-version":[{"id":28117,"href":"https:\/\/blog.panasonic.es\/lumix\/wp-json\/wp\/v2\/posts\/25827\/revisions\/28117"}],"wp:featuredmedia":[{"embeddable":true,"href":"https:\/\/blog.panasonic.es\/lumix\/wp-json\/wp\/v2\/media\/25829"}],"wp:attachment":[{"href":"https:\/\/blog.panasonic.es\/lumix\/wp-json\/wp\/v2\/media?parent=25827"}],"wp:term":[{"taxonomy":"category","embeddable":true,"href":"https:\/\/blog.panasonic.es\/lumix\/wp-json\/wp\/v2\/categories?post=25827"},{"taxonomy":"post_tag","embeddable":true,"href":"https:\/\/blog.panasonic.es\/lumix\/wp-json\/wp\/v2\/tags?post=25827"}],"curies":[{"name":"wp","href":"https:\/\/api.w.org\/{rel}","templated":true}]}}