{"id":27012,"date":"2021-09-01T04:05:47","date_gmt":"2021-09-01T02:05:47","guid":{"rendered":"https:\/\/blog.panasonic.es\/?p=27012"},"modified":"2021-11-16T12:36:25","modified_gmt":"2021-11-16T11:36:25","slug":"nuevo-objetivo-24-mm-f1-8-para-camaras-full-frame-lumix-s","status":"publish","type":"post","link":"https:\/\/blog.panasonic.es\/lumix\/nuevo-objetivo-24-mm-f1-8-para-camaras-full-frame-lumix-s\/","title":{"rendered":"Nuevo objetivo 24 mm F1.8 para c\u00e1maras Full-Frame LUMIX S"},"content":{"rendered":"<ul>\n<li>Con gran apertura F1.8 y un alto rendimiento visual para conseguir un hermoso efecto <em>bokeh<\/em><\/li>\n<li>Dise\u00f1o compacto que se adapta f\u00e1cilmente a las c\u00e1maras Full-Frame de Panasonic, incluyendo la LUMIX S5<\/li>\n<\/ul>\n<p><img fetchpriority=\"high\" decoding=\"async\" class=\"size-large wp-image-27023 aligncenter\" src=\"https:\/\/blog.panasonic.es\/lumix\/wp-content\/uploads\/2021\/09\/S-S24_slant-1024x768.jpg\" alt=\"\" width=\"1024\" height=\"768\" srcset=\"https:\/\/blog.panasonic.es\/lumix\/wp-content\/uploads\/2021\/09\/S-S24_slant-1024x768.jpg 1024w, https:\/\/blog.panasonic.es\/lumix\/wp-content\/uploads\/2021\/09\/S-S24_slant-768x576.jpg 768w, https:\/\/blog.panasonic.es\/lumix\/wp-content\/uploads\/2021\/09\/S-S24_slant-600x450.jpg 600w, https:\/\/blog.panasonic.es\/lumix\/wp-content\/uploads\/2021\/09\/S-S24_slant.jpg 1440w\" sizes=\"(max-width: 1024px) 100vw, 1024px\" \/><\/p>\n<p>Presentamos un nuevo objetivo de distancia focal fija, el<a href=\"https:\/\/www.panasonic.com\/es\/consumer\/camaras-y-videocamaras\/objetivos-lumix-s\/s-s24.html\" target=\"_blank\" rel=\"noopener\"> LUMIX S 24mm<\/a> F1.8 (S-S24). Esta es la tercera incorporaci\u00f3n a la serie de 4 objetivos superluminosos F1.8 basada en el est\u00e1ndar del sistema L-Mount, que ya cuenta con los modelos S-S85 y S-S50. Los cuatro objetivos F1.8 de la serie LUMIX S tienen un tama\u00f1o y una disposici\u00f3n similar de botones, que ofrece unas claras ventajas en su uso. Por ejemplo, cuando la c\u00e1mara est\u00e1 en un soporte tipo guimbal, los objetivos se pueden intercambiar r\u00e1pidamente gracias a su similar centro de gravedad. Tambi\u00e9n se pueden utilizar filtros comunes gracias a que tienen el mismo di\u00e1metro.<\/p>\n<p>El nuevo LUMIX S 24mm F1.8 est\u00e1 compuesto por doce lentes distribuidas en once grupos, incluyendo tres lentes asf\u00e9ricas, tres lentes ED (Extra-Low Dispersion) y una UED (Ultra Extra-Low Dispersion). El uso de tres lentes asf\u00e9ricas ofrece un alto rendimiento visual y un magn\u00edfico efecto <em>bokeh, <\/em>consiguiendo un look similar con el uso de todos los objetivos F1.8 de LUMIX. \u00a0Este nuevo modelo es muy vers\u00e1til y perfecto para paisajes o instant\u00e1neas, gracias a su amplio \u00e1ngulo de visi\u00f3n. Adem\u00e1s, las lentes ED y la UED reducen eficazmente la aberraci\u00f3n crom\u00e1tica.<\/p>\n<div class=\"su-youtube su-u-responsive-media-yes\"><iframe width=\"560\" height=\"320\" src=\"https:\/\/www.youtube.com\/embed\/i-L4rtwfCuI?\" frameborder=\"0\" allowfullscreen allow=\"autoplay; encrypted-media; picture-in-picture\" title=\"\"><\/iframe><\/div>\n<p>Este nuevo objetivo dispone de un sensor ultra r\u00e1pido de hasta 240 fps que consigue un AF por contraste de alta velocidad y precisi\u00f3n. Para el ajuste no lineal, el enfoque se desplaza seg\u00fan la velocidad de rotaci\u00f3n del anillo de enfoque, mientras que, para el ajuste lineal, el enfoque se desplaza seg\u00fan la configuraci\u00f3n designada de acuerdo a la rotaci\u00f3n del anillo de enfoque.<\/p>\n<p>La sensibilidad (distancia que recorre el enfoque seg\u00fan la configuraci\u00f3n de la rotaci\u00f3n) se puede seleccionar de 90 a 360 grados en intervalos de 30 grados para conseguir el enfoque que se desea. El objetivo destaca por su rendimiento en grabaci\u00f3n de video con un mecanismo que suprime el <em>focus breathing<\/em>, que es uno de los problemas m\u00e1s comunes de los objetivos intercambiables. Gracias a un control de apertura de micropasos que ofrece un cambio de exposici\u00f3n suave, el nuevo S-S24 puede grabar video con calidad profesional.<\/p>\n<p><img decoding=\"async\" class=\"size-large wp-image-27022 aligncenter\" src=\"https:\/\/blog.panasonic.es\/lumix\/wp-content\/uploads\/2021\/09\/S1R_S-S24_slant_K-1024x768.jpg\" alt=\"\" width=\"1024\" height=\"768\" srcset=\"https:\/\/blog.panasonic.es\/lumix\/wp-content\/uploads\/2021\/09\/S1R_S-S24_slant_K-1024x768.jpg 1024w, https:\/\/blog.panasonic.es\/lumix\/wp-content\/uploads\/2021\/09\/S1R_S-S24_slant_K-768x576.jpg 768w, https:\/\/blog.panasonic.es\/lumix\/wp-content\/uploads\/2021\/09\/S1R_S-S24_slant_K-600x450.jpg 600w, https:\/\/blog.panasonic.es\/lumix\/wp-content\/uploads\/2021\/09\/S1R_S-S24_slant_K.jpg 1440w\" sizes=\"(max-width: 1024px) 100vw, 1024px\" \/><\/p>\n<p>Con un formato compacto y ligero de unos 310g, este objetivo destaca por su impresionante movilidad, que se adapta a la perfecci\u00f3n a las c\u00e1maras de LUMIX S. Su dise\u00f1o, resistente al polvo y a las salpicaduras*, permite utilizar el objetivo en condiciones adversas, incluso a -10 grados cent\u00edgrados. El di\u00e1metro del filtro es de 67 mm, con un diafragma de apertura circular de 9 hojas.<\/p>\n<p>Panasonic est\u00e1 desarrollando un nuevo objetivo de 35mm, que seguir\u00e1 ampliando la gama de objetivos de la Serie S de LUMIX. En este sentido, Panasonic junto con Leica y Sigma mantienen una fuerte alianza a trav\u00e9s del desarrollo de diferentes objetivos basados en el sistema L-Mount.<\/p>\n<p>El nuevo objetivo <a href=\"https:\/\/www.panasonic.com\/es\/consumer\/camaras-y-videocamaras\/objetivos-lumix-s\/s-s24.html\" target=\"_blank\" rel=\"noopener\">LUMIX S-S24<\/a> es uno de los modelos del programa LUMIX PRO, que est\u00e1 dise\u00f1ado para apoyar a los usuarios de LUMIX cuando m\u00e1s lo necesitan, con una serie de beneficios disponibles para los miembros. M\u00e1s informaci\u00f3n en: <a href=\"https:\/\/lumixpro.panasonic.com\/es\/\">https:\/\/lumixpro.panasonic.com\/es\/<\/a><\/p>\n<p>&nbsp;    \t<\/p>\n","protected":false},"excerpt":{"rendered":"<p>Con gran apertura F1.8 y un alto rendimiento visual para conseguir un hermoso efecto bokeh Dise\u00f1o compacto que se adapta f\u00e1cilmente a las c\u00e1maras Full-Frame de Panasonic, incluyendo la LUMIX S5 Presentamos un nuevo objetivo de distancia focal fija, el LUMIX S 24mm F1.8 (S-S24). Esta es la tercera incorporaci\u00f3n a la serie de 4 &#8230; <a title=\"Nuevo objetivo 24 mm F1.8 para c\u00e1maras Full-Frame LUMIX S\" class=\"read-more\" href=\"https:\/\/blog.panasonic.es\/lumix\/nuevo-objetivo-24-mm-f1-8-para-camaras-full-frame-lumix-s\/\" aria-label=\"Leer m\u00e1s sobre Nuevo objetivo 24 mm F1.8 para c\u00e1maras Full-Frame LUMIX S\">Leer m\u00e1s<\/a><\/p>\n","protected":false},"author":3,"featured_media":27021,"comment_status":"closed","ping_status":"closed","sticky":false,"template":"","format":"standard","meta":{"_acf_changed":false,"footnotes":""},"categories":[26],"tags":[136],"class_list":["post-27012","post","type-post","status-publish","format-standard","has-post-thumbnail","hentry","category-blog","tag-novedades-de-producto"],"acf":[],"yoast_head":"<!-- This site is optimized with the Yoast SEO plugin v27.4 - https:\/\/yoast.com\/product\/yoast-seo-wordpress\/ -->\n<title>Nuevo objetivo 24 mm F1.8 para c\u00e1maras Full-Frame LUMIX S - Lumix<\/title>\n<meta name=\"robots\" content=\"index, follow, max-snippet:-1, max-image-preview:large, max-video-preview:-1\" \/>\n<link rel=\"canonical\" href=\"https:\/\/blog.panasonic.es\/lumix\/nuevo-objetivo-24-mm-f1-8-para-camaras-full-frame-lumix-s\/\" \/>\n<meta property=\"og:locale\" content=\"es_ES\" \/>\n<meta property=\"og:type\" content=\"article\" \/>\n<meta property=\"og:title\" content=\"Nuevo objetivo 24 mm F1.8 para c\u00e1maras Full-Frame LUMIX S - Lumix\" \/>\n<meta property=\"og:description\" content=\"Con gran apertura F1.8 y un alto rendimiento visual para conseguir un hermoso efecto bokeh Dise\u00f1o compacto que se adapta f\u00e1cilmente a las c\u00e1maras Full-Frame de Panasonic, incluyendo la LUMIX S5 Presentamos un nuevo objetivo de distancia focal fija, el LUMIX S 24mm F1.8 (S-S24). Esta es la tercera incorporaci\u00f3n a la serie de 4 ... Leer m\u00e1s\" \/>\n<meta property=\"og:url\" content=\"https:\/\/blog.panasonic.es\/lumix\/nuevo-objetivo-24-mm-f1-8-para-camaras-full-frame-lumix-s\/\" \/>\n<meta property=\"og:site_name\" content=\"Lumix\" \/>\n<meta property=\"article:published_time\" content=\"2021-09-01T02:05:47+00:00\" \/>\n<meta property=\"article:modified_time\" content=\"2021-11-16T11:36:25+00:00\" \/>\n<meta property=\"og:image\" content=\"https:\/\/blog.panasonic.es\/lumix\/wp-content\/uploads\/2021\/09\/Image-Lumix-S-series-lens-210809.jpg\" \/>\n\t<meta property=\"og:image:width\" content=\"1280\" \/>\n\t<meta property=\"og:image:height\" content=\"768\" \/>\n\t<meta property=\"og:image:type\" content=\"image\/jpeg\" \/>\n<meta name=\"author\" content=\"Lumix\" \/>\n<meta name=\"twitter:card\" content=\"summary_large_image\" \/>\n<script type=\"application\/ld+json\" class=\"yoast-schema-graph\">{\"@context\":\"https:\\\/\\\/schema.org\",\"@graph\":[{\"@type\":\"Article\",\"@id\":\"https:\\\/\\\/blog.panasonic.es\\\/lumix\\\/nuevo-objetivo-24-mm-f1-8-para-camaras-full-frame-lumix-s\\\/#article\",\"isPartOf\":{\"@id\":\"https:\\\/\\\/blog.panasonic.es\\\/lumix\\\/nuevo-objetivo-24-mm-f1-8-para-camaras-full-frame-lumix-s\\\/\"},\"author\":{\"name\":\"Lumix\",\"@id\":\"https:\\\/\\\/blog.panasonic.es\\\/lumix\\\/#\\\/schema\\\/person\\\/963a6a04c721c06e25e665ca89a43d19\"},\"headline\":\"Nuevo objetivo 24 mm F1.8 para c\u00e1maras Full-Frame LUMIX S\",\"datePublished\":\"2021-09-01T02:05:47+00:00\",\"dateModified\":\"2021-11-16T11:36:25+00:00\",\"mainEntityOfPage\":{\"@id\":\"https:\\\/\\\/blog.panasonic.es\\\/lumix\\\/nuevo-objetivo-24-mm-f1-8-para-camaras-full-frame-lumix-s\\\/\"},\"wordCount\":594,\"publisher\":{\"@id\":\"https:\\\/\\\/blog.panasonic.es\\\/lumix\\\/#organization\"},\"image\":{\"@id\":\"https:\\\/\\\/blog.panasonic.es\\\/lumix\\\/nuevo-objetivo-24-mm-f1-8-para-camaras-full-frame-lumix-s\\\/#primaryimage\"},\"thumbnailUrl\":\"https:\\\/\\\/blog.panasonic.es\\\/lumix\\\/wp-content\\\/uploads\\\/2021\\\/09\\\/Image-Lumix-S-series-lens-210809.jpg\",\"keywords\":[\"Novedades de producto\"],\"articleSection\":[\"Blog\"],\"inLanguage\":\"es\"},{\"@type\":\"WebPage\",\"@id\":\"https:\\\/\\\/blog.panasonic.es\\\/lumix\\\/nuevo-objetivo-24-mm-f1-8-para-camaras-full-frame-lumix-s\\\/\",\"url\":\"https:\\\/\\\/blog.panasonic.es\\\/lumix\\\/nuevo-objetivo-24-mm-f1-8-para-camaras-full-frame-lumix-s\\\/\",\"name\":\"Nuevo objetivo 24 mm F1.8 para c\u00e1maras Full-Frame LUMIX S - Lumix\",\"isPartOf\":{\"@id\":\"https:\\\/\\\/blog.panasonic.es\\\/lumix\\\/#website\"},\"primaryImageOfPage\":{\"@id\":\"https:\\\/\\\/blog.panasonic.es\\\/lumix\\\/nuevo-objetivo-24-mm-f1-8-para-camaras-full-frame-lumix-s\\\/#primaryimage\"},\"image\":{\"@id\":\"https:\\\/\\\/blog.panasonic.es\\\/lumix\\\/nuevo-objetivo-24-mm-f1-8-para-camaras-full-frame-lumix-s\\\/#primaryimage\"},\"thumbnailUrl\":\"https:\\\/\\\/blog.panasonic.es\\\/lumix\\\/wp-content\\\/uploads\\\/2021\\\/09\\\/Image-Lumix-S-series-lens-210809.jpg\",\"datePublished\":\"2021-09-01T02:05:47+00:00\",\"dateModified\":\"2021-11-16T11:36:25+00:00\",\"breadcrumb\":{\"@id\":\"https:\\\/\\\/blog.panasonic.es\\\/lumix\\\/nuevo-objetivo-24-mm-f1-8-para-camaras-full-frame-lumix-s\\\/#breadcrumb\"},\"inLanguage\":\"es\",\"potentialAction\":[{\"@type\":\"ReadAction\",\"target\":[\"https:\\\/\\\/blog.panasonic.es\\\/lumix\\\/nuevo-objetivo-24-mm-f1-8-para-camaras-full-frame-lumix-s\\\/\"]}]},{\"@type\":\"ImageObject\",\"inLanguage\":\"es\",\"@id\":\"https:\\\/\\\/blog.panasonic.es\\\/lumix\\\/nuevo-objetivo-24-mm-f1-8-para-camaras-full-frame-lumix-s\\\/#primaryimage\",\"url\":\"https:\\\/\\\/blog.panasonic.es\\\/lumix\\\/wp-content\\\/uploads\\\/2021\\\/09\\\/Image-Lumix-S-series-lens-210809.jpg\",\"contentUrl\":\"https:\\\/\\\/blog.panasonic.es\\\/lumix\\\/wp-content\\\/uploads\\\/2021\\\/09\\\/Image-Lumix-S-series-lens-210809.jpg\",\"width\":1280,\"height\":768},{\"@type\":\"BreadcrumbList\",\"@id\":\"https:\\\/\\\/blog.panasonic.es\\\/lumix\\\/nuevo-objetivo-24-mm-f1-8-para-camaras-full-frame-lumix-s\\\/#breadcrumb\",\"itemListElement\":[{\"@type\":\"ListItem\",\"position\":1,\"name\":\"Home\",\"item\":\"https:\\\/\\\/blog.panasonic.es\\\/lumix\\\/\"},{\"@type\":\"ListItem\",\"position\":2,\"name\":\"Blog\",\"item\":\"https:\\\/\\\/blog.panasonic.es\\\/lumix\\\/.\\\/blog\\\/\"},{\"@type\":\"ListItem\",\"position\":3,\"name\":\"Nuevo objetivo 24 mm F1.8 para c\u00e1maras Full-Frame LUMIX S\"}]},{\"@type\":\"WebSite\",\"@id\":\"https:\\\/\\\/blog.panasonic.es\\\/lumix\\\/#website\",\"url\":\"https:\\\/\\\/blog.panasonic.es\\\/lumix\\\/\",\"name\":\"Lumix\",\"description\":\"LUMIX, Motion. Picture. Perfect\",\"publisher\":{\"@id\":\"https:\\\/\\\/blog.panasonic.es\\\/lumix\\\/#organization\"},\"potentialAction\":[{\"@type\":\"SearchAction\",\"target\":{\"@type\":\"EntryPoint\",\"urlTemplate\":\"https:\\\/\\\/blog.panasonic.es\\\/lumix\\\/?s={search_term_string}\"},\"query-input\":{\"@type\":\"PropertyValueSpecification\",\"valueRequired\":true,\"valueName\":\"search_term_string\"}}],\"inLanguage\":\"es\"},{\"@type\":\"Organization\",\"@id\":\"https:\\\/\\\/blog.panasonic.es\\\/lumix\\\/#organization\",\"name\":\"Lumix\",\"url\":\"https:\\\/\\\/blog.panasonic.es\\\/lumix\\\/\",\"logo\":{\"@type\":\"ImageObject\",\"inLanguage\":\"es\",\"@id\":\"https:\\\/\\\/blog.panasonic.es\\\/lumix\\\/#\\\/schema\\\/logo\\\/image\\\/\",\"url\":\"https:\\\/\\\/blog.panasonic.es\\\/lumix\\\/wp-content\\\/uploads\\\/2021\\\/09\\\/logo-blanco.svg\",\"contentUrl\":\"https:\\\/\\\/blog.panasonic.es\\\/lumix\\\/wp-content\\\/uploads\\\/2021\\\/09\\\/logo-blanco.svg\",\"width\":309,\"height\":38,\"caption\":\"Lumix\"},\"image\":{\"@id\":\"https:\\\/\\\/blog.panasonic.es\\\/lumix\\\/#\\\/schema\\\/logo\\\/image\\\/\"}},{\"@type\":\"Person\",\"@id\":\"https:\\\/\\\/blog.panasonic.es\\\/lumix\\\/#\\\/schema\\\/person\\\/963a6a04c721c06e25e665ca89a43d19\",\"name\":\"Lumix\",\"description\":\"LUMIX. Motion. Picture. Perfect. Apoyando estrechamente a los creadores, quienes lideran la cultura de la imagen, LUMIX proporciona una experiencia que les permite ser creativos como ellos desean, independientemente de si realizan im\u00e1genes fotograf\u00edas o v\u00eddeos. Queremos convertirnos en una marca que est\u00e9 con ellos, transmitiendo nuevas emociones juntos, sobrepasando los l\u00edmites de la creaci\u00f3n audiovisual. Esta es la idea y el significado de nuestro eslogan Motion. Picture. Perfect.\",\"sameAs\":[\"https:\\\/\\\/www.panasonic.com\\\/es\\\/\",\"anne.cohen\"],\"url\":\"https:\\\/\\\/blog.panasonic.es\\\/lumix\\\/embajador\\\/panasonic\\\/\"}]}<\/script>\n<!-- \/ Yoast SEO plugin. -->","yoast_head_json":{"title":"Nuevo objetivo 24 mm F1.8 para c\u00e1maras Full-Frame LUMIX S - Lumix","robots":{"index":"index","follow":"follow","max-snippet":"max-snippet:-1","max-image-preview":"max-image-preview:large","max-video-preview":"max-video-preview:-1"},"canonical":"https:\/\/blog.panasonic.es\/lumix\/nuevo-objetivo-24-mm-f1-8-para-camaras-full-frame-lumix-s\/","og_locale":"es_ES","og_type":"article","og_title":"Nuevo objetivo 24 mm F1.8 para c\u00e1maras Full-Frame LUMIX S - Lumix","og_description":"Con gran apertura F1.8 y un alto rendimiento visual para conseguir un hermoso efecto bokeh Dise\u00f1o compacto que se adapta f\u00e1cilmente a las c\u00e1maras Full-Frame de Panasonic, incluyendo la LUMIX S5 Presentamos un nuevo objetivo de distancia focal fija, el LUMIX S 24mm F1.8 (S-S24). Esta es la tercera incorporaci\u00f3n a la serie de 4 ... Leer m\u00e1s","og_url":"https:\/\/blog.panasonic.es\/lumix\/nuevo-objetivo-24-mm-f1-8-para-camaras-full-frame-lumix-s\/","og_site_name":"Lumix","article_published_time":"2021-09-01T02:05:47+00:00","article_modified_time":"2021-11-16T11:36:25+00:00","og_image":[{"width":1280,"height":768,"url":"https:\/\/blog.panasonic.es\/lumix\/wp-content\/uploads\/2021\/09\/Image-Lumix-S-series-lens-210809.jpg","type":"image\/jpeg"}],"author":"Lumix","twitter_card":"summary_large_image","schema":{"@context":"https:\/\/schema.org","@graph":[{"@type":"Article","@id":"https:\/\/blog.panasonic.es\/lumix\/nuevo-objetivo-24-mm-f1-8-para-camaras-full-frame-lumix-s\/#article","isPartOf":{"@id":"https:\/\/blog.panasonic.es\/lumix\/nuevo-objetivo-24-mm-f1-8-para-camaras-full-frame-lumix-s\/"},"author":{"name":"Lumix","@id":"https:\/\/blog.panasonic.es\/lumix\/#\/schema\/person\/963a6a04c721c06e25e665ca89a43d19"},"headline":"Nuevo objetivo 24 mm F1.8 para c\u00e1maras Full-Frame LUMIX S","datePublished":"2021-09-01T02:05:47+00:00","dateModified":"2021-11-16T11:36:25+00:00","mainEntityOfPage":{"@id":"https:\/\/blog.panasonic.es\/lumix\/nuevo-objetivo-24-mm-f1-8-para-camaras-full-frame-lumix-s\/"},"wordCount":594,"publisher":{"@id":"https:\/\/blog.panasonic.es\/lumix\/#organization"},"image":{"@id":"https:\/\/blog.panasonic.es\/lumix\/nuevo-objetivo-24-mm-f1-8-para-camaras-full-frame-lumix-s\/#primaryimage"},"thumbnailUrl":"https:\/\/blog.panasonic.es\/lumix\/wp-content\/uploads\/2021\/09\/Image-Lumix-S-series-lens-210809.jpg","keywords":["Novedades de producto"],"articleSection":["Blog"],"inLanguage":"es"},{"@type":"WebPage","@id":"https:\/\/blog.panasonic.es\/lumix\/nuevo-objetivo-24-mm-f1-8-para-camaras-full-frame-lumix-s\/","url":"https:\/\/blog.panasonic.es\/lumix\/nuevo-objetivo-24-mm-f1-8-para-camaras-full-frame-lumix-s\/","name":"Nuevo objetivo 24 mm F1.8 para c\u00e1maras Full-Frame LUMIX S - Lumix","isPartOf":{"@id":"https:\/\/blog.panasonic.es\/lumix\/#website"},"primaryImageOfPage":{"@id":"https:\/\/blog.panasonic.es\/lumix\/nuevo-objetivo-24-mm-f1-8-para-camaras-full-frame-lumix-s\/#primaryimage"},"image":{"@id":"https:\/\/blog.panasonic.es\/lumix\/nuevo-objetivo-24-mm-f1-8-para-camaras-full-frame-lumix-s\/#primaryimage"},"thumbnailUrl":"https:\/\/blog.panasonic.es\/lumix\/wp-content\/uploads\/2021\/09\/Image-Lumix-S-series-lens-210809.jpg","datePublished":"2021-09-01T02:05:47+00:00","dateModified":"2021-11-16T11:36:25+00:00","breadcrumb":{"@id":"https:\/\/blog.panasonic.es\/lumix\/nuevo-objetivo-24-mm-f1-8-para-camaras-full-frame-lumix-s\/#breadcrumb"},"inLanguage":"es","potentialAction":[{"@type":"ReadAction","target":["https:\/\/blog.panasonic.es\/lumix\/nuevo-objetivo-24-mm-f1-8-para-camaras-full-frame-lumix-s\/"]}]},{"@type":"ImageObject","inLanguage":"es","@id":"https:\/\/blog.panasonic.es\/lumix\/nuevo-objetivo-24-mm-f1-8-para-camaras-full-frame-lumix-s\/#primaryimage","url":"https:\/\/blog.panasonic.es\/lumix\/wp-content\/uploads\/2021\/09\/Image-Lumix-S-series-lens-210809.jpg","contentUrl":"https:\/\/blog.panasonic.es\/lumix\/wp-content\/uploads\/2021\/09\/Image-Lumix-S-series-lens-210809.jpg","width":1280,"height":768},{"@type":"BreadcrumbList","@id":"https:\/\/blog.panasonic.es\/lumix\/nuevo-objetivo-24-mm-f1-8-para-camaras-full-frame-lumix-s\/#breadcrumb","itemListElement":[{"@type":"ListItem","position":1,"name":"Home","item":"https:\/\/blog.panasonic.es\/lumix\/"},{"@type":"ListItem","position":2,"name":"Blog","item":"https:\/\/blog.panasonic.es\/lumix\/.\/blog\/"},{"@type":"ListItem","position":3,"name":"Nuevo objetivo 24 mm F1.8 para c\u00e1maras Full-Frame LUMIX S"}]},{"@type":"WebSite","@id":"https:\/\/blog.panasonic.es\/lumix\/#website","url":"https:\/\/blog.panasonic.es\/lumix\/","name":"Lumix","description":"LUMIX, Motion. Picture. Perfect","publisher":{"@id":"https:\/\/blog.panasonic.es\/lumix\/#organization"},"potentialAction":[{"@type":"SearchAction","target":{"@type":"EntryPoint","urlTemplate":"https:\/\/blog.panasonic.es\/lumix\/?s={search_term_string}"},"query-input":{"@type":"PropertyValueSpecification","valueRequired":true,"valueName":"search_term_string"}}],"inLanguage":"es"},{"@type":"Organization","@id":"https:\/\/blog.panasonic.es\/lumix\/#organization","name":"Lumix","url":"https:\/\/blog.panasonic.es\/lumix\/","logo":{"@type":"ImageObject","inLanguage":"es","@id":"https:\/\/blog.panasonic.es\/lumix\/#\/schema\/logo\/image\/","url":"https:\/\/blog.panasonic.es\/lumix\/wp-content\/uploads\/2021\/09\/logo-blanco.svg","contentUrl":"https:\/\/blog.panasonic.es\/lumix\/wp-content\/uploads\/2021\/09\/logo-blanco.svg","width":309,"height":38,"caption":"Lumix"},"image":{"@id":"https:\/\/blog.panasonic.es\/lumix\/#\/schema\/logo\/image\/"}},{"@type":"Person","@id":"https:\/\/blog.panasonic.es\/lumix\/#\/schema\/person\/963a6a04c721c06e25e665ca89a43d19","name":"Lumix","description":"LUMIX. Motion. Picture. Perfect. Apoyando estrechamente a los creadores, quienes lideran la cultura de la imagen, LUMIX proporciona una experiencia que les permite ser creativos como ellos desean, independientemente de si realizan im\u00e1genes fotograf\u00edas o v\u00eddeos. Queremos convertirnos en una marca que est\u00e9 con ellos, transmitiendo nuevas emociones juntos, sobrepasando los l\u00edmites de la creaci\u00f3n audiovisual. Esta es la idea y el significado de nuestro eslogan Motion. Picture. Perfect.","sameAs":["https:\/\/www.panasonic.com\/es\/","anne.cohen"],"url":"https:\/\/blog.panasonic.es\/lumix\/embajador\/panasonic\/"}]}},"_links":{"self":[{"href":"https:\/\/blog.panasonic.es\/lumix\/wp-json\/wp\/v2\/posts\/27012","targetHints":{"allow":["GET"]}}],"collection":[{"href":"https:\/\/blog.panasonic.es\/lumix\/wp-json\/wp\/v2\/posts"}],"about":[{"href":"https:\/\/blog.panasonic.es\/lumix\/wp-json\/wp\/v2\/types\/post"}],"author":[{"embeddable":true,"href":"https:\/\/blog.panasonic.es\/lumix\/wp-json\/wp\/v2\/users\/3"}],"replies":[{"embeddable":true,"href":"https:\/\/blog.panasonic.es\/lumix\/wp-json\/wp\/v2\/comments?post=27012"}],"version-history":[{"count":1,"href":"https:\/\/blog.panasonic.es\/lumix\/wp-json\/wp\/v2\/posts\/27012\/revisions"}],"predecessor-version":[{"id":28107,"href":"https:\/\/blog.panasonic.es\/lumix\/wp-json\/wp\/v2\/posts\/27012\/revisions\/28107"}],"wp:featuredmedia":[{"embeddable":true,"href":"https:\/\/blog.panasonic.es\/lumix\/wp-json\/wp\/v2\/media\/27021"}],"wp:attachment":[{"href":"https:\/\/blog.panasonic.es\/lumix\/wp-json\/wp\/v2\/media?parent=27012"}],"wp:term":[{"taxonomy":"category","embeddable":true,"href":"https:\/\/blog.panasonic.es\/lumix\/wp-json\/wp\/v2\/categories?post=27012"},{"taxonomy":"post_tag","embeddable":true,"href":"https:\/\/blog.panasonic.es\/lumix\/wp-json\/wp\/v2\/tags?post=27012"}],"curies":[{"name":"wp","href":"https:\/\/api.w.org\/{rel}","templated":true}]}}