{"id":30996,"date":"2022-02-16T17:17:56","date_gmt":"2022-02-16T16:17:56","guid":{"rendered":"https:\/\/blog.panasonic.es\/lumix\/?p=30996"},"modified":"2022-05-02T16:26:18","modified_gmt":"2022-05-02T14:26:18","slug":"la-antartida-un-paisaje-de-luz-eterna","status":"publish","type":"post","link":"https:\/\/blog.panasonic.es\/lumix\/la-antartida-un-paisaje-de-luz-eterna\/","title":{"rendered":"La Ant\u00e1rtida. Un paisaje de luz eterna"},"content":{"rendered":"\n<h2 class=\"wp-block-heading\" id=\"en-las-ultimas-fronteras-del-planeta\">En las \u00faltimas fronteras del planeta<\/h2>\n\n\n\n<figure class=\"wp-block-image size-full\"><img fetchpriority=\"high\" decoding=\"async\" width=\"1542\" height=\"1023\" src=\"https:\/\/blog.panasonic.es\/lumix\/wp-content\/uploads\/2022\/02\/TIERRA_FUEGO-1.jpg\" alt=\"TIERRA_FUEGO Luis Miguel L\u00f3pez Soriano\" class=\"wp-image-31230\" srcset=\"https:\/\/blog.panasonic.es\/lumix\/wp-content\/uploads\/2022\/02\/TIERRA_FUEGO-1.jpg 1542w, https:\/\/blog.panasonic.es\/lumix\/wp-content\/uploads\/2022\/02\/TIERRA_FUEGO-1-1024x679.jpg 1024w, https:\/\/blog.panasonic.es\/lumix\/wp-content\/uploads\/2022\/02\/TIERRA_FUEGO-1-768x510.jpg 768w, https:\/\/blog.panasonic.es\/lumix\/wp-content\/uploads\/2022\/02\/TIERRA_FUEGO-1-1536x1019.jpg 1536w\" sizes=\"(max-width: 1542px) 100vw, 1542px\" \/><figcaption>Tierra de Fuego<\/figcaption><\/figure>\n\n\n\n<p>Con este sugerente nombre, la productora Salomba Ventures, de la mano de Sebasti\u00e1n \u00c1lvaro, lleva desarrollando un proyecto audiovisual vinculado al V\u00ba Centenario de la <a href=\"https:\/\/es.wikipedia.org\/wiki\/Expedici%C3%B3n_de_Magallanes-Elcano\" target=\"_blank\" rel=\"noreferrer noopener\">Vuelta al mundo de Magallanes-Elcano<\/a>. <\/p>\n\n\n\n<p>Se trata de una serie de documentales que nos llevan a remotos y fant\u00e1sticos lugares como: Patagonia, Tierra de Fuego y la <a href=\"https:\/\/es.wikipedia.org\/wiki\/Ant%C3%A1rtida\" target=\"_blank\" rel=\"noreferrer noopener\">Ant\u00e1rtida<\/a>. Desde el a\u00f1o 2020 tengo el privilegio de poder participar, con mi c\u00e1mara, en esta bella singladura, que se inici\u00f3 hace dos a\u00f1os con el<strong> <\/strong>rodaje de la expedici\u00f3n al Cerro Torre (Patagonia) y que recientemente nos ha llevado a la Ant\u00e1rtida. <\/p>\n\n\n\n<p><\/p>\n\n\n\n<figure class=\"wp-block-image size-full\"><img decoding=\"async\" width=\"1542\" height=\"1028\" src=\"https:\/\/blog.panasonic.es\/lumix\/wp-content\/uploads\/2022\/02\/REFLEJO-1.jpg\" alt=\"REFLEJO Luis Miguel L\u00f3pez Soriano\" class=\"wp-image-31229\" srcset=\"https:\/\/blog.panasonic.es\/lumix\/wp-content\/uploads\/2022\/02\/REFLEJO-1.jpg 1542w, https:\/\/blog.panasonic.es\/lumix\/wp-content\/uploads\/2022\/02\/REFLEJO-1-1024x683.jpg 1024w, https:\/\/blog.panasonic.es\/lumix\/wp-content\/uploads\/2022\/02\/REFLEJO-1-768x512.jpg 768w, https:\/\/blog.panasonic.es\/lumix\/wp-content\/uploads\/2022\/02\/REFLEJO-1-1536x1024.jpg 1536w\" sizes=\"(max-width: 1542px) 100vw, 1542px\" \/><figcaption>Reflejo<\/figcaption><\/figure>\n\n\n\n<div style=\"height:100px\" aria-hidden=\"true\" class=\"wp-block-spacer\"><\/div>\n\n\n\n<p><\/p>\n\n\n\n<h2 class=\"wp-block-heading\" id=\"rumbo-a-la-antartida\">Rumbo a la Ant\u00e1rtida<\/h2>\n\n\n\n<p><\/p>\n\n\n\n<figure class=\"wp-block-image size-full\"><img decoding=\"async\" width=\"1542\" height=\"1028\" src=\"https:\/\/blog.panasonic.es\/lumix\/wp-content\/uploads\/2022\/02\/LUCES-1.jpg\" alt=\"LUCES Luis Miguel L\u00f3pez Soriano\" class=\"wp-image-31226\" srcset=\"https:\/\/blog.panasonic.es\/lumix\/wp-content\/uploads\/2022\/02\/LUCES-1.jpg 1542w, https:\/\/blog.panasonic.es\/lumix\/wp-content\/uploads\/2022\/02\/LUCES-1-1024x683.jpg 1024w, https:\/\/blog.panasonic.es\/lumix\/wp-content\/uploads\/2022\/02\/LUCES-1-768x512.jpg 768w, https:\/\/blog.panasonic.es\/lumix\/wp-content\/uploads\/2022\/02\/LUCES-1-1536x1024.jpg 1536w\" sizes=\"(max-width: 1542px) 100vw, 1542px\" \/><figcaption>Luces<\/figcaption><\/figure>\n\n\n\n<p>A principios de a\u00f1o, despu\u00e9s de tomar las doce uvas en Punta Arenas, (sur de Chile) nos embarcamos en el velero Ypake II, capitaneado por el argentino Ezequiel Sundblad rumbo a la Ant\u00e1rtida. Durante aproximadamente un mes hemos navegado desde el extremo del continente americano hacia el continente helado, atravesando el temible <a href=\"https:\/\/es.wikipedia.org\/wiki\/Pasaje_de_Drake\" target=\"_blank\" rel=\"noreferrer noopener\">paso de Drake<\/a>, donde convergen las corrientes del Atl\u00e1ntico y Pac\u00edfico. <\/p>\n\n\n\n<p>Tras el agitado cruce recorrimos con nuestra ligera embarcaci\u00f3n los bellos canales y estrechos de la pen\u00ednsula ant\u00e1rtica.\u00a0 Adem\u00e1s de recorrer estos parajes a bordo de la embarcaci\u00f3n y ser testigos con nuestras c\u00e1maras de este inmenso entorno, desembarcamos en diferentes puntos para ascender hasta\u00a0la cumbre de algunas de las bellas monta\u00f1as que se levantan sobre este solemne territorio, grabando y fotografiando todos los detalles del viaje, paisaje y naturaleza.<\/p>\n\n\n\n<figure class=\"wp-block-image size-full is-resized\"><img loading=\"lazy\" decoding=\"async\" src=\"https:\/\/blog.panasonic.es\/lumix\/wp-content\/uploads\/2022\/02\/HIELO-1.jpg\" alt=\"HIELO Luis Miguel L\u00f3pez Soriano\" class=\"wp-image-31225\" width=\"1127\" height=\"751\" srcset=\"https:\/\/blog.panasonic.es\/lumix\/wp-content\/uploads\/2022\/02\/HIELO-1.jpg 1542w, https:\/\/blog.panasonic.es\/lumix\/wp-content\/uploads\/2022\/02\/HIELO-1-1024x683.jpg 1024w, https:\/\/blog.panasonic.es\/lumix\/wp-content\/uploads\/2022\/02\/HIELO-1-768x512.jpg 768w, https:\/\/blog.panasonic.es\/lumix\/wp-content\/uploads\/2022\/02\/HIELO-1-1536x1024.jpg 1536w\" sizes=\"(max-width: 1127px) 100vw, 1127px\" \/><figcaption>Hielo<\/figcaption><\/figure>\n\n\n\n<div style=\"height:100px\" aria-hidden=\"true\" class=\"wp-block-spacer\"><\/div>\n\n\n\n<h2 class=\"wp-block-heading\" id=\"companera-de-viaje-lumix-s1h\">Compa\u00f1era de viaje: Lumix S1H<\/h2>\n\n\n\n<p>El material t\u00e9cnico que dispon\u00eda para realizar mi trabajo estaba formado, principalmente, por una vieja conocida: la <a href=\"https:\/\/blog.panasonic.es\/lumix\/producto\/dc-s1h\/\">Lumix S1H<\/a>. Una gran c\u00e1mara que me ha acompa\u00f1ado en repetidas expediciones al Himalaya y que me ofrece la mejor garant\u00eda para desarrollar mi actividad profesional, orientada tanto a la toma de v\u00eddeo como a la fotograf\u00eda, con las m\u00e1ximas prestaciones: full frame, hasta 5,9K y 4K a 10 bits y 4:2:2, un gran sistema de estabilizaci\u00f3n e ISO nativo dual. Y algo imprescindible para mi actividad habitual, todas las garant\u00edas en condiciones de trabajo adversas. <\/p>\n\n\n\n<p>En esta ocasi\u00f3n las dificultades encontradas vendr\u00edan dadas por la exposici\u00f3n al agua del mar, especialmente durante los d\u00edas de la turbulenta traves\u00eda del Drake, casi cinco d\u00edas a la ida y siete a la vuelta. En la Ant\u00e1rtida, las bajas temperaturas tambi\u00e9n pondr\u00edan a prueba la resistencia y consistencia del material. Como siempre el resultado fue muy positivo y satisfactorio.<\/p>\n\n\n\n<figure class=\"wp-block-image size-large\"><img loading=\"lazy\" decoding=\"async\" width=\"1920\" height=\"864\" src=\"https:\/\/blog.panasonic.es\/lumix\/wp-content\/uploads\/2022\/02\/LUIS_EQUIPO-1-1920x864.jpg\" alt=\"Luis Miguel L\u00f3pez Soriano\" class=\"wp-image-31227\" srcset=\"https:\/\/blog.panasonic.es\/lumix\/wp-content\/uploads\/2022\/02\/LUIS_EQUIPO-1-1920x864.jpg 1920w, https:\/\/blog.panasonic.es\/lumix\/wp-content\/uploads\/2022\/02\/LUIS_EQUIPO-1-1024x461.jpg 1024w, https:\/\/blog.panasonic.es\/lumix\/wp-content\/uploads\/2022\/02\/LUIS_EQUIPO-1-768x346.jpg 768w, https:\/\/blog.panasonic.es\/lumix\/wp-content\/uploads\/2022\/02\/LUIS_EQUIPO-1-1536x691.jpg 1536w, https:\/\/blog.panasonic.es\/lumix\/wp-content\/uploads\/2022\/02\/LUIS_EQUIPO-1-2048x922.jpg 2048w\" sizes=\"(max-width: 1920px) 100vw, 1920px\" \/><figcaption>Luis Miguel L\u00f3pez Soriano y su equipo. Material empleado: Lumix S1H, objetivos 24-105 y S PRO 70-200 con duplicador 2x. Adaptador de audio: Panasonic\u00a0 DMW-XLR1<\/figcaption><\/figure>\n\n\n\n<p><\/p>\n\n\n\n<div style=\"height:100px\" aria-hidden=\"true\" class=\"wp-block-spacer\"><\/div>\n\n\n\n<h2 class=\"wp-block-heading\" id=\"un-paisaje-de-luz-eterna\">Un paisaje de luz eterna<\/h2>\n\n\n\n<figure class=\"wp-block-image size-full\"><img loading=\"lazy\" decoding=\"async\" width=\"1542\" height=\"1028\" src=\"https:\/\/blog.panasonic.es\/lumix\/wp-content\/uploads\/2022\/02\/CREPUSCULO-1.jpg\" alt=\"CREPUSCULO Luis Miguel L\u00f3pez Soriano\" class=\"wp-image-31222\" srcset=\"https:\/\/blog.panasonic.es\/lumix\/wp-content\/uploads\/2022\/02\/CREPUSCULO-1.jpg 1542w, https:\/\/blog.panasonic.es\/lumix\/wp-content\/uploads\/2022\/02\/CREPUSCULO-1-1024x683.jpg 1024w, https:\/\/blog.panasonic.es\/lumix\/wp-content\/uploads\/2022\/02\/CREPUSCULO-1-768x512.jpg 768w, https:\/\/blog.panasonic.es\/lumix\/wp-content\/uploads\/2022\/02\/CREPUSCULO-1-1536x1024.jpg 1536w\" sizes=\"(max-width: 1542px) 100vw, 1542px\" \/><figcaption>Crep\u00fasculo<\/figcaption><\/figure>\n\n\n\n<p>Superados los inconvenientes de trabajar en un entorno complicado solo me quedaba recoger, a trav\u00e9s de mi c\u00e1mara, la personalidad y singularidad de la luz y el paisaje ant\u00e1rtico con la mayor sensibilidad y calidad posible.<\/p>\n\n\n\n<p>Durante el verano austral las horas de luz en latitudes inferiores al paralelo 60\u00ba aparecen eternas, ofreciendo una amplia gama de matices de luz y de color. Unas jornadas interminables donde la luz del crep\u00fasculo da paso a los tonos del amanecer en muy poco tiempo. La Lumix S1H ha sido una inmejorable elecci\u00f3n para poder registrar estos momentos con la m\u00e1xima fidelidad. Interpretando el paisaje y recogiendo la personalidad del entorno con veracidad.<\/p>\n\n\n\n<p>Incorporar el medio marino dentro en un panorama monta\u00f1oso era algo a lo que estaba menos acostumbrado. Los trabajos que desarrollo habitualmente en las grandes cordilleras se encuentran muy alejados de los oc\u00e9anos. Sumar la superficie marina, salpicada de bloques de hielo, con bellos reflejos del paisaje monta\u00f1oso, aporta un elemento de composici\u00f3n muy est\u00e9tico que da lugar a una imagen m\u00e1gica.<\/p>\n\n\n\n<figure class=\"wp-block-image size-full\"><img loading=\"lazy\" decoding=\"async\" width=\"1542\" height=\"1002\" src=\"https:\/\/blog.panasonic.es\/lumix\/wp-content\/uploads\/2022\/02\/PINGU\u0308INO-1.jpg\" alt=\"PINGU\u0308INO Luis Miguel L\u00f3pez Soriano\" class=\"wp-image-31228\" srcset=\"https:\/\/blog.panasonic.es\/lumix\/wp-content\/uploads\/2022\/02\/PINGU\u0308INO-1.jpg 1542w, https:\/\/blog.panasonic.es\/lumix\/wp-content\/uploads\/2022\/02\/PINGU\u0308INO-1-1024x665.jpg 1024w, https:\/\/blog.panasonic.es\/lumix\/wp-content\/uploads\/2022\/02\/PINGU\u0308INO-1-768x499.jpg 768w, https:\/\/blog.panasonic.es\/lumix\/wp-content\/uploads\/2022\/02\/PINGU\u0308INO-1-1536x998.jpg 1536w\" sizes=\"(max-width: 1542px) 100vw, 1542px\" \/><\/figure>\n\n\n\n<p>La fauna es otro de los componentes que hacen de la Ant\u00e1rtida un santuario natural \u00fanico. Habitualmente la costa se encuentra poblada por grandes colonias de ping\u00fcinos, focas, leopardos marinos, lobos de dos pelos\u2026 Multitud de aves revolotean constantemente sobre nuestras cabezas y no es raro disfrutar de la presencia de grandes cet\u00e1ceos como ballenas y delfines. A pesar de que la mayor\u00eda de animales apenas se preocupan de la presencia humana es muy importante respetar el h\u00e1bitat y la actividad cotidiana de las diferentes especies manteniendo una distancia de separaci\u00f3n prudente. Para realizar mi trabajo fotogr\u00e1fico en estas condiciones con los mejores resultados posibles a\u00f1ad\u00ed a mi equipo el objetivo S PRO 70-200, con duplicador.<\/p>\n\n\n\n<figure class=\"wp-block-image size-full\"><img loading=\"lazy\" decoding=\"async\" width=\"1542\" height=\"1080\" src=\"https:\/\/blog.panasonic.es\/lumix\/wp-content\/uploads\/2022\/02\/FOCA-1.jpg\" alt=\"FOCA Luis Miguel L\u00f3pez Soriano\" class=\"wp-image-31223\" srcset=\"https:\/\/blog.panasonic.es\/lumix\/wp-content\/uploads\/2022\/02\/FOCA-1.jpg 1542w, https:\/\/blog.panasonic.es\/lumix\/wp-content\/uploads\/2022\/02\/FOCA-1-1024x717.jpg 1024w, https:\/\/blog.panasonic.es\/lumix\/wp-content\/uploads\/2022\/02\/FOCA-1-768x538.jpg 768w, https:\/\/blog.panasonic.es\/lumix\/wp-content\/uploads\/2022\/02\/FOCA-1-1536x1076.jpg 1536w\" sizes=\"(max-width: 1542px) 100vw, 1542px\" \/><\/figure>\n\n\n\n<p>Sin dudad este mes trabajando con mi c\u00e1mara en \u201clas \u00faltimas fronteras del planeta\u201d ha sido una de las experiencia personales y profesionales m\u00e1s gratificantes y especiales.<\/p>\n\n\n\n<p>Traves\u00eda en velero realizada desde Puerto Williams (Tierra de Fuego-Chile) hasta la pen\u00ednsula ant\u00e1rtica a trav\u00e9s del paso de Drake. Navegaci\u00f3n en la Ant\u00e1rtida por las islas Melchior, estrecho de Berlache, canal de Lemaire, Cuverville y&nbsp; Pl\u00e9neau, con ascensi\u00f3n al monte Bancke y Spigot Peak.<\/p>\n\n\n\n<figure class=\"wp-block-image size-full\"><img loading=\"lazy\" decoding=\"async\" width=\"1542\" height=\"1028\" src=\"https:\/\/blog.panasonic.es\/lumix\/wp-content\/uploads\/2022\/02\/ATARDECER-1.jpg\" alt=\"ATARDECER Luis Miguel L\u00f3pez Soriano\" class=\"wp-image-31221\" srcset=\"https:\/\/blog.panasonic.es\/lumix\/wp-content\/uploads\/2022\/02\/ATARDECER-1.jpg 1542w, https:\/\/blog.panasonic.es\/lumix\/wp-content\/uploads\/2022\/02\/ATARDECER-1-1024x683.jpg 1024w, https:\/\/blog.panasonic.es\/lumix\/wp-content\/uploads\/2022\/02\/ATARDECER-1-768x512.jpg 768w, https:\/\/blog.panasonic.es\/lumix\/wp-content\/uploads\/2022\/02\/ATARDECER-1-1536x1024.jpg 1536w\" sizes=\"(max-width: 1542px) 100vw, 1542px\" \/><figcaption>Atardecer<\/figcaption><\/figure>\n\n\n\n<p><\/p>\n\n\n\n<p><\/p>\n\n\n\n<div style=\"height:100px\" aria-hidden=\"true\" class=\"wp-block-spacer\"><\/div>\n","protected":false},"excerpt":{"rendered":"<p>En las \u00faltimas fronteras del planeta Con este sugerente nombre, la productora Salomba Ventures, de la mano de Sebasti\u00e1n \u00c1lvaro, lleva desarrollando un proyecto audiovisual vinculado al V\u00ba Centenario de la Vuelta al mundo de Magallanes-Elcano. Se trata de una serie de documentales que nos llevan a remotos y fant\u00e1sticos lugares como: Patagonia, Tierra de &#8230; <a title=\"La Ant\u00e1rtida. Un paisaje de luz eterna\" class=\"read-more\" href=\"https:\/\/blog.panasonic.es\/lumix\/la-antartida-un-paisaje-de-luz-eterna\/\" aria-label=\"Leer m\u00e1s sobre La Ant\u00e1rtida. Un paisaje de luz eterna\">Leer m\u00e1s<\/a><\/p>\n","protected":false},"author":20,"featured_media":31226,"comment_status":"closed","ping_status":"closed","sticky":false,"template":"","format":"standard","meta":{"_acf_changed":false,"footnotes":""},"categories":[26],"tags":[140,165,144],"class_list":["post-30996","post","type-post","status-publish","format-standard","has-post-thumbnail","hentry","category-blog","tag-fotografia-y-video-de-vacaciones-y-viajes","tag-luis-miguel-lopez-soriano","tag-post-de-embajador"],"acf":[],"yoast_head":"<!-- This site is optimized with the Yoast SEO plugin v27.4 - https:\/\/yoast.com\/product\/yoast-seo-wordpress\/ -->\n<title>La Ant\u00e1rtida. Un paisaje de luz eterna - Lumix<\/title>\n<meta name=\"description\" content=\"Descubre la aventura de Luis Miguel L\u00f3pez Soriano en la Ant\u00e1rtida, con sus fant\u00e1sticas fotograf\u00edas realizadas con Lumix S1H\" \/>\n<meta name=\"robots\" content=\"index, follow, max-snippet:-1, max-image-preview:large, max-video-preview:-1\" \/>\n<link rel=\"canonical\" href=\"https:\/\/blog.panasonic.es\/lumix\/la-antartida-un-paisaje-de-luz-eterna\/\" \/>\n<meta property=\"og:locale\" content=\"es_ES\" \/>\n<meta property=\"og:type\" content=\"article\" \/>\n<meta property=\"og:title\" content=\"La Ant\u00e1rtida. Un paisaje de luz eterna - Lumix\" \/>\n<meta property=\"og:description\" content=\"Descubre la aventura de Luis Miguel L\u00f3pez Soriano en la Ant\u00e1rtida, con sus fant\u00e1sticas fotograf\u00edas realizadas con Lumix S1H\" \/>\n<meta property=\"og:url\" content=\"https:\/\/blog.panasonic.es\/lumix\/la-antartida-un-paisaje-de-luz-eterna\/\" \/>\n<meta property=\"og:site_name\" content=\"Lumix\" \/>\n<meta property=\"article:published_time\" content=\"2022-02-16T16:17:56+00:00\" \/>\n<meta property=\"article:modified_time\" content=\"2022-05-02T14:26:18+00:00\" \/>\n<meta property=\"og:image\" content=\"https:\/\/blog.panasonic.es\/lumix\/wp-content\/uploads\/2022\/02\/LUCES-1.jpg\" \/>\n\t<meta property=\"og:image:width\" content=\"1542\" \/>\n\t<meta property=\"og:image:height\" content=\"1028\" \/>\n\t<meta property=\"og:image:type\" content=\"image\/jpeg\" \/>\n<meta name=\"author\" content=\"Luis Miguel L\u00f3pez Soriano\" \/>\n<meta name=\"twitter:card\" content=\"summary_large_image\" \/>\n<script type=\"application\/ld+json\" class=\"yoast-schema-graph\">{\"@context\":\"https:\\\/\\\/schema.org\",\"@graph\":[{\"@type\":\"Article\",\"@id\":\"https:\\\/\\\/blog.panasonic.es\\\/lumix\\\/la-antartida-un-paisaje-de-luz-eterna\\\/#article\",\"isPartOf\":{\"@id\":\"https:\\\/\\\/blog.panasonic.es\\\/lumix\\\/la-antartida-un-paisaje-de-luz-eterna\\\/\"},\"author\":{\"name\":\"Luis Miguel L\u00f3pez Soriano\",\"@id\":\"https:\\\/\\\/blog.panasonic.es\\\/lumix\\\/#\\\/schema\\\/person\\\/ad3203066ca2c594cde9d031ffd76965\"},\"headline\":\"La Ant\u00e1rtida. Un paisaje de luz eterna\",\"datePublished\":\"2022-02-16T16:17:56+00:00\",\"dateModified\":\"2022-05-02T14:26:18+00:00\",\"mainEntityOfPage\":{\"@id\":\"https:\\\/\\\/blog.panasonic.es\\\/lumix\\\/la-antartida-un-paisaje-de-luz-eterna\\\/\"},\"wordCount\":878,\"publisher\":{\"@id\":\"https:\\\/\\\/blog.panasonic.es\\\/lumix\\\/#organization\"},\"image\":{\"@id\":\"https:\\\/\\\/blog.panasonic.es\\\/lumix\\\/la-antartida-un-paisaje-de-luz-eterna\\\/#primaryimage\"},\"thumbnailUrl\":\"https:\\\/\\\/blog.panasonic.es\\\/lumix\\\/wp-content\\\/uploads\\\/2022\\\/02\\\/LUCES-1.jpg\",\"keywords\":[\"Fotograf\u00eda y v\u00eddeo de vacaciones y viajes\",\"Luis Miguel L\u00f3pez Soriano\",\"Post de Embajador\"],\"articleSection\":[\"Blog\"],\"inLanguage\":\"es\"},{\"@type\":\"WebPage\",\"@id\":\"https:\\\/\\\/blog.panasonic.es\\\/lumix\\\/la-antartida-un-paisaje-de-luz-eterna\\\/\",\"url\":\"https:\\\/\\\/blog.panasonic.es\\\/lumix\\\/la-antartida-un-paisaje-de-luz-eterna\\\/\",\"name\":\"La Ant\u00e1rtida. Un paisaje de luz eterna - Lumix\",\"isPartOf\":{\"@id\":\"https:\\\/\\\/blog.panasonic.es\\\/lumix\\\/#website\"},\"primaryImageOfPage\":{\"@id\":\"https:\\\/\\\/blog.panasonic.es\\\/lumix\\\/la-antartida-un-paisaje-de-luz-eterna\\\/#primaryimage\"},\"image\":{\"@id\":\"https:\\\/\\\/blog.panasonic.es\\\/lumix\\\/la-antartida-un-paisaje-de-luz-eterna\\\/#primaryimage\"},\"thumbnailUrl\":\"https:\\\/\\\/blog.panasonic.es\\\/lumix\\\/wp-content\\\/uploads\\\/2022\\\/02\\\/LUCES-1.jpg\",\"datePublished\":\"2022-02-16T16:17:56+00:00\",\"dateModified\":\"2022-05-02T14:26:18+00:00\",\"description\":\"Descubre la aventura de Luis Miguel L\u00f3pez Soriano en la Ant\u00e1rtida, con sus fant\u00e1sticas fotograf\u00edas realizadas con Lumix S1H\",\"breadcrumb\":{\"@id\":\"https:\\\/\\\/blog.panasonic.es\\\/lumix\\\/la-antartida-un-paisaje-de-luz-eterna\\\/#breadcrumb\"},\"inLanguage\":\"es\",\"potentialAction\":[{\"@type\":\"ReadAction\",\"target\":[\"https:\\\/\\\/blog.panasonic.es\\\/lumix\\\/la-antartida-un-paisaje-de-luz-eterna\\\/\"]}]},{\"@type\":\"ImageObject\",\"inLanguage\":\"es\",\"@id\":\"https:\\\/\\\/blog.panasonic.es\\\/lumix\\\/la-antartida-un-paisaje-de-luz-eterna\\\/#primaryimage\",\"url\":\"https:\\\/\\\/blog.panasonic.es\\\/lumix\\\/wp-content\\\/uploads\\\/2022\\\/02\\\/LUCES-1.jpg\",\"contentUrl\":\"https:\\\/\\\/blog.panasonic.es\\\/lumix\\\/wp-content\\\/uploads\\\/2022\\\/02\\\/LUCES-1.jpg\",\"width\":1542,\"height\":1028,\"caption\":\"LUCES Luis Miguel L\u00f3pez Soriano\"},{\"@type\":\"BreadcrumbList\",\"@id\":\"https:\\\/\\\/blog.panasonic.es\\\/lumix\\\/la-antartida-un-paisaje-de-luz-eterna\\\/#breadcrumb\",\"itemListElement\":[{\"@type\":\"ListItem\",\"position\":1,\"name\":\"Home\",\"item\":\"https:\\\/\\\/blog.panasonic.es\\\/lumix\\\/\"},{\"@type\":\"ListItem\",\"position\":2,\"name\":\"Blog\",\"item\":\"https:\\\/\\\/blog.panasonic.es\\\/lumix\\\/.\\\/blog\\\/\"},{\"@type\":\"ListItem\",\"position\":3,\"name\":\"La Ant\u00e1rtida. Un paisaje de luz eterna\"}]},{\"@type\":\"WebSite\",\"@id\":\"https:\\\/\\\/blog.panasonic.es\\\/lumix\\\/#website\",\"url\":\"https:\\\/\\\/blog.panasonic.es\\\/lumix\\\/\",\"name\":\"Lumix\",\"description\":\"LUMIX, Motion. Picture. Perfect\",\"publisher\":{\"@id\":\"https:\\\/\\\/blog.panasonic.es\\\/lumix\\\/#organization\"},\"potentialAction\":[{\"@type\":\"SearchAction\",\"target\":{\"@type\":\"EntryPoint\",\"urlTemplate\":\"https:\\\/\\\/blog.panasonic.es\\\/lumix\\\/?s={search_term_string}\"},\"query-input\":{\"@type\":\"PropertyValueSpecification\",\"valueRequired\":true,\"valueName\":\"search_term_string\"}}],\"inLanguage\":\"es\"},{\"@type\":\"Organization\",\"@id\":\"https:\\\/\\\/blog.panasonic.es\\\/lumix\\\/#organization\",\"name\":\"Lumix\",\"url\":\"https:\\\/\\\/blog.panasonic.es\\\/lumix\\\/\",\"logo\":{\"@type\":\"ImageObject\",\"inLanguage\":\"es\",\"@id\":\"https:\\\/\\\/blog.panasonic.es\\\/lumix\\\/#\\\/schema\\\/logo\\\/image\\\/\",\"url\":\"https:\\\/\\\/blog.panasonic.es\\\/lumix\\\/wp-content\\\/uploads\\\/2021\\\/09\\\/logo-blanco.svg\",\"contentUrl\":\"https:\\\/\\\/blog.panasonic.es\\\/lumix\\\/wp-content\\\/uploads\\\/2021\\\/09\\\/logo-blanco.svg\",\"width\":309,\"height\":38,\"caption\":\"Lumix\"},\"image\":{\"@id\":\"https:\\\/\\\/blog.panasonic.es\\\/lumix\\\/#\\\/schema\\\/logo\\\/image\\\/\"}},{\"@type\":\"Person\",\"@id\":\"https:\\\/\\\/blog.panasonic.es\\\/lumix\\\/#\\\/schema\\\/person\\\/ad3203066ca2c594cde9d031ffd76965\",\"name\":\"Luis Miguel L\u00f3pez Soriano\",\"description\":\"Nacido en Madrid el 31 de Octubre del 1970. Realizador, ca\u0301mara y foto\u0301grafo especializado en trabajos relacionados con la alta monta\u00f1a, naturaleza, viajes y etnografi\u0301a Su actividad profesional ha girado en torno a la produccio\u0301n audiovisual, documental y fotografi\u0301a, trabajando para productoras, canales de TV e instituciones y realizando proyectos en diferentes lugares del mundo como: Nepal, Pakista\u0301n, T\u00edbet, Ira\u0301n, Afganista\u0301n, Tayikist\u00e1n, Tanzania, Burkina Faso, Egipto, Suda\u0301n, Argentina, Chile, Ant\u00e1rtida... y las cordilleras ma\u0301s altas de la Tierra, alcanzando con su ca\u0301mara varias cumbres sobre los ocho mil metros. Desde 2.011 participa en las expediciones al Himalaya del alpinista de 83 an\u0303os Carlos Soria, como ca\u0301mara de altura y foto\u0301grafo. Gestionando la comunicacio\u0301n audiovisual de la expedicio\u0301n desde el Himalaya y acompan\u0303ando a Carlos, con su ca\u0301mara, hasta la cima de montan\u0303as como: Kanchenjunga (8.586m), Annapurna (8.091m) y Amadablam (6.812m) Tambie\u0301n ha dedicado gran parte de su actividad laboral a la formacio\u0301n, impartiendo habitualmente conferencias, clases y talleres, relacionados con el mundo audiovisual y la fotografi\u0301a. Autor de los libros: Vi\u0301deo digital en la naturaleza, Montan\u0303as de agua y Monta\u00f1as a trav\u00e9s de una c\u00e1mara (Ed Desnivel). Coautor de la publicacio\u0301n Final Cut pro 6. (Ed Anaya Multimedia).\",\"url\":\"https:\\\/\\\/blog.panasonic.es\\\/lumix\\\/embajador\\\/luis-miguel\\\/\"}]}<\/script>\n<!-- \/ Yoast SEO plugin. -->","yoast_head_json":{"title":"La Ant\u00e1rtida. Un paisaje de luz eterna - Lumix","description":"Descubre la aventura de Luis Miguel L\u00f3pez Soriano en la Ant\u00e1rtida, con sus fant\u00e1sticas fotograf\u00edas realizadas con Lumix S1H","robots":{"index":"index","follow":"follow","max-snippet":"max-snippet:-1","max-image-preview":"max-image-preview:large","max-video-preview":"max-video-preview:-1"},"canonical":"https:\/\/blog.panasonic.es\/lumix\/la-antartida-un-paisaje-de-luz-eterna\/","og_locale":"es_ES","og_type":"article","og_title":"La Ant\u00e1rtida. Un paisaje de luz eterna - Lumix","og_description":"Descubre la aventura de Luis Miguel L\u00f3pez Soriano en la Ant\u00e1rtida, con sus fant\u00e1sticas fotograf\u00edas realizadas con Lumix S1H","og_url":"https:\/\/blog.panasonic.es\/lumix\/la-antartida-un-paisaje-de-luz-eterna\/","og_site_name":"Lumix","article_published_time":"2022-02-16T16:17:56+00:00","article_modified_time":"2022-05-02T14:26:18+00:00","og_image":[{"width":1542,"height":1028,"url":"https:\/\/blog.panasonic.es\/lumix\/wp-content\/uploads\/2022\/02\/LUCES-1.jpg","type":"image\/jpeg"}],"author":"Luis Miguel L\u00f3pez Soriano","twitter_card":"summary_large_image","schema":{"@context":"https:\/\/schema.org","@graph":[{"@type":"Article","@id":"https:\/\/blog.panasonic.es\/lumix\/la-antartida-un-paisaje-de-luz-eterna\/#article","isPartOf":{"@id":"https:\/\/blog.panasonic.es\/lumix\/la-antartida-un-paisaje-de-luz-eterna\/"},"author":{"name":"Luis Miguel L\u00f3pez Soriano","@id":"https:\/\/blog.panasonic.es\/lumix\/#\/schema\/person\/ad3203066ca2c594cde9d031ffd76965"},"headline":"La Ant\u00e1rtida. Un paisaje de luz eterna","datePublished":"2022-02-16T16:17:56+00:00","dateModified":"2022-05-02T14:26:18+00:00","mainEntityOfPage":{"@id":"https:\/\/blog.panasonic.es\/lumix\/la-antartida-un-paisaje-de-luz-eterna\/"},"wordCount":878,"publisher":{"@id":"https:\/\/blog.panasonic.es\/lumix\/#organization"},"image":{"@id":"https:\/\/blog.panasonic.es\/lumix\/la-antartida-un-paisaje-de-luz-eterna\/#primaryimage"},"thumbnailUrl":"https:\/\/blog.panasonic.es\/lumix\/wp-content\/uploads\/2022\/02\/LUCES-1.jpg","keywords":["Fotograf\u00eda y v\u00eddeo de vacaciones y viajes","Luis Miguel L\u00f3pez Soriano","Post de Embajador"],"articleSection":["Blog"],"inLanguage":"es"},{"@type":"WebPage","@id":"https:\/\/blog.panasonic.es\/lumix\/la-antartida-un-paisaje-de-luz-eterna\/","url":"https:\/\/blog.panasonic.es\/lumix\/la-antartida-un-paisaje-de-luz-eterna\/","name":"La Ant\u00e1rtida. Un paisaje de luz eterna - Lumix","isPartOf":{"@id":"https:\/\/blog.panasonic.es\/lumix\/#website"},"primaryImageOfPage":{"@id":"https:\/\/blog.panasonic.es\/lumix\/la-antartida-un-paisaje-de-luz-eterna\/#primaryimage"},"image":{"@id":"https:\/\/blog.panasonic.es\/lumix\/la-antartida-un-paisaje-de-luz-eterna\/#primaryimage"},"thumbnailUrl":"https:\/\/blog.panasonic.es\/lumix\/wp-content\/uploads\/2022\/02\/LUCES-1.jpg","datePublished":"2022-02-16T16:17:56+00:00","dateModified":"2022-05-02T14:26:18+00:00","description":"Descubre la aventura de Luis Miguel L\u00f3pez Soriano en la Ant\u00e1rtida, con sus fant\u00e1sticas fotograf\u00edas realizadas con Lumix S1H","breadcrumb":{"@id":"https:\/\/blog.panasonic.es\/lumix\/la-antartida-un-paisaje-de-luz-eterna\/#breadcrumb"},"inLanguage":"es","potentialAction":[{"@type":"ReadAction","target":["https:\/\/blog.panasonic.es\/lumix\/la-antartida-un-paisaje-de-luz-eterna\/"]}]},{"@type":"ImageObject","inLanguage":"es","@id":"https:\/\/blog.panasonic.es\/lumix\/la-antartida-un-paisaje-de-luz-eterna\/#primaryimage","url":"https:\/\/blog.panasonic.es\/lumix\/wp-content\/uploads\/2022\/02\/LUCES-1.jpg","contentUrl":"https:\/\/blog.panasonic.es\/lumix\/wp-content\/uploads\/2022\/02\/LUCES-1.jpg","width":1542,"height":1028,"caption":"LUCES Luis Miguel L\u00f3pez Soriano"},{"@type":"BreadcrumbList","@id":"https:\/\/blog.panasonic.es\/lumix\/la-antartida-un-paisaje-de-luz-eterna\/#breadcrumb","itemListElement":[{"@type":"ListItem","position":1,"name":"Home","item":"https:\/\/blog.panasonic.es\/lumix\/"},{"@type":"ListItem","position":2,"name":"Blog","item":"https:\/\/blog.panasonic.es\/lumix\/.\/blog\/"},{"@type":"ListItem","position":3,"name":"La Ant\u00e1rtida. Un paisaje de luz eterna"}]},{"@type":"WebSite","@id":"https:\/\/blog.panasonic.es\/lumix\/#website","url":"https:\/\/blog.panasonic.es\/lumix\/","name":"Lumix","description":"LUMIX, Motion. Picture. Perfect","publisher":{"@id":"https:\/\/blog.panasonic.es\/lumix\/#organization"},"potentialAction":[{"@type":"SearchAction","target":{"@type":"EntryPoint","urlTemplate":"https:\/\/blog.panasonic.es\/lumix\/?s={search_term_string}"},"query-input":{"@type":"PropertyValueSpecification","valueRequired":true,"valueName":"search_term_string"}}],"inLanguage":"es"},{"@type":"Organization","@id":"https:\/\/blog.panasonic.es\/lumix\/#organization","name":"Lumix","url":"https:\/\/blog.panasonic.es\/lumix\/","logo":{"@type":"ImageObject","inLanguage":"es","@id":"https:\/\/blog.panasonic.es\/lumix\/#\/schema\/logo\/image\/","url":"https:\/\/blog.panasonic.es\/lumix\/wp-content\/uploads\/2021\/09\/logo-blanco.svg","contentUrl":"https:\/\/blog.panasonic.es\/lumix\/wp-content\/uploads\/2021\/09\/logo-blanco.svg","width":309,"height":38,"caption":"Lumix"},"image":{"@id":"https:\/\/blog.panasonic.es\/lumix\/#\/schema\/logo\/image\/"}},{"@type":"Person","@id":"https:\/\/blog.panasonic.es\/lumix\/#\/schema\/person\/ad3203066ca2c594cde9d031ffd76965","name":"Luis Miguel L\u00f3pez Soriano","description":"Nacido en Madrid el 31 de Octubre del 1970. Realizador, ca\u0301mara y foto\u0301grafo especializado en trabajos relacionados con la alta monta\u00f1a, naturaleza, viajes y etnografi\u0301a Su actividad profesional ha girado en torno a la produccio\u0301n audiovisual, documental y fotografi\u0301a, trabajando para productoras, canales de TV e instituciones y realizando proyectos en diferentes lugares del mundo como: Nepal, Pakista\u0301n, T\u00edbet, Ira\u0301n, Afganista\u0301n, Tayikist\u00e1n, Tanzania, Burkina Faso, Egipto, Suda\u0301n, Argentina, Chile, Ant\u00e1rtida... y las cordilleras ma\u0301s altas de la Tierra, alcanzando con su ca\u0301mara varias cumbres sobre los ocho mil metros. Desde 2.011 participa en las expediciones al Himalaya del alpinista de 83 an\u0303os Carlos Soria, como ca\u0301mara de altura y foto\u0301grafo. Gestionando la comunicacio\u0301n audiovisual de la expedicio\u0301n desde el Himalaya y acompan\u0303ando a Carlos, con su ca\u0301mara, hasta la cima de montan\u0303as como: Kanchenjunga (8.586m), Annapurna (8.091m) y Amadablam (6.812m) Tambie\u0301n ha dedicado gran parte de su actividad laboral a la formacio\u0301n, impartiendo habitualmente conferencias, clases y talleres, relacionados con el mundo audiovisual y la fotografi\u0301a. Autor de los libros: Vi\u0301deo digital en la naturaleza, Montan\u0303as de agua y Monta\u00f1as a trav\u00e9s de una c\u00e1mara (Ed Desnivel). Coautor de la publicacio\u0301n Final Cut pro 6. (Ed Anaya Multimedia).","url":"https:\/\/blog.panasonic.es\/lumix\/embajador\/luis-miguel\/"}]}},"_links":{"self":[{"href":"https:\/\/blog.panasonic.es\/lumix\/wp-json\/wp\/v2\/posts\/30996","targetHints":{"allow":["GET"]}}],"collection":[{"href":"https:\/\/blog.panasonic.es\/lumix\/wp-json\/wp\/v2\/posts"}],"about":[{"href":"https:\/\/blog.panasonic.es\/lumix\/wp-json\/wp\/v2\/types\/post"}],"author":[{"embeddable":true,"href":"https:\/\/blog.panasonic.es\/lumix\/wp-json\/wp\/v2\/users\/20"}],"replies":[{"embeddable":true,"href":"https:\/\/blog.panasonic.es\/lumix\/wp-json\/wp\/v2\/comments?post=30996"}],"version-history":[{"count":3,"href":"https:\/\/blog.panasonic.es\/lumix\/wp-json\/wp\/v2\/posts\/30996\/revisions"}],"predecessor-version":[{"id":31239,"href":"https:\/\/blog.panasonic.es\/lumix\/wp-json\/wp\/v2\/posts\/30996\/revisions\/31239"}],"wp:featuredmedia":[{"embeddable":true,"href":"https:\/\/blog.panasonic.es\/lumix\/wp-json\/wp\/v2\/media\/31226"}],"wp:attachment":[{"href":"https:\/\/blog.panasonic.es\/lumix\/wp-json\/wp\/v2\/media?parent=30996"}],"wp:term":[{"taxonomy":"category","embeddable":true,"href":"https:\/\/blog.panasonic.es\/lumix\/wp-json\/wp\/v2\/categories?post=30996"},{"taxonomy":"post_tag","embeddable":true,"href":"https:\/\/blog.panasonic.es\/lumix\/wp-json\/wp\/v2\/tags?post=30996"}],"curies":[{"name":"wp","href":"https:\/\/api.w.org\/{rel}","templated":true}]}}