{"id":34699,"date":"2025-04-12T09:00:00","date_gmt":"2025-04-12T07:00:00","guid":{"rendered":"https:\/\/blog.panasonic.es\/lumix\/?p=34699"},"modified":"2025-04-11T19:51:26","modified_gmt":"2025-04-11T17:51:26","slug":"celebra-el-dia-del-color-rosa-con-luts-gratuitos-para-tus-fotos-%f0%9f%8c%b8","status":"publish","type":"post","link":"https:\/\/blog.panasonic.es\/lumix\/celebra-el-dia-del-color-rosa-con-luts-gratuitos-para-tus-fotos-%f0%9f%8c%b8\/","title":{"rendered":"Celebra el D\u00eda del Color Rosa con LUTs Gratuitos para Tus Fotos \ud83c\udf38"},"content":{"rendered":"\n<p><strong>\u00a1Hoy celebramos el D\u00eda del Color Rosa!<\/strong> Un color que simboliza dulzura, amor y creatividad. En esta fecha tan especial, queremos invitarte a que lo celebres de la mejor forma: <strong>editando tus fotos con un toque rosa \u00fanico y art\u00edstico<\/strong> con los LUTs CyberPink creados por el talentoso vide\u00f3grafo Javier Letosa, gratuitos para tus fotos.<\/p>\n\n\n\n<p><\/p>\n\n\n\n<h2 class=\"wp-block-heading\">\u00bfEres fot\u00f3grafo o amante de la edici\u00f3n? Este regalo es para ti<\/h2>\n\n\n\n<p>Los <strong>LUTs (Look-Up Tables)<\/strong> son herramientas esenciales para fot\u00f3grafos, vide\u00f3grafos y creadores de contenido. Con un solo clic, y con nuestros LUTs gratuitos para tus fotos, puedes transformar el mood de tu imagen, d\u00e1ndole un estilo cinematogr\u00e1fico o rom\u00e1ntico.<\/p>\n\n\n\n<figure class=\"wp-block-image size-large\"><img fetchpriority=\"high\" decoding=\"async\" width=\"1920\" height=\"1080\" src=\"https:\/\/blog.panasonic.es\/lumix\/wp-content\/uploads\/2025\/04\/1-1920x1080.png\" alt=\"Nuestros LUTs Gratuitos para Tus Fotos\" class=\"wp-image-34703\" srcset=\"https:\/\/blog.panasonic.es\/lumix\/wp-content\/uploads\/2025\/04\/1-1920x1080.png 1920w, https:\/\/blog.panasonic.es\/lumix\/wp-content\/uploads\/2025\/04\/1-1024x576.png 1024w, https:\/\/blog.panasonic.es\/lumix\/wp-content\/uploads\/2025\/04\/1-768x432.png 768w, https:\/\/blog.panasonic.es\/lumix\/wp-content\/uploads\/2025\/04\/1-1536x864.png 1536w, https:\/\/blog.panasonic.es\/lumix\/wp-content\/uploads\/2025\/04\/1-2048x1152.png 2048w\" sizes=\"(max-width: 1920px) 100vw, 1920px\" \/><\/figure>\n\n\n\n<div style=\"height:50px\" aria-hidden=\"true\" class=\"wp-block-spacer\"><\/div>\n\n\n\n<p>Nuestros LUTs especialmente dise\u00f1ados para el D\u00eda del Color Rosa est\u00e1n pensados para:<\/p>\n\n\n\n<ul class=\"wp-block-list\">\n<li>Acentuar tonos piel con calidez y suavidad<\/li>\n\n\n\n<li>A\u00f1adir matices rosados a cielos y luces de atardecer<\/li>\n\n\n\n<li>Creaar atm\u00f3sferas so\u00f1adoras y femeninas<\/li>\n\n\n\n<li>Dar un look editorial y moderno a tus sesiones<\/li>\n<\/ul>\n\n\n\n<h2 class=\"wp-block-heading\"> \u00bfQu\u00e9 podr\u00e1s hacer con nuestros LUTs gratuitos para tus fotos?<\/h2>\n\n\n\n<ul class=\"wp-block-list\">\n<li>LUTs en formato <code>.CUBE<\/code>, listos para ser usados directamente en tu c\u00e1mara Lumix compatible (Lumix S5II, S5IIX, G9II, GH7) con la <a href=\"https:\/\/www.panasonic.com\/es\/consumer\/camaras-y-videocamaras-aprender\/camaras-y-videocamaras\/lumix-lab.html\" target=\"_blank\" rel=\"noreferrer noopener\">App LUMIX Lab<\/a>.<\/li>\n\n\n\n<li>Compatibles con: Adobe Premiere Pro, Final Cut Pro, DaVinci Resolve, Lightroom (usando perfiles), y m\u00e1s<\/li>\n<\/ul>\n\n\n\n<p><\/p>\n\n\n\n<h2 class=\"wp-block-heading\">\u00bfC\u00f3mo usarlos?<\/h2>\n\n\n\n<ol class=\"wp-block-list\">\n<li>Descarga las LUTs<\/li>\n\n\n\n<li>Inst\u00e1lalas en tu c\u00e1mara Lumix compatible (Lumix S5II, S5IIX, G9II, GH7) o en tu software de edici\u00f3n favorito<\/li>\n\n\n\n<li>Aplica uno de nuestros LUTs a tu imagen o video<\/li>\n\n\n\n<li>Ajusta la intensidad a tu gusto&#8230; \u00a1y listo!<\/li>\n<\/ol>\n\n\n\n<p><\/p>\n\n\n\n<h2 class=\"wp-block-heading\">C\u00f3mo usar LUTs en tu c\u00e1mara LUMIX con la app LUMIX LAB<\/h2>\n\n\n\n<h3 class=\"wp-block-heading\">1. Conecta tu c\u00e1mara con la app<\/h3>\n\n\n\n<ul class=\"wp-block-list\">\n<li>Abre <strong>LUMIX LAB<\/strong> en tu m\u00f3vil<\/li>\n\n\n\n<li>Enciende tu c\u00e1mara y activa el Bluetooth<\/li>\n\n\n\n<li>Sigue los pasos en la app para emparejarla por <strong>Bluetooth + Wi-Fi<\/strong><\/li>\n\n\n\n<li>Una vez emparejada, ya puedes gestionar ajustes y LUTs desde el m\u00f3vil<\/li>\n<\/ul>\n\n\n\n<h3 class=\"wp-block-heading\">2. Carga tu LUT en LUMIX LAB<\/h3>\n\n\n\n<ul class=\"wp-block-list\">\n<li>En la app, ve a la secci\u00f3n <strong>\u201cMis LUTs\u201d<\/strong><\/li>\n\n\n\n<li>Toca \u201c\u2795 A\u00f1adir LUT\u201d y selecciona tu archivo <code>.CUBE<\/code> desde el almacenamiento del m\u00f3vil<\/li>\n\n\n\n<li>Puedes previsualizar el estilo del LUT directamente en im\u00e1genes o clips de muestra<\/li>\n<\/ul>\n\n\n\n<h3 class=\"wp-block-heading\">3. Env\u00eda el LUT a tu c\u00e1mara<\/h3>\n\n\n\n<ul class=\"wp-block-list\">\n<li>Selecciona el LUT que quieras transferir<\/li>\n\n\n\n<li>Toca <strong>\u201cEnviar a la c\u00e1mara\u201d<\/strong><\/li>\n\n\n\n<li>Se cargar\u00e1 en el banco de LUTs personalizados de tu LUMIX<\/li>\n<\/ul>\n\n\n\n<h3 class=\"wp-block-heading\">4. Act\u00edvalo desde la c\u00e1mara<\/h3>\n\n\n\n<ul class=\"wp-block-list\">\n<li>En la c\u00e1mara, ve a:\n<ul class=\"wp-block-list\">\n<li><strong>Men\u00fa \u2192 Estilo de imagen \u2192 Real Time LUT<\/strong><\/li>\n<\/ul>\n<\/li>\n\n\n\n<li>Selecciona el LUT que transferiste desde el m\u00f3vil<\/li>\n\n\n\n<li>Ahora tu c\u00e1mara mostrar\u00e1 la imagen ya con ese estilo aplicado, en tiempo real \ud83e\ude84<\/li>\n<\/ul>\n\n\n\n<h3 class=\"wp-block-heading\">\u00bfQu\u00e9 ventajas tienes al usar LUTs con LUMIX LAB?<\/h3>\n\n\n\n<ul class=\"wp-block-list\">\n<li><strong>F\u00e1cil gesti\u00f3n<\/strong> desde el m\u00f3vil, sin cables ni SDs<\/li>\n\n\n\n<li><strong>Previsualizaci\u00f3n r\u00e1pida<\/strong> del estilo antes de grabar<\/li>\n\n\n\n<li>Crea tu propia est\u00e9tica y <strong>ahorra tiempo de edici\u00f3n<\/strong><\/li>\n\n\n\n<li>Puedes cargar varios LUTs y alternar entre ellos seg\u00fan tu sesi\u00f3n o mood<\/li>\n<\/ul>\n\n\n\n<div style=\"height:100px\" aria-hidden=\"true\" class=\"wp-block-spacer\"><\/div>\n\n\n\n<p>\ud83d\udc49 Es una forma r\u00e1pida de darle a tu contenido ese <strong>glow rosado<\/strong> que tanto gusta en redes sociales.<\/p>\n\n\n\n<figure class=\"wp-block-image size-large\"><img decoding=\"async\" width=\"1920\" height=\"1080\" src=\"https:\/\/blog.panasonic.es\/lumix\/wp-content\/uploads\/2025\/04\/3-1920x1080.png\" alt=\"Nuestros LUTs Gratuitos para Tus Fotos\" class=\"wp-image-34704\" srcset=\"https:\/\/blog.panasonic.es\/lumix\/wp-content\/uploads\/2025\/04\/3-1920x1080.png 1920w, https:\/\/blog.panasonic.es\/lumix\/wp-content\/uploads\/2025\/04\/3-1024x576.png 1024w, https:\/\/blog.panasonic.es\/lumix\/wp-content\/uploads\/2025\/04\/3-768x432.png 768w, https:\/\/blog.panasonic.es\/lumix\/wp-content\/uploads\/2025\/04\/3-1536x864.png 1536w, https:\/\/blog.panasonic.es\/lumix\/wp-content\/uploads\/2025\/04\/3-2048x1152.png 2048w\" sizes=\"(max-width: 1920px) 100vw, 1920px\" \/><\/figure>\n\n\n\n<p><\/p>\n\n\n\n<p class=\"has-text-align-center\"><br>\ud83c\udf81 <strong>\u00a1Descarga de nuestros LUTs con acentos rosados, compatibles con la <a href=\"https:\/\/www.panasonic.com\/es\/consumer\/camaras-y-videocamaras-aprender\/camaras-y-videocamaras\/lumix-lab.html\" target=\"_blank\" rel=\"noreferrer noopener\">App LUMIX Lab<\/a>!<\/strong><\/p>\n\n\n\n<div class=\"wp-block-buttons is-content-justification-center is-layout-flex wp-container-core-buttons-is-layout-16018d1d wp-block-buttons-is-layout-flex\">\n<div class=\"wp-block-button\"><a class=\"wp-block-button__link wp-element-button\" href=\"https:\/\/ddec1-0-en-ctp.trendmicro.com\/wis\/clicktime\/v1\/query?url=https%3a%2f%2fblog.panasonic.es%2flumix%2fluts%2fcyberpInkVLOG.cube&amp;umid=3351b7c0-0648-4c2e-ae92-5433787c8a0e&amp;rct=1744290199&amp;auth=5a151d47b579d7f5500af2c38d8368f6517baae9-4904e220bde5a49499faf3cde1293ad4a4a899e3\">Lut fotoestilo V-Log<\/a><\/div>\n\n\n\n<div class=\"wp-block-button\"><a class=\"wp-block-button__link wp-element-button\" href=\"https:\/\/ddec1-0-en-ctp.trendmicro.com\/wis\/clicktime\/v1\/query?url=https%3a%2f%2fblog.panasonic.es%2flumix%2fluts%2fcyberpInkREC709.cube&amp;umid=3351b7c0-0648-4c2e-ae92-5433787c8a0e&amp;rct=1744290199&amp;auth=5a151d47b579d7f5500af2c38d8368f6517baae9-d880aeee1897769b0f1242515450daf2f5120685\">Lut est\u00e1ndar para rec709<\/a><\/div>\n<\/div>\n\n\n\n<div style=\"height:35px\" aria-hidden=\"true\" class=\"wp-block-spacer\"><\/div>\n\n\n\n<div style=\"height:100px\" aria-hidden=\"true\" class=\"wp-block-spacer\"><\/div>\n\n\n\n<h3 class=\"wp-block-heading\">\ud83e\udde0 \u00bfPor qu\u00e9 editar en rosa?<\/h3>\n\n\n\n<p>El color rosa en fotograf\u00eda no es solo una tendencia visual. Estudios han demostrado que <strong>los tonos rosados aumentan el engagement<\/strong> en plataformas como Instagram y Pinterest. Transmiten calma, nostalgia y romanticismo, ideales para retratos, moda, lifestyle y street photography.<\/p>\n\n\n\n<p>Si buscas que tu contenido destaque, este es el color del momento y puedes conseguirlo con nuestros LUTs gratuitos para tus fotos.<\/p>\n\n\n\n<h3 class=\"wp-block-heading\"><a href=\"https:\/\/blog.panasonic.es\/lumix\/wp-content\/uploads\/2025\/04\/LUTs-Rosas.zip\">\ud83c\udf89 \u00a1Descarga ahora y s\u00famate a la ola rosa!<\/a><\/h3>\n\n\n\n<p><\/p>\n\n\n\n<div class=\"wp-block-buttons is-content-justification-center is-layout-flex wp-container-core-buttons-is-layout-16018d1d wp-block-buttons-is-layout-flex\">\n<div class=\"wp-block-button\"><a class=\"wp-block-button__link wp-element-button\" href=\"https:\/\/ddec1-0-en-ctp.trendmicro.com\/wis\/clicktime\/v1\/query?url=https%3a%2f%2fblog.panasonic.es%2flumix%2fluts%2fcyberpInkVLOG.cube&amp;umid=3351b7c0-0648-4c2e-ae92-5433787c8a0e&amp;rct=1744290199&amp;auth=5a151d47b579d7f5500af2c38d8368f6517baae9-4904e220bde5a49499faf3cde1293ad4a4a899e3\">Lut fotoestilo V-Log<\/a><\/div>\n\n\n\n<div class=\"wp-block-button\"><a class=\"wp-block-button__link wp-element-button\" href=\"https:\/\/ddec1-0-en-ctp.trendmicro.com\/wis\/clicktime\/v1\/query?url=https%3a%2f%2fblog.panasonic.es%2flumix%2fluts%2fcyberpInkREC709.cube&amp;umid=3351b7c0-0648-4c2e-ae92-5433787c8a0e&amp;rct=1744290199&amp;auth=5a151d47b579d7f5500af2c38d8368f6517baae9-d880aeee1897769b0f1242515450daf2f5120685\">Lut est\u00e1ndar para rec709<\/a><\/div>\n<\/div>\n\n\n\n<p><\/p>\n\n\n\n<div style=\"height:100px\" aria-hidden=\"true\" class=\"wp-block-spacer\"><\/div>\n\n\n\n<p>Celebra con nosotros el D\u00eda del Color Rosa.<br>Edita, experimenta, crea&#8230; y no olvides compartir tus fotos usando el hashtag <strong>#CyberpinkLumix en Instagram<\/strong> para que podamos ver tus resultados.<\/p>\n\n\n\n<p><\/p>\n\n\n\n<p><strong>\u00a1Feliz D\u00eda del Color Rosa! Que la inspiraci\u00f3n te pinte de magia. \ud83c\udf37<\/strong><\/p>\n\n\n\n<p><\/p>\n\n\n\n<p><\/p>\n","protected":false},"excerpt":{"rendered":"<p>\u00a1Hoy celebramos el D\u00eda del Color Rosa! Un color que simboliza dulzura, amor y creatividad. En esta fecha tan especial, queremos invitarte a que lo celebres de la mejor forma: editando tus fotos con un toque rosa \u00fanico y art\u00edstico con los LUTs CyberPink creados por el talentoso vide\u00f3grafo Javier Letosa, gratuitos para tus fotos. &#8230; <a title=\"Celebra el D\u00eda del Color Rosa con LUTs Gratuitos para Tus Fotos \ud83c\udf38\" class=\"read-more\" href=\"https:\/\/blog.panasonic.es\/lumix\/celebra-el-dia-del-color-rosa-con-luts-gratuitos-para-tus-fotos-%f0%9f%8c%b8\/\" aria-label=\"Leer m\u00e1s sobre Celebra el D\u00eda del Color Rosa con LUTs Gratuitos para Tus Fotos \ud83c\udf38\">Leer m\u00e1s<\/a><\/p>\n","protected":false},"author":3,"featured_media":34704,"comment_status":"closed","ping_status":"closed","sticky":false,"template":"","format":"standard","meta":{"_acf_changed":false,"footnotes":""},"categories":[26],"tags":[],"class_list":["post-34699","post","type-post","status-publish","format-standard","has-post-thumbnail","hentry","category-blog"],"acf":[],"yoast_head":"<!-- This site is optimized with the Yoast SEO plugin v27.4 - https:\/\/yoast.com\/product\/yoast-seo-wordpress\/ -->\n<title>Celebra el D\u00eda del Color Rosa con LUTs Gratuitos para Tus Fotos \ud83c\udf38 - Lumix<\/title>\n<meta name=\"description\" content=\"Con nuestros LUTs gratuitos para tus fotos, queremos invitarte a que lo c\u00e9lebres descarg\u00e1ndote gratis nuestros LUTs con acentos rosados.\" \/>\n<meta name=\"robots\" content=\"index, follow, max-snippet:-1, max-image-preview:large, max-video-preview:-1\" \/>\n<link rel=\"canonical\" href=\"https:\/\/blog.panasonic.es\/lumix\/celebra-el-dia-del-color-rosa-con-luts-gratuitos-para-tus-fotos-\ud83c\udf38\/\" \/>\n<meta property=\"og:locale\" content=\"es_ES\" \/>\n<meta property=\"og:type\" content=\"article\" \/>\n<meta property=\"og:title\" content=\"Celebra el D\u00eda del Color Rosa con LUTs Gratuitos para Tus Fotos \ud83c\udf38 - Lumix\" \/>\n<meta property=\"og:description\" content=\"Con nuestros LUTs gratuitos para tus fotos, queremos invitarte a que lo c\u00e9lebres descarg\u00e1ndote gratis nuestros LUTs con acentos rosados.\" \/>\n<meta property=\"og:url\" content=\"https:\/\/blog.panasonic.es\/lumix\/celebra-el-dia-del-color-rosa-con-luts-gratuitos-para-tus-fotos-\ud83c\udf38\/\" \/>\n<meta property=\"og:site_name\" content=\"Lumix\" \/>\n<meta property=\"article:published_time\" content=\"2025-04-12T07:00:00+00:00\" \/>\n<meta property=\"og:image\" content=\"https:\/\/blog.panasonic.es\/lumix\/wp-content\/uploads\/2025\/04\/3-1920x1080.png\" \/>\n\t<meta property=\"og:image:width\" content=\"1920\" \/>\n\t<meta property=\"og:image:height\" content=\"1080\" \/>\n\t<meta property=\"og:image:type\" content=\"image\/png\" \/>\n<meta name=\"author\" content=\"Lumix\" \/>\n<meta name=\"twitter:card\" content=\"summary_large_image\" \/>\n<script type=\"application\/ld+json\" class=\"yoast-schema-graph\">{\"@context\":\"https:\\\/\\\/schema.org\",\"@graph\":[{\"@type\":\"Article\",\"@id\":\"https:\\\/\\\/blog.panasonic.es\\\/lumix\\\/celebra-el-dia-del-color-rosa-con-luts-gratuitos-para-tus-fotos-%f0%9f%8c%b8\\\/#article\",\"isPartOf\":{\"@id\":\"https:\\\/\\\/blog.panasonic.es\\\/lumix\\\/celebra-el-dia-del-color-rosa-con-luts-gratuitos-para-tus-fotos-%f0%9f%8c%b8\\\/\"},\"author\":{\"name\":\"Lumix\",\"@id\":\"https:\\\/\\\/blog.panasonic.es\\\/lumix\\\/#\\\/schema\\\/person\\\/963a6a04c721c06e25e665ca89a43d19\"},\"headline\":\"Celebra el D\u00eda del Color Rosa con LUTs Gratuitos para Tus Fotos \ud83c\udf38\",\"datePublished\":\"2025-04-12T07:00:00+00:00\",\"mainEntityOfPage\":{\"@id\":\"https:\\\/\\\/blog.panasonic.es\\\/lumix\\\/celebra-el-dia-del-color-rosa-con-luts-gratuitos-para-tus-fotos-%f0%9f%8c%b8\\\/\"},\"wordCount\":683,\"publisher\":{\"@id\":\"https:\\\/\\\/blog.panasonic.es\\\/lumix\\\/#organization\"},\"image\":{\"@id\":\"https:\\\/\\\/blog.panasonic.es\\\/lumix\\\/celebra-el-dia-del-color-rosa-con-luts-gratuitos-para-tus-fotos-%f0%9f%8c%b8\\\/#primaryimage\"},\"thumbnailUrl\":\"https:\\\/\\\/blog.panasonic.es\\\/lumix\\\/wp-content\\\/uploads\\\/2025\\\/04\\\/3.png\",\"articleSection\":[\"Blog\"],\"inLanguage\":\"es\"},{\"@type\":\"WebPage\",\"@id\":\"https:\\\/\\\/blog.panasonic.es\\\/lumix\\\/celebra-el-dia-del-color-rosa-con-luts-gratuitos-para-tus-fotos-%f0%9f%8c%b8\\\/\",\"url\":\"https:\\\/\\\/blog.panasonic.es\\\/lumix\\\/celebra-el-dia-del-color-rosa-con-luts-gratuitos-para-tus-fotos-%f0%9f%8c%b8\\\/\",\"name\":\"Celebra el D\u00eda del Color Rosa con LUTs Gratuitos para Tus Fotos \ud83c\udf38 - Lumix\",\"isPartOf\":{\"@id\":\"https:\\\/\\\/blog.panasonic.es\\\/lumix\\\/#website\"},\"primaryImageOfPage\":{\"@id\":\"https:\\\/\\\/blog.panasonic.es\\\/lumix\\\/celebra-el-dia-del-color-rosa-con-luts-gratuitos-para-tus-fotos-%f0%9f%8c%b8\\\/#primaryimage\"},\"image\":{\"@id\":\"https:\\\/\\\/blog.panasonic.es\\\/lumix\\\/celebra-el-dia-del-color-rosa-con-luts-gratuitos-para-tus-fotos-%f0%9f%8c%b8\\\/#primaryimage\"},\"thumbnailUrl\":\"https:\\\/\\\/blog.panasonic.es\\\/lumix\\\/wp-content\\\/uploads\\\/2025\\\/04\\\/3.png\",\"datePublished\":\"2025-04-12T07:00:00+00:00\",\"description\":\"Con nuestros LUTs gratuitos para tus fotos, queremos invitarte a que lo c\u00e9lebres descarg\u00e1ndote gratis nuestros LUTs con acentos rosados.\",\"breadcrumb\":{\"@id\":\"https:\\\/\\\/blog.panasonic.es\\\/lumix\\\/celebra-el-dia-del-color-rosa-con-luts-gratuitos-para-tus-fotos-%f0%9f%8c%b8\\\/#breadcrumb\"},\"inLanguage\":\"es\",\"potentialAction\":[{\"@type\":\"ReadAction\",\"target\":[\"https:\\\/\\\/blog.panasonic.es\\\/lumix\\\/celebra-el-dia-del-color-rosa-con-luts-gratuitos-para-tus-fotos-%f0%9f%8c%b8\\\/\"]}]},{\"@type\":\"ImageObject\",\"inLanguage\":\"es\",\"@id\":\"https:\\\/\\\/blog.panasonic.es\\\/lumix\\\/celebra-el-dia-del-color-rosa-con-luts-gratuitos-para-tus-fotos-%f0%9f%8c%b8\\\/#primaryimage\",\"url\":\"https:\\\/\\\/blog.panasonic.es\\\/lumix\\\/wp-content\\\/uploads\\\/2025\\\/04\\\/3.png\",\"contentUrl\":\"https:\\\/\\\/blog.panasonic.es\\\/lumix\\\/wp-content\\\/uploads\\\/2025\\\/04\\\/3.png\",\"width\":3840,\"height\":2160},{\"@type\":\"BreadcrumbList\",\"@id\":\"https:\\\/\\\/blog.panasonic.es\\\/lumix\\\/celebra-el-dia-del-color-rosa-con-luts-gratuitos-para-tus-fotos-%f0%9f%8c%b8\\\/#breadcrumb\",\"itemListElement\":[{\"@type\":\"ListItem\",\"position\":1,\"name\":\"Home\",\"item\":\"https:\\\/\\\/blog.panasonic.es\\\/lumix\\\/\"},{\"@type\":\"ListItem\",\"position\":2,\"name\":\"Blog\",\"item\":\"https:\\\/\\\/blog.panasonic.es\\\/lumix\\\/.\\\/blog\\\/\"},{\"@type\":\"ListItem\",\"position\":3,\"name\":\"Celebra el D\u00eda del Color Rosa con LUTs Gratuitos para Tus Fotos \ud83c\udf38\"}]},{\"@type\":\"WebSite\",\"@id\":\"https:\\\/\\\/blog.panasonic.es\\\/lumix\\\/#website\",\"url\":\"https:\\\/\\\/blog.panasonic.es\\\/lumix\\\/\",\"name\":\"Lumix\",\"description\":\"LUMIX, Motion. Picture. Perfect\",\"publisher\":{\"@id\":\"https:\\\/\\\/blog.panasonic.es\\\/lumix\\\/#organization\"},\"potentialAction\":[{\"@type\":\"SearchAction\",\"target\":{\"@type\":\"EntryPoint\",\"urlTemplate\":\"https:\\\/\\\/blog.panasonic.es\\\/lumix\\\/?s={search_term_string}\"},\"query-input\":{\"@type\":\"PropertyValueSpecification\",\"valueRequired\":true,\"valueName\":\"search_term_string\"}}],\"inLanguage\":\"es\"},{\"@type\":\"Organization\",\"@id\":\"https:\\\/\\\/blog.panasonic.es\\\/lumix\\\/#organization\",\"name\":\"Lumix\",\"url\":\"https:\\\/\\\/blog.panasonic.es\\\/lumix\\\/\",\"logo\":{\"@type\":\"ImageObject\",\"inLanguage\":\"es\",\"@id\":\"https:\\\/\\\/blog.panasonic.es\\\/lumix\\\/#\\\/schema\\\/logo\\\/image\\\/\",\"url\":\"https:\\\/\\\/blog.panasonic.es\\\/lumix\\\/wp-content\\\/uploads\\\/2021\\\/09\\\/logo-blanco.svg\",\"contentUrl\":\"https:\\\/\\\/blog.panasonic.es\\\/lumix\\\/wp-content\\\/uploads\\\/2021\\\/09\\\/logo-blanco.svg\",\"width\":309,\"height\":38,\"caption\":\"Lumix\"},\"image\":{\"@id\":\"https:\\\/\\\/blog.panasonic.es\\\/lumix\\\/#\\\/schema\\\/logo\\\/image\\\/\"}},{\"@type\":\"Person\",\"@id\":\"https:\\\/\\\/blog.panasonic.es\\\/lumix\\\/#\\\/schema\\\/person\\\/963a6a04c721c06e25e665ca89a43d19\",\"name\":\"Lumix\",\"description\":\"LUMIX. Motion. Picture. Perfect. Apoyando estrechamente a los creadores, quienes lideran la cultura de la imagen, LUMIX proporciona una experiencia que les permite ser creativos como ellos desean, independientemente de si realizan im\u00e1genes fotograf\u00edas o v\u00eddeos. Queremos convertirnos en una marca que est\u00e9 con ellos, transmitiendo nuevas emociones juntos, sobrepasando los l\u00edmites de la creaci\u00f3n audiovisual. Esta es la idea y el significado de nuestro eslogan Motion. Picture. Perfect.\",\"sameAs\":[\"https:\\\/\\\/www.panasonic.com\\\/es\\\/\",\"anne.cohen\"],\"url\":\"https:\\\/\\\/blog.panasonic.es\\\/lumix\\\/embajador\\\/panasonic\\\/\"}]}<\/script>\n<!-- \/ Yoast SEO plugin. -->","yoast_head_json":{"title":"Celebra el D\u00eda del Color Rosa con LUTs Gratuitos para Tus Fotos \ud83c\udf38 - Lumix","description":"Con nuestros LUTs gratuitos para tus fotos, queremos invitarte a que lo c\u00e9lebres descarg\u00e1ndote gratis nuestros LUTs con acentos rosados.","robots":{"index":"index","follow":"follow","max-snippet":"max-snippet:-1","max-image-preview":"max-image-preview:large","max-video-preview":"max-video-preview:-1"},"canonical":"https:\/\/blog.panasonic.es\/lumix\/celebra-el-dia-del-color-rosa-con-luts-gratuitos-para-tus-fotos-\ud83c\udf38\/","og_locale":"es_ES","og_type":"article","og_title":"Celebra el D\u00eda del Color Rosa con LUTs Gratuitos para Tus Fotos \ud83c\udf38 - Lumix","og_description":"Con nuestros LUTs gratuitos para tus fotos, queremos invitarte a que lo c\u00e9lebres descarg\u00e1ndote gratis nuestros LUTs con acentos rosados.","og_url":"https:\/\/blog.panasonic.es\/lumix\/celebra-el-dia-del-color-rosa-con-luts-gratuitos-para-tus-fotos-\ud83c\udf38\/","og_site_name":"Lumix","article_published_time":"2025-04-12T07:00:00+00:00","og_image":[{"width":1920,"height":1080,"url":"https:\/\/blog.panasonic.es\/lumix\/wp-content\/uploads\/2025\/04\/3-1920x1080.png","type":"image\/png"}],"author":"Lumix","twitter_card":"summary_large_image","schema":{"@context":"https:\/\/schema.org","@graph":[{"@type":"Article","@id":"https:\/\/blog.panasonic.es\/lumix\/celebra-el-dia-del-color-rosa-con-luts-gratuitos-para-tus-fotos-%f0%9f%8c%b8\/#article","isPartOf":{"@id":"https:\/\/blog.panasonic.es\/lumix\/celebra-el-dia-del-color-rosa-con-luts-gratuitos-para-tus-fotos-%f0%9f%8c%b8\/"},"author":{"name":"Lumix","@id":"https:\/\/blog.panasonic.es\/lumix\/#\/schema\/person\/963a6a04c721c06e25e665ca89a43d19"},"headline":"Celebra el D\u00eda del Color Rosa con LUTs Gratuitos para Tus Fotos \ud83c\udf38","datePublished":"2025-04-12T07:00:00+00:00","mainEntityOfPage":{"@id":"https:\/\/blog.panasonic.es\/lumix\/celebra-el-dia-del-color-rosa-con-luts-gratuitos-para-tus-fotos-%f0%9f%8c%b8\/"},"wordCount":683,"publisher":{"@id":"https:\/\/blog.panasonic.es\/lumix\/#organization"},"image":{"@id":"https:\/\/blog.panasonic.es\/lumix\/celebra-el-dia-del-color-rosa-con-luts-gratuitos-para-tus-fotos-%f0%9f%8c%b8\/#primaryimage"},"thumbnailUrl":"https:\/\/blog.panasonic.es\/lumix\/wp-content\/uploads\/2025\/04\/3.png","articleSection":["Blog"],"inLanguage":"es"},{"@type":"WebPage","@id":"https:\/\/blog.panasonic.es\/lumix\/celebra-el-dia-del-color-rosa-con-luts-gratuitos-para-tus-fotos-%f0%9f%8c%b8\/","url":"https:\/\/blog.panasonic.es\/lumix\/celebra-el-dia-del-color-rosa-con-luts-gratuitos-para-tus-fotos-%f0%9f%8c%b8\/","name":"Celebra el D\u00eda del Color Rosa con LUTs Gratuitos para Tus Fotos \ud83c\udf38 - Lumix","isPartOf":{"@id":"https:\/\/blog.panasonic.es\/lumix\/#website"},"primaryImageOfPage":{"@id":"https:\/\/blog.panasonic.es\/lumix\/celebra-el-dia-del-color-rosa-con-luts-gratuitos-para-tus-fotos-%f0%9f%8c%b8\/#primaryimage"},"image":{"@id":"https:\/\/blog.panasonic.es\/lumix\/celebra-el-dia-del-color-rosa-con-luts-gratuitos-para-tus-fotos-%f0%9f%8c%b8\/#primaryimage"},"thumbnailUrl":"https:\/\/blog.panasonic.es\/lumix\/wp-content\/uploads\/2025\/04\/3.png","datePublished":"2025-04-12T07:00:00+00:00","description":"Con nuestros LUTs gratuitos para tus fotos, queremos invitarte a que lo c\u00e9lebres descarg\u00e1ndote gratis nuestros LUTs con acentos rosados.","breadcrumb":{"@id":"https:\/\/blog.panasonic.es\/lumix\/celebra-el-dia-del-color-rosa-con-luts-gratuitos-para-tus-fotos-%f0%9f%8c%b8\/#breadcrumb"},"inLanguage":"es","potentialAction":[{"@type":"ReadAction","target":["https:\/\/blog.panasonic.es\/lumix\/celebra-el-dia-del-color-rosa-con-luts-gratuitos-para-tus-fotos-%f0%9f%8c%b8\/"]}]},{"@type":"ImageObject","inLanguage":"es","@id":"https:\/\/blog.panasonic.es\/lumix\/celebra-el-dia-del-color-rosa-con-luts-gratuitos-para-tus-fotos-%f0%9f%8c%b8\/#primaryimage","url":"https:\/\/blog.panasonic.es\/lumix\/wp-content\/uploads\/2025\/04\/3.png","contentUrl":"https:\/\/blog.panasonic.es\/lumix\/wp-content\/uploads\/2025\/04\/3.png","width":3840,"height":2160},{"@type":"BreadcrumbList","@id":"https:\/\/blog.panasonic.es\/lumix\/celebra-el-dia-del-color-rosa-con-luts-gratuitos-para-tus-fotos-%f0%9f%8c%b8\/#breadcrumb","itemListElement":[{"@type":"ListItem","position":1,"name":"Home","item":"https:\/\/blog.panasonic.es\/lumix\/"},{"@type":"ListItem","position":2,"name":"Blog","item":"https:\/\/blog.panasonic.es\/lumix\/.\/blog\/"},{"@type":"ListItem","position":3,"name":"Celebra el D\u00eda del Color Rosa con LUTs Gratuitos para Tus Fotos \ud83c\udf38"}]},{"@type":"WebSite","@id":"https:\/\/blog.panasonic.es\/lumix\/#website","url":"https:\/\/blog.panasonic.es\/lumix\/","name":"Lumix","description":"LUMIX, Motion. Picture. Perfect","publisher":{"@id":"https:\/\/blog.panasonic.es\/lumix\/#organization"},"potentialAction":[{"@type":"SearchAction","target":{"@type":"EntryPoint","urlTemplate":"https:\/\/blog.panasonic.es\/lumix\/?s={search_term_string}"},"query-input":{"@type":"PropertyValueSpecification","valueRequired":true,"valueName":"search_term_string"}}],"inLanguage":"es"},{"@type":"Organization","@id":"https:\/\/blog.panasonic.es\/lumix\/#organization","name":"Lumix","url":"https:\/\/blog.panasonic.es\/lumix\/","logo":{"@type":"ImageObject","inLanguage":"es","@id":"https:\/\/blog.panasonic.es\/lumix\/#\/schema\/logo\/image\/","url":"https:\/\/blog.panasonic.es\/lumix\/wp-content\/uploads\/2021\/09\/logo-blanco.svg","contentUrl":"https:\/\/blog.panasonic.es\/lumix\/wp-content\/uploads\/2021\/09\/logo-blanco.svg","width":309,"height":38,"caption":"Lumix"},"image":{"@id":"https:\/\/blog.panasonic.es\/lumix\/#\/schema\/logo\/image\/"}},{"@type":"Person","@id":"https:\/\/blog.panasonic.es\/lumix\/#\/schema\/person\/963a6a04c721c06e25e665ca89a43d19","name":"Lumix","description":"LUMIX. Motion. Picture. Perfect. Apoyando estrechamente a los creadores, quienes lideran la cultura de la imagen, LUMIX proporciona una experiencia que les permite ser creativos como ellos desean, independientemente de si realizan im\u00e1genes fotograf\u00edas o v\u00eddeos. Queremos convertirnos en una marca que est\u00e9 con ellos, transmitiendo nuevas emociones juntos, sobrepasando los l\u00edmites de la creaci\u00f3n audiovisual. Esta es la idea y el significado de nuestro eslogan Motion. Picture. Perfect.","sameAs":["https:\/\/www.panasonic.com\/es\/","anne.cohen"],"url":"https:\/\/blog.panasonic.es\/lumix\/embajador\/panasonic\/"}]}},"_links":{"self":[{"href":"https:\/\/blog.panasonic.es\/lumix\/wp-json\/wp\/v2\/posts\/34699","targetHints":{"allow":["GET"]}}],"collection":[{"href":"https:\/\/blog.panasonic.es\/lumix\/wp-json\/wp\/v2\/posts"}],"about":[{"href":"https:\/\/blog.panasonic.es\/lumix\/wp-json\/wp\/v2\/types\/post"}],"author":[{"embeddable":true,"href":"https:\/\/blog.panasonic.es\/lumix\/wp-json\/wp\/v2\/users\/3"}],"replies":[{"embeddable":true,"href":"https:\/\/blog.panasonic.es\/lumix\/wp-json\/wp\/v2\/comments?post=34699"}],"version-history":[{"count":20,"href":"https:\/\/blog.panasonic.es\/lumix\/wp-json\/wp\/v2\/posts\/34699\/revisions"}],"predecessor-version":[{"id":34730,"href":"https:\/\/blog.panasonic.es\/lumix\/wp-json\/wp\/v2\/posts\/34699\/revisions\/34730"}],"wp:featuredmedia":[{"embeddable":true,"href":"https:\/\/blog.panasonic.es\/lumix\/wp-json\/wp\/v2\/media\/34704"}],"wp:attachment":[{"href":"https:\/\/blog.panasonic.es\/lumix\/wp-json\/wp\/v2\/media?parent=34699"}],"wp:term":[{"taxonomy":"category","embeddable":true,"href":"https:\/\/blog.panasonic.es\/lumix\/wp-json\/wp\/v2\/categories?post=34699"},{"taxonomy":"post_tag","embeddable":true,"href":"https:\/\/blog.panasonic.es\/lumix\/wp-json\/wp\/v2\/tags?post=34699"}],"curies":[{"name":"wp","href":"https:\/\/api.w.org\/{rel}","templated":true}]}}