{"id":34841,"date":"2025-07-01T16:26:21","date_gmt":"2025-07-01T14:26:21","guid":{"rendered":"https:\/\/blog.panasonic.es\/lumix\/?p=34841"},"modified":"2025-07-01T16:26:25","modified_gmt":"2025-07-01T14:26:25","slug":"charla-como-sacar-el-maximo-partido-a-tu-lumix-con-javier-letosa","status":"publish","type":"post","link":"https:\/\/blog.panasonic.es\/lumix\/charla-como-sacar-el-maximo-partido-a-tu-lumix-con-javier-letosa\/","title":{"rendered":"Charla \u00abC\u00f3mo sacar el m\u00e1ximo partido a tu Lumix\u00bb con Javier Letosa"},"content":{"rendered":"\n<p><\/p>\n\n\n\n<p>Te invitamos a una cita imperdible en Barcelona el 3 de julio a las 17h en <a href=\"https:\/\/www.casanovafoto.com\/charla-lumix-javier-letosa-barcelona-julio?smclient=6cc4d115-ddb3-11eb-b169-2841c6acdb70\">Casanova Foto<\/a>, de la mano del reconocido vide\u00f3grafo <strong>Javier Letosa<\/strong>. Ofrecer\u00e1 una charla t\u00e9cnica en la que compartir\u00e1 su experiencia trabajando con c\u00e1maras LUMIX en entornos profesionales exigentes, como el mundo de las bodas, los eventos y la creaci\u00f3n de contenido visual de alto impacto.<\/p>\n\n\n\n<p>Bajo el t\u00edtulo <strong>\u201cV\u00eddeo profesional con LUMIX: calidad, color y control en cualquier situaci\u00f3n\u201d<\/strong>, Javier Letosa nos guiar\u00e1 a trav\u00e9s de su flujo de trabajo habitual y revelar\u00e1 c\u00f3mo consigue resultados cinematogr\u00e1ficos en condiciones cambiantes, sin sacrificar agilidad ni confiabilidad.<\/p>\n\n\n\n<h4 class=\"wp-block-heading\">Lo que aprender\u00e1s:<\/h4>\n\n\n\n<ul class=\"wp-block-list\">\n<li>C\u00f3mo lograr una est\u00e9tica profesional en v\u00eddeo sin complicaciones t\u00e9cnicas.<\/li>\n\n\n\n<li>Control de color en c\u00e1mara y en postproducci\u00f3n para mantener coherencia visual.<\/li>\n\n\n\n<li>Enfoque autom\u00e1tico y estabilizaci\u00f3n: claves para grabar sin errores.<\/li>\n\n\n\n<li>Consejos pr\u00e1cticos para bodas, eventos o grabaci\u00f3n en exteriores.<\/li>\n\n\n\n<li>Qu\u00e9 configuraciones utilizar seg\u00fan el tipo de rodaje.<\/li>\n<\/ul>\n\n\n\n<figure class=\"wp-block-image size-full\"><img fetchpriority=\"high\" decoding=\"async\" width=\"1200\" height=\"519\" src=\"https:\/\/blog.panasonic.es\/lumix\/wp-content\/uploads\/2025\/06\/SI_boda_javi_letosa.jpg\" alt=\"Charla &quot;C\u00f3mo sacar el m\u00e1ximo partido a tu Lumix&quot; con Javier Letosa |Barcelona\" class=\"wp-image-34842\" srcset=\"https:\/\/blog.panasonic.es\/lumix\/wp-content\/uploads\/2025\/06\/SI_boda_javi_letosa.jpg 1200w, https:\/\/blog.panasonic.es\/lumix\/wp-content\/uploads\/2025\/06\/SI_boda_javi_letosa-1024x443.jpg 1024w, https:\/\/blog.panasonic.es\/lumix\/wp-content\/uploads\/2025\/06\/SI_boda_javi_letosa-768x332.jpg 768w\" sizes=\"(max-width: 1200px) 100vw, 1200px\" \/><\/figure>\n\n\n\n<h3 class=\"wp-block-heading\">\u00bfPor qu\u00e9 asistir?<\/h3>\n\n\n\n<ul class=\"wp-block-list\">\n<li>Es una <strong>charla gratuita y exclusiva<\/strong>, pensada para fot\u00f3grafos, vide\u00f3grafos y creadores de contenido que buscan profesionalizar su trabajo con herramientas LUMIX.<\/li>\n\n\n\n<li>Conocer\u00e1s de cerca el enfoque de<a href=\"https:\/\/blog.panasonic.es\/lumix\/celebra-el-dia-del-color-rosa-con-luts-gratuitos-para-tus-fotos-%f0%9f%8c%b8\/\"> Javier Letosa<\/a> uno de los referentes nacionales en v\u00eddeo profesional.<\/li>\n\n\n\n<li>Habr\u00e1 tiempo para <strong>preguntas<\/strong>, interacci\u00f3n directa con el ponente y <strong>asesor\u00eda t\u00e9cnica<\/strong> con el equipo de Panasonic y CasaNova Foto.<\/li>\n<\/ul>\n\n\n\n<h3 class=\"wp-block-heading\">Detalles del evento<\/h3>\n\n\n\n<ul class=\"wp-block-list\">\n<li><strong>Fecha:<\/strong> Jueves, 3 de julio de 2025<\/li>\n\n\n\n<li><strong>Hora:<\/strong> 17:00 h<\/li>\n\n\n\n<li><strong>Lugar:<\/strong> Casanova Foto \u2014 Ronda Universitat 35, Barcelona<\/li>\n<\/ul>\n\n\n\n<div class=\"wp-block-buttons is-content-justification-center is-layout-flex wp-container-core-buttons-is-layout-16018d1d wp-block-buttons-is-layout-flex\">\n<div class=\"wp-block-button\"><a class=\"wp-block-button__link wp-element-button\" href=\"https:\/\/www.casanovafoto.com\/charla-lumix-javier-letosa-barcelona-julio?smclient=6cc4d115-ddb3-11eb-b169-2841c6acdb70\" target=\"_blank\" rel=\"noreferrer noopener\">Inscr\u00edbete<\/a><\/div>\n<\/div>\n\n\n\n<div style=\"height:100px\" aria-hidden=\"true\" class=\"wp-block-spacer\"><\/div>\n\n\n\n<p>En LUMIX creemos que el mejor contenido se crea con herramientas potentes y formaci\u00f3n de calidad. Este tipo de encuentros son clave para seguir aprendiendo y evolucionando en comunidad.<\/p>\n\n\n\n<p>\u00a1Te esperamos!<\/p>\n\n\n\n<p><\/p>\n","protected":false},"excerpt":{"rendered":"<p>Te invitamos a una cita imperdible en Barcelona el 3 de julio a las 17h en Casanova Foto, de la mano del reconocido vide\u00f3grafo Javier Letosa. Ofrecer\u00e1 una charla t\u00e9cnica en la que compartir\u00e1 su experiencia trabajando con c\u00e1maras LUMIX en entornos profesionales exigentes, como el mundo de las bodas, los eventos y la creaci\u00f3n &#8230; <a title=\"Charla \u00abC\u00f3mo sacar el m\u00e1ximo partido a tu Lumix\u00bb con Javier Letosa\" class=\"read-more\" href=\"https:\/\/blog.panasonic.es\/lumix\/charla-como-sacar-el-maximo-partido-a-tu-lumix-con-javier-letosa\/\" aria-label=\"Leer m\u00e1s sobre Charla \u00abC\u00f3mo sacar el m\u00e1ximo partido a tu Lumix\u00bb con Javier Letosa\">Leer m\u00e1s<\/a><\/p>\n","protected":false},"author":3,"featured_media":34842,"comment_status":"closed","ping_status":"closed","sticky":false,"template":"","format":"standard","meta":{"_acf_changed":false,"footnotes":""},"categories":[26],"tags":[142,140],"class_list":["post-34841","post","type-post","status-publish","format-standard","has-post-thumbnail","hentry","category-blog","tag-fotografia-de-retrato-y-videobooks","tag-fotografia-y-video-de-vacaciones-y-viajes"],"acf":[],"yoast_head":"<!-- This site is optimized with the Yoast SEO plugin v27.4 - https:\/\/yoast.com\/product\/yoast-seo-wordpress\/ -->\n<title>Charla &quot;C\u00f3mo sacar el m\u00e1ximo partido a tu Lumix&quot; con Javier Letosa - Lumix<\/title>\n<meta name=\"robots\" content=\"index, follow, max-snippet:-1, max-image-preview:large, max-video-preview:-1\" \/>\n<link rel=\"canonical\" href=\"https:\/\/blog.panasonic.es\/lumix\/charla-como-sacar-el-maximo-partido-a-tu-lumix-con-javier-letosa\/\" \/>\n<meta property=\"og:locale\" content=\"es_ES\" \/>\n<meta property=\"og:type\" content=\"article\" \/>\n<meta property=\"og:title\" content=\"Charla &quot;C\u00f3mo sacar el m\u00e1ximo partido a tu Lumix&quot; con Javier Letosa - Lumix\" \/>\n<meta property=\"og:description\" content=\"Te invitamos a una cita imperdible en Barcelona el 3 de julio a las 17h en Casanova Foto, de la mano del reconocido vide\u00f3grafo Javier Letosa. Ofrecer\u00e1 una charla t\u00e9cnica en la que compartir\u00e1 su experiencia trabajando con c\u00e1maras LUMIX en entornos profesionales exigentes, como el mundo de las bodas, los eventos y la creaci\u00f3n ... Leer m\u00e1s\" \/>\n<meta property=\"og:url\" content=\"https:\/\/blog.panasonic.es\/lumix\/charla-como-sacar-el-maximo-partido-a-tu-lumix-con-javier-letosa\/\" \/>\n<meta property=\"og:site_name\" content=\"Lumix\" \/>\n<meta property=\"article:published_time\" content=\"2025-07-01T14:26:21+00:00\" \/>\n<meta property=\"article:modified_time\" content=\"2025-07-01T14:26:25+00:00\" \/>\n<meta property=\"og:image\" content=\"https:\/\/blog.panasonic.es\/lumix\/wp-content\/uploads\/2025\/06\/SI_boda_javi_letosa.jpg\" \/>\n\t<meta property=\"og:image:width\" content=\"1200\" \/>\n\t<meta property=\"og:image:height\" content=\"519\" \/>\n\t<meta property=\"og:image:type\" content=\"image\/jpeg\" \/>\n<meta name=\"author\" content=\"Lumix\" \/>\n<meta name=\"twitter:card\" content=\"summary_large_image\" \/>\n<script type=\"application\/ld+json\" class=\"yoast-schema-graph\">{\"@context\":\"https:\\\/\\\/schema.org\",\"@graph\":[{\"@type\":\"Article\",\"@id\":\"https:\\\/\\\/blog.panasonic.es\\\/lumix\\\/charla-como-sacar-el-maximo-partido-a-tu-lumix-con-javier-letosa\\\/#article\",\"isPartOf\":{\"@id\":\"https:\\\/\\\/blog.panasonic.es\\\/lumix\\\/charla-como-sacar-el-maximo-partido-a-tu-lumix-con-javier-letosa\\\/\"},\"author\":{\"name\":\"Lumix\",\"@id\":\"https:\\\/\\\/blog.panasonic.es\\\/lumix\\\/#\\\/schema\\\/person\\\/963a6a04c721c06e25e665ca89a43d19\"},\"headline\":\"Charla \u00abC\u00f3mo sacar el m\u00e1ximo partido a tu Lumix\u00bb con Javier Letosa\",\"datePublished\":\"2025-07-01T14:26:21+00:00\",\"dateModified\":\"2025-07-01T14:26:25+00:00\",\"mainEntityOfPage\":{\"@id\":\"https:\\\/\\\/blog.panasonic.es\\\/lumix\\\/charla-como-sacar-el-maximo-partido-a-tu-lumix-con-javier-letosa\\\/\"},\"wordCount\":305,\"publisher\":{\"@id\":\"https:\\\/\\\/blog.panasonic.es\\\/lumix\\\/#organization\"},\"image\":{\"@id\":\"https:\\\/\\\/blog.panasonic.es\\\/lumix\\\/charla-como-sacar-el-maximo-partido-a-tu-lumix-con-javier-letosa\\\/#primaryimage\"},\"thumbnailUrl\":\"https:\\\/\\\/blog.panasonic.es\\\/lumix\\\/wp-content\\\/uploads\\\/2025\\\/06\\\/SI_boda_javi_letosa.jpg\",\"keywords\":[\"Fotograf\u00eda de retrato y videobooks\",\"Fotograf\u00eda y v\u00eddeo de vacaciones y viajes\"],\"articleSection\":[\"Blog\"],\"inLanguage\":\"es\"},{\"@type\":\"WebPage\",\"@id\":\"https:\\\/\\\/blog.panasonic.es\\\/lumix\\\/charla-como-sacar-el-maximo-partido-a-tu-lumix-con-javier-letosa\\\/\",\"url\":\"https:\\\/\\\/blog.panasonic.es\\\/lumix\\\/charla-como-sacar-el-maximo-partido-a-tu-lumix-con-javier-letosa\\\/\",\"name\":\"Charla \\\"C\u00f3mo sacar el m\u00e1ximo partido a tu Lumix\\\" con Javier Letosa - Lumix\",\"isPartOf\":{\"@id\":\"https:\\\/\\\/blog.panasonic.es\\\/lumix\\\/#website\"},\"primaryImageOfPage\":{\"@id\":\"https:\\\/\\\/blog.panasonic.es\\\/lumix\\\/charla-como-sacar-el-maximo-partido-a-tu-lumix-con-javier-letosa\\\/#primaryimage\"},\"image\":{\"@id\":\"https:\\\/\\\/blog.panasonic.es\\\/lumix\\\/charla-como-sacar-el-maximo-partido-a-tu-lumix-con-javier-letosa\\\/#primaryimage\"},\"thumbnailUrl\":\"https:\\\/\\\/blog.panasonic.es\\\/lumix\\\/wp-content\\\/uploads\\\/2025\\\/06\\\/SI_boda_javi_letosa.jpg\",\"datePublished\":\"2025-07-01T14:26:21+00:00\",\"dateModified\":\"2025-07-01T14:26:25+00:00\",\"breadcrumb\":{\"@id\":\"https:\\\/\\\/blog.panasonic.es\\\/lumix\\\/charla-como-sacar-el-maximo-partido-a-tu-lumix-con-javier-letosa\\\/#breadcrumb\"},\"inLanguage\":\"es\",\"potentialAction\":[{\"@type\":\"ReadAction\",\"target\":[\"https:\\\/\\\/blog.panasonic.es\\\/lumix\\\/charla-como-sacar-el-maximo-partido-a-tu-lumix-con-javier-letosa\\\/\"]}]},{\"@type\":\"ImageObject\",\"inLanguage\":\"es\",\"@id\":\"https:\\\/\\\/blog.panasonic.es\\\/lumix\\\/charla-como-sacar-el-maximo-partido-a-tu-lumix-con-javier-letosa\\\/#primaryimage\",\"url\":\"https:\\\/\\\/blog.panasonic.es\\\/lumix\\\/wp-content\\\/uploads\\\/2025\\\/06\\\/SI_boda_javi_letosa.jpg\",\"contentUrl\":\"https:\\\/\\\/blog.panasonic.es\\\/lumix\\\/wp-content\\\/uploads\\\/2025\\\/06\\\/SI_boda_javi_letosa.jpg\",\"width\":1200,\"height\":519,\"caption\":\"Charla \\\"C\u00f3mo sacar el m\u00e1ximo partido a tu Lumix\\\" con Javier Letosa |Barcelona\"},{\"@type\":\"BreadcrumbList\",\"@id\":\"https:\\\/\\\/blog.panasonic.es\\\/lumix\\\/charla-como-sacar-el-maximo-partido-a-tu-lumix-con-javier-letosa\\\/#breadcrumb\",\"itemListElement\":[{\"@type\":\"ListItem\",\"position\":1,\"name\":\"Home\",\"item\":\"https:\\\/\\\/blog.panasonic.es\\\/lumix\\\/\"},{\"@type\":\"ListItem\",\"position\":2,\"name\":\"Blog\",\"item\":\"https:\\\/\\\/blog.panasonic.es\\\/lumix\\\/.\\\/blog\\\/\"},{\"@type\":\"ListItem\",\"position\":3,\"name\":\"Charla \u00abC\u00f3mo sacar el m\u00e1ximo partido a tu Lumix\u00bb con Javier Letosa\"}]},{\"@type\":\"WebSite\",\"@id\":\"https:\\\/\\\/blog.panasonic.es\\\/lumix\\\/#website\",\"url\":\"https:\\\/\\\/blog.panasonic.es\\\/lumix\\\/\",\"name\":\"Lumix\",\"description\":\"LUMIX, Motion. Picture. Perfect\",\"publisher\":{\"@id\":\"https:\\\/\\\/blog.panasonic.es\\\/lumix\\\/#organization\"},\"potentialAction\":[{\"@type\":\"SearchAction\",\"target\":{\"@type\":\"EntryPoint\",\"urlTemplate\":\"https:\\\/\\\/blog.panasonic.es\\\/lumix\\\/?s={search_term_string}\"},\"query-input\":{\"@type\":\"PropertyValueSpecification\",\"valueRequired\":true,\"valueName\":\"search_term_string\"}}],\"inLanguage\":\"es\"},{\"@type\":\"Organization\",\"@id\":\"https:\\\/\\\/blog.panasonic.es\\\/lumix\\\/#organization\",\"name\":\"Lumix\",\"url\":\"https:\\\/\\\/blog.panasonic.es\\\/lumix\\\/\",\"logo\":{\"@type\":\"ImageObject\",\"inLanguage\":\"es\",\"@id\":\"https:\\\/\\\/blog.panasonic.es\\\/lumix\\\/#\\\/schema\\\/logo\\\/image\\\/\",\"url\":\"https:\\\/\\\/blog.panasonic.es\\\/lumix\\\/wp-content\\\/uploads\\\/2021\\\/09\\\/logo-blanco.svg\",\"contentUrl\":\"https:\\\/\\\/blog.panasonic.es\\\/lumix\\\/wp-content\\\/uploads\\\/2021\\\/09\\\/logo-blanco.svg\",\"width\":309,\"height\":38,\"caption\":\"Lumix\"},\"image\":{\"@id\":\"https:\\\/\\\/blog.panasonic.es\\\/lumix\\\/#\\\/schema\\\/logo\\\/image\\\/\"}},{\"@type\":\"Person\",\"@id\":\"https:\\\/\\\/blog.panasonic.es\\\/lumix\\\/#\\\/schema\\\/person\\\/963a6a04c721c06e25e665ca89a43d19\",\"name\":\"Lumix\",\"description\":\"LUMIX. Motion. Picture. Perfect. Apoyando estrechamente a los creadores, quienes lideran la cultura de la imagen, LUMIX proporciona una experiencia que les permite ser creativos como ellos desean, independientemente de si realizan im\u00e1genes fotograf\u00edas o v\u00eddeos. Queremos convertirnos en una marca que est\u00e9 con ellos, transmitiendo nuevas emociones juntos, sobrepasando los l\u00edmites de la creaci\u00f3n audiovisual. Esta es la idea y el significado de nuestro eslogan Motion. Picture. Perfect.\",\"sameAs\":[\"https:\\\/\\\/www.panasonic.com\\\/es\\\/\",\"anne.cohen\"],\"url\":\"https:\\\/\\\/blog.panasonic.es\\\/lumix\\\/embajador\\\/panasonic\\\/\"}]}<\/script>\n<!-- \/ Yoast SEO plugin. -->","yoast_head_json":{"title":"Charla \"C\u00f3mo sacar el m\u00e1ximo partido a tu Lumix\" con Javier Letosa - Lumix","robots":{"index":"index","follow":"follow","max-snippet":"max-snippet:-1","max-image-preview":"max-image-preview:large","max-video-preview":"max-video-preview:-1"},"canonical":"https:\/\/blog.panasonic.es\/lumix\/charla-como-sacar-el-maximo-partido-a-tu-lumix-con-javier-letosa\/","og_locale":"es_ES","og_type":"article","og_title":"Charla \"C\u00f3mo sacar el m\u00e1ximo partido a tu Lumix\" con Javier Letosa - Lumix","og_description":"Te invitamos a una cita imperdible en Barcelona el 3 de julio a las 17h en Casanova Foto, de la mano del reconocido vide\u00f3grafo Javier Letosa. Ofrecer\u00e1 una charla t\u00e9cnica en la que compartir\u00e1 su experiencia trabajando con c\u00e1maras LUMIX en entornos profesionales exigentes, como el mundo de las bodas, los eventos y la creaci\u00f3n ... Leer m\u00e1s","og_url":"https:\/\/blog.panasonic.es\/lumix\/charla-como-sacar-el-maximo-partido-a-tu-lumix-con-javier-letosa\/","og_site_name":"Lumix","article_published_time":"2025-07-01T14:26:21+00:00","article_modified_time":"2025-07-01T14:26:25+00:00","og_image":[{"width":1200,"height":519,"url":"https:\/\/blog.panasonic.es\/lumix\/wp-content\/uploads\/2025\/06\/SI_boda_javi_letosa.jpg","type":"image\/jpeg"}],"author":"Lumix","twitter_card":"summary_large_image","schema":{"@context":"https:\/\/schema.org","@graph":[{"@type":"Article","@id":"https:\/\/blog.panasonic.es\/lumix\/charla-como-sacar-el-maximo-partido-a-tu-lumix-con-javier-letosa\/#article","isPartOf":{"@id":"https:\/\/blog.panasonic.es\/lumix\/charla-como-sacar-el-maximo-partido-a-tu-lumix-con-javier-letosa\/"},"author":{"name":"Lumix","@id":"https:\/\/blog.panasonic.es\/lumix\/#\/schema\/person\/963a6a04c721c06e25e665ca89a43d19"},"headline":"Charla \u00abC\u00f3mo sacar el m\u00e1ximo partido a tu Lumix\u00bb con Javier Letosa","datePublished":"2025-07-01T14:26:21+00:00","dateModified":"2025-07-01T14:26:25+00:00","mainEntityOfPage":{"@id":"https:\/\/blog.panasonic.es\/lumix\/charla-como-sacar-el-maximo-partido-a-tu-lumix-con-javier-letosa\/"},"wordCount":305,"publisher":{"@id":"https:\/\/blog.panasonic.es\/lumix\/#organization"},"image":{"@id":"https:\/\/blog.panasonic.es\/lumix\/charla-como-sacar-el-maximo-partido-a-tu-lumix-con-javier-letosa\/#primaryimage"},"thumbnailUrl":"https:\/\/blog.panasonic.es\/lumix\/wp-content\/uploads\/2025\/06\/SI_boda_javi_letosa.jpg","keywords":["Fotograf\u00eda de retrato y videobooks","Fotograf\u00eda y v\u00eddeo de vacaciones y viajes"],"articleSection":["Blog"],"inLanguage":"es"},{"@type":"WebPage","@id":"https:\/\/blog.panasonic.es\/lumix\/charla-como-sacar-el-maximo-partido-a-tu-lumix-con-javier-letosa\/","url":"https:\/\/blog.panasonic.es\/lumix\/charla-como-sacar-el-maximo-partido-a-tu-lumix-con-javier-letosa\/","name":"Charla \"C\u00f3mo sacar el m\u00e1ximo partido a tu Lumix\" con Javier Letosa - Lumix","isPartOf":{"@id":"https:\/\/blog.panasonic.es\/lumix\/#website"},"primaryImageOfPage":{"@id":"https:\/\/blog.panasonic.es\/lumix\/charla-como-sacar-el-maximo-partido-a-tu-lumix-con-javier-letosa\/#primaryimage"},"image":{"@id":"https:\/\/blog.panasonic.es\/lumix\/charla-como-sacar-el-maximo-partido-a-tu-lumix-con-javier-letosa\/#primaryimage"},"thumbnailUrl":"https:\/\/blog.panasonic.es\/lumix\/wp-content\/uploads\/2025\/06\/SI_boda_javi_letosa.jpg","datePublished":"2025-07-01T14:26:21+00:00","dateModified":"2025-07-01T14:26:25+00:00","breadcrumb":{"@id":"https:\/\/blog.panasonic.es\/lumix\/charla-como-sacar-el-maximo-partido-a-tu-lumix-con-javier-letosa\/#breadcrumb"},"inLanguage":"es","potentialAction":[{"@type":"ReadAction","target":["https:\/\/blog.panasonic.es\/lumix\/charla-como-sacar-el-maximo-partido-a-tu-lumix-con-javier-letosa\/"]}]},{"@type":"ImageObject","inLanguage":"es","@id":"https:\/\/blog.panasonic.es\/lumix\/charla-como-sacar-el-maximo-partido-a-tu-lumix-con-javier-letosa\/#primaryimage","url":"https:\/\/blog.panasonic.es\/lumix\/wp-content\/uploads\/2025\/06\/SI_boda_javi_letosa.jpg","contentUrl":"https:\/\/blog.panasonic.es\/lumix\/wp-content\/uploads\/2025\/06\/SI_boda_javi_letosa.jpg","width":1200,"height":519,"caption":"Charla \"C\u00f3mo sacar el m\u00e1ximo partido a tu Lumix\" con Javier Letosa |Barcelona"},{"@type":"BreadcrumbList","@id":"https:\/\/blog.panasonic.es\/lumix\/charla-como-sacar-el-maximo-partido-a-tu-lumix-con-javier-letosa\/#breadcrumb","itemListElement":[{"@type":"ListItem","position":1,"name":"Home","item":"https:\/\/blog.panasonic.es\/lumix\/"},{"@type":"ListItem","position":2,"name":"Blog","item":"https:\/\/blog.panasonic.es\/lumix\/.\/blog\/"},{"@type":"ListItem","position":3,"name":"Charla \u00abC\u00f3mo sacar el m\u00e1ximo partido a tu Lumix\u00bb con Javier Letosa"}]},{"@type":"WebSite","@id":"https:\/\/blog.panasonic.es\/lumix\/#website","url":"https:\/\/blog.panasonic.es\/lumix\/","name":"Lumix","description":"LUMIX, Motion. Picture. Perfect","publisher":{"@id":"https:\/\/blog.panasonic.es\/lumix\/#organization"},"potentialAction":[{"@type":"SearchAction","target":{"@type":"EntryPoint","urlTemplate":"https:\/\/blog.panasonic.es\/lumix\/?s={search_term_string}"},"query-input":{"@type":"PropertyValueSpecification","valueRequired":true,"valueName":"search_term_string"}}],"inLanguage":"es"},{"@type":"Organization","@id":"https:\/\/blog.panasonic.es\/lumix\/#organization","name":"Lumix","url":"https:\/\/blog.panasonic.es\/lumix\/","logo":{"@type":"ImageObject","inLanguage":"es","@id":"https:\/\/blog.panasonic.es\/lumix\/#\/schema\/logo\/image\/","url":"https:\/\/blog.panasonic.es\/lumix\/wp-content\/uploads\/2021\/09\/logo-blanco.svg","contentUrl":"https:\/\/blog.panasonic.es\/lumix\/wp-content\/uploads\/2021\/09\/logo-blanco.svg","width":309,"height":38,"caption":"Lumix"},"image":{"@id":"https:\/\/blog.panasonic.es\/lumix\/#\/schema\/logo\/image\/"}},{"@type":"Person","@id":"https:\/\/blog.panasonic.es\/lumix\/#\/schema\/person\/963a6a04c721c06e25e665ca89a43d19","name":"Lumix","description":"LUMIX. Motion. Picture. Perfect. Apoyando estrechamente a los creadores, quienes lideran la cultura de la imagen, LUMIX proporciona una experiencia que les permite ser creativos como ellos desean, independientemente de si realizan im\u00e1genes fotograf\u00edas o v\u00eddeos. Queremos convertirnos en una marca que est\u00e9 con ellos, transmitiendo nuevas emociones juntos, sobrepasando los l\u00edmites de la creaci\u00f3n audiovisual. Esta es la idea y el significado de nuestro eslogan Motion. Picture. Perfect.","sameAs":["https:\/\/www.panasonic.com\/es\/","anne.cohen"],"url":"https:\/\/blog.panasonic.es\/lumix\/embajador\/panasonic\/"}]}},"_links":{"self":[{"href":"https:\/\/blog.panasonic.es\/lumix\/wp-json\/wp\/v2\/posts\/34841","targetHints":{"allow":["GET"]}}],"collection":[{"href":"https:\/\/blog.panasonic.es\/lumix\/wp-json\/wp\/v2\/posts"}],"about":[{"href":"https:\/\/blog.panasonic.es\/lumix\/wp-json\/wp\/v2\/types\/post"}],"author":[{"embeddable":true,"href":"https:\/\/blog.panasonic.es\/lumix\/wp-json\/wp\/v2\/users\/3"}],"replies":[{"embeddable":true,"href":"https:\/\/blog.panasonic.es\/lumix\/wp-json\/wp\/v2\/comments?post=34841"}],"version-history":[{"count":8,"href":"https:\/\/blog.panasonic.es\/lumix\/wp-json\/wp\/v2\/posts\/34841\/revisions"}],"predecessor-version":[{"id":34850,"href":"https:\/\/blog.panasonic.es\/lumix\/wp-json\/wp\/v2\/posts\/34841\/revisions\/34850"}],"wp:featuredmedia":[{"embeddable":true,"href":"https:\/\/blog.panasonic.es\/lumix\/wp-json\/wp\/v2\/media\/34842"}],"wp:attachment":[{"href":"https:\/\/blog.panasonic.es\/lumix\/wp-json\/wp\/v2\/media?parent=34841"}],"wp:term":[{"taxonomy":"category","embeddable":true,"href":"https:\/\/blog.panasonic.es\/lumix\/wp-json\/wp\/v2\/categories?post=34841"},{"taxonomy":"post_tag","embeddable":true,"href":"https:\/\/blog.panasonic.es\/lumix\/wp-json\/wp\/v2\/tags?post=34841"}],"curies":[{"name":"wp","href":"https:\/\/api.w.org\/{rel}","templated":true}]}}