{"id":6917,"date":"2013-07-11T11:12:08","date_gmt":"2013-07-11T09:12:08","guid":{"rendered":"http:\/\/blog.panasonic.es\/?p=6917"},"modified":"2013-07-11T11:12:08","modified_gmt":"2013-07-11T09:12:08","slug":"una-camara-para-cada-tipo-de-viajero","status":"publish","type":"post","link":"https:\/\/blog.panasonic.es\/lumix\/una-camara-para-cada-tipo-de-viajero\/","title":{"rendered":"Una c\u00e1mara para cada tipo de viajero"},"content":{"rendered":"<p>Llega el mejor momento del a\u00f1o, las vacaciones. Un periodo ideal de descanso para unos, de compartir momentos en la playa e incluso de viajar al otro lado del mundo para otros. Todos ellos, sin excepci\u00f3n, son momentos que queremos inmortalizar para el recuerdo.<\/p>\n<p>Pues bien, en estos momentos en los que cada uno de nosotros ya est\u00e1 terminando de concretar sus planes para este verano, no puede faltar la c\u00e1mara de fotos que nos acompa\u00f1e. Y precisamente nuestras Lumix compactas pueden ser ideales para ello.<\/p>\n<h3>C\u00e1maras de zoom viajero<\/h3>\n[box]La <strong><a title=\"Lumix DMC-TZ40\" href=\"http:\/\/www.panasonic.es\/html\/es_ES\/11066248\/index.html\" target=\"_blank\" rel=\"noopener\">Lumix TZ40<\/a><\/strong> es la c\u00e1mara ideal para tus viajes. Con un zoom \u00f3ptico Leica DC 20x, un sensor MOS de alta sensibilidad y 18.1 megap\u00edxeles, esta c\u00e1mara ofrece excelentes resultados en condiciones de baja luminosidad. Cuenta adem\u00e1s con Direct Wi-Fi y NFC, para conectar la c\u00e1mara al dispositivo m\u00f3vil con un solo toque. Si lo tuyo es el v\u00eddeo, la TZ40 cuenta adem\u00e1s con grabaci\u00f3n de v\u00eddeo Full HD, adem\u00e1s de un pr\u00e1ctico sistema GPS y el Modo Panorama Creativo. Una grand\u00edsima elecci\u00f3n.[\/box]\n<p><iframe src=\"\/\/www.youtube.com\/embed\/QItYSRHa-RQ?list=UUxGgaTr5g-h8bgnslVab2GQ\" height=\"395\" width=\"701\" allowfullscreen=\"\" frameborder=\"0\"><\/iframe><\/p>\n[box]Otra buena candidata en esta categor\u00eda es la <strong><a title=\"Lumix DMC-TZ35\" href=\"http:\/\/www.panasonic.es\/html\/es_ES\/11066275\/index.html\" target=\"_blank\" rel=\"noopener\">Lumix TZ35<\/a><\/strong>. Con un look muy similar al de su hermana mayor, la TZ40, este modelo incorpora tambi\u00e9n un sensor MOS de alta sensibilidad de 16.1 megap\u00edxeles y una capacidad de grabaci\u00f3n de v\u00eddeo Full HD, que asegura un \u00f3ptimo rendimiento. El Modo Panorama Creativo permite hacer fotos panor\u00e1micas de tus vacaciones.[\/box]\n<h3><img fetchpriority=\"high\" decoding=\"async\" class=\"aligncenter size-large wp-image-6926\" alt=\"Lumix TZ25\" src=\"https:\/\/blog.panasonic.es\/wp-content\/uploads\/2013\/07\/TZ35k_slant-1024x447.jpg\" width=\"713\" height=\"311\" srcset=\"https:\/\/blog.panasonic.es\/lumix\/wp-content\/uploads\/2013\/07\/TZ35k_slant-1024x447.jpg 1024w, https:\/\/blog.panasonic.es\/lumix\/wp-content\/uploads\/2013\/07\/TZ35k_slant-1920x839.jpg 1920w, https:\/\/blog.panasonic.es\/lumix\/wp-content\/uploads\/2013\/07\/TZ35k_slant-768x336.jpg 768w, https:\/\/blog.panasonic.es\/lumix\/wp-content\/uploads\/2013\/07\/TZ35k_slant-1536x671.jpg 1536w, https:\/\/blog.panasonic.es\/lumix\/wp-content\/uploads\/2013\/07\/TZ35k_slant-2048x895.jpg 2048w, https:\/\/blog.panasonic.es\/lumix\/wp-content\/uploads\/2013\/07\/TZ35k_slant-600x262.jpg 600w\" sizes=\"(max-width: 713px) 100vw, 713px\" \/><\/h3>\n<h3>C\u00e1maras S\u00faper Zoom<\/h3>\n[box]Las c\u00e1maras S\u00faper Zoom, tambi\u00e9n conocidas como bridge, ofrecen una excelente opci\u00f3n para los viajeros, al aunar en un cuerpo compacto la m\u00e1s alta calidad de imagen. Es el caso de la <strong><a title=\"Lumix DMC-FZ200\" href=\"http:\/\/www.panasonic.es\/html\/es_ES\/10150855\/index.html\" target=\"_blank\" rel=\"noopener\">Lumix FZ200<\/a><\/strong>, capaz de captar la m\u00e1s alta calidad de imagen gracias a un potente zoom \u00f3ptico 24x y a su 25-600mm. Esta c\u00e1mara posee adem\u00e1s grabaci\u00f3n de v\u00eddeo Full HD 1080 progresivo, Power OIS con modo activo, pr\u00e1cticos filtros creativos para v\u00eddeo y foto y Modo Foto 3D.[\/box]\n<p><img decoding=\"async\" class=\"aligncenter size-large wp-image-6928\" alt=\"Lumix FZ200\" src=\"https:\/\/blog.panasonic.es\/wp-content\/uploads\/2013\/07\/FZ200_slant-1024x435.jpg\" width=\"713\" height=\"302\" \/><\/p>\n[box]Su hermana menor, la <strong><a title=\"Lumix DMC-FZ62\" href=\"http:\/\/www.panasonic.es\/html\/es_ES\/10150984\/index.html\" target=\"_blank\" rel=\"noopener\">Lumix FZ62<\/a><\/strong>, ofrece caracter\u00edsticas muy similares en un nuevo sensor MOS de alta sensibilidad de 16 megap\u00edxeles. Grabaci\u00f3n de v\u00eddeo Full HD 1080, Power OIS en modo activo y filtros creativos en v\u00eddeo y foto son algunas de sus caracter\u00edsticas principales.[\/box]\n<p><img decoding=\"async\" class=\"aligncenter size-large wp-image-6929\" alt=\"Lumix FZ62\" src=\"https:\/\/blog.panasonic.es\/wp-content\/uploads\/2013\/07\/DMC-FZ62_slant-1024x426.jpg\" width=\"713\" height=\"296\" srcset=\"https:\/\/blog.panasonic.es\/lumix\/wp-content\/uploads\/2013\/07\/DMC-FZ62_slant-1024x426.jpg 1024w, https:\/\/blog.panasonic.es\/lumix\/wp-content\/uploads\/2013\/07\/DMC-FZ62_slant-1920x799.jpg 1920w, https:\/\/blog.panasonic.es\/lumix\/wp-content\/uploads\/2013\/07\/DMC-FZ62_slant-768x320.jpg 768w, https:\/\/blog.panasonic.es\/lumix\/wp-content\/uploads\/2013\/07\/DMC-FZ62_slant-1536x639.jpg 1536w, https:\/\/blog.panasonic.es\/lumix\/wp-content\/uploads\/2013\/07\/DMC-FZ62_slant-2048x852.jpg 2048w, https:\/\/blog.panasonic.es\/lumix\/wp-content\/uploads\/2013\/07\/DMC-FZ62_slant-600x250.jpg 600w\" sizes=\"(max-width: 713px) 100vw, 713px\" \/><\/p>\n<h3>C\u00e1maras resistentes todoterreno<\/h3>\n[box]Si lo que buscas es una c\u00e1mara de fotos compacta y resistente para disfrutar en exteriores de toda la acci\u00f3n, la <strong><a title=\"Lumix DMC-FT5\" href=\"http:\/\/www.panasonic.es\/html\/es_ES\/11066104\/index.html\" target=\"_blank\" rel=\"noopener\">Lumix FT5<\/a><\/strong> es la mejor opci\u00f3n. Con un dise\u00f1o avanzado, esta c\u00e1mara es sumergible hasta 13metros, resistente a los impactos desde 2 metros y a temperaturas de hasta -10\u00baC, adem\u00e1s de al polvo. Y todo ello sin olvidar las caracter\u00edsticas m\u00e1s avanzadas de nuestras compactas: grabaci\u00f3n de v\u00eddeo Full HD, Direct Wi-Fi con NFC y sistema GPS.[\/box]\n<p><img loading=\"lazy\" decoding=\"async\" class=\"aligncenter size-large wp-image-6938\" alt=\"Lumix FT5\" src=\"https:\/\/blog.panasonic.es\/wp-content\/uploads\/2013\/07\/FT5_new-1024x682.jpg\" width=\"700\" height=\"466\" \/><\/p>\n[box]Con un mismo estilo de c\u00e1maras todoterreno, la <strong><a title=\"Lumix DMC-FT25\" href=\"http:\/\/www.panasonic.es\/html\/es_ES\/11065109\/index.html\" target=\"_blank\" rel=\"noopener\">Lumix FT25<\/a><\/strong> es sumergible hasta 7 metros, resistente a impactos de hasta 1,5 metros y a tempertauras de hasta -10\u00baC. Con un objetivo Gran Angular de 25mm con zoom \u00f3ptico 20x, incorpora grabaci\u00f3n de v\u00eddeo HD y el Modo Panorama Creativo.[\/box]\n<p><img loading=\"lazy\" decoding=\"async\" class=\"aligncenter size-large wp-image-6939\" alt=\"Lumix FT25\" src=\"https:\/\/blog.panasonic.es\/wp-content\/uploads\/2013\/07\/FT25_new-1024x682.jpg\" width=\"700\" height=\"469\" \/><br \/>Hayas elegido mar o monta\u00f1a, selva o ciudad, ya conoces la gran variedad de c\u00e1maras Lumix que pueden acompa\u00f1arte en tu destino. \u00bfCu\u00e1l es la tuya?<\/p>\n","protected":false},"excerpt":{"rendered":"<p>Llega el mejor momento del a\u00f1o, las vacaciones. Un periodo ideal de descanso para unos, de compartir momentos en la playa e incluso de viajar al otro lado del mundo para otros. Todos ellos, sin excepci\u00f3n, son momentos que queremos inmortalizar para el recuerdo. Pues bien, en estos momentos en los que cada uno de &#8230; <a title=\"Una c\u00e1mara para cada tipo de viajero\" class=\"read-more\" href=\"https:\/\/blog.panasonic.es\/lumix\/una-camara-para-cada-tipo-de-viajero\/\" aria-label=\"Leer m\u00e1s sobre Una c\u00e1mara para cada tipo de viajero\">Leer m\u00e1s<\/a><\/p>\n","protected":false},"author":3,"featured_media":6944,"comment_status":"open","ping_status":"open","sticky":false,"template":"","format":"standard","meta":{"_acf_changed":false,"footnotes":""},"categories":[26],"tags":[],"class_list":["post-6917","post","type-post","status-publish","format-standard","has-post-thumbnail","hentry","category-blog"],"acf":[],"yoast_head":"<!-- This site is optimized with the Yoast SEO plugin v27.4 - https:\/\/yoast.com\/product\/yoast-seo-wordpress\/ -->\n<title>Una c\u00e1mara para cada tipo de viajero - Lumix<\/title>\n<meta name=\"robots\" content=\"index, follow, max-snippet:-1, max-image-preview:large, max-video-preview:-1\" \/>\n<link rel=\"canonical\" href=\"https:\/\/blog.panasonic.es\/lumix\/una-camara-para-cada-tipo-de-viajero\/\" \/>\n<meta property=\"og:locale\" content=\"es_ES\" \/>\n<meta property=\"og:type\" content=\"article\" \/>\n<meta property=\"og:title\" content=\"Una c\u00e1mara para cada tipo de viajero - Lumix\" \/>\n<meta property=\"og:description\" content=\"Llega el mejor momento del a\u00f1o, las vacaciones. Un periodo ideal de descanso para unos, de compartir momentos en la playa e incluso de viajar al otro lado del mundo para otros. Todos ellos, sin excepci\u00f3n, son momentos que queremos inmortalizar para el recuerdo. Pues bien, en estos momentos en los que cada uno de ... Leer m\u00e1s\" \/>\n<meta property=\"og:url\" content=\"https:\/\/blog.panasonic.es\/lumix\/una-camara-para-cada-tipo-de-viajero\/\" \/>\n<meta property=\"og:site_name\" content=\"Lumix\" \/>\n<meta property=\"article:published_time\" content=\"2013-07-11T09:12:08+00:00\" \/>\n<meta property=\"og:image\" content=\"https:\/\/blog.panasonic.es\/lumix\/wp-content\/uploads\/2013\/07\/FT5_Destacada.jpg\" \/>\n\t<meta property=\"og:image:width\" content=\"218\" \/>\n\t<meta property=\"og:image:height\" content=\"130\" \/>\n\t<meta property=\"og:image:type\" content=\"image\/jpeg\" \/>\n<meta name=\"author\" content=\"Lumix\" \/>\n<meta name=\"twitter:card\" content=\"summary_large_image\" \/>\n<script type=\"application\/ld+json\" class=\"yoast-schema-graph\">{\"@context\":\"https:\\\/\\\/schema.org\",\"@graph\":[{\"@type\":\"Article\",\"@id\":\"https:\\\/\\\/blog.panasonic.es\\\/lumix\\\/una-camara-para-cada-tipo-de-viajero\\\/#article\",\"isPartOf\":{\"@id\":\"https:\\\/\\\/blog.panasonic.es\\\/lumix\\\/una-camara-para-cada-tipo-de-viajero\\\/\"},\"author\":{\"name\":\"Lumix\",\"@id\":\"https:\\\/\\\/blog.panasonic.es\\\/lumix\\\/#\\\/schema\\\/person\\\/963a6a04c721c06e25e665ca89a43d19\"},\"headline\":\"Una c\u00e1mara para cada tipo de viajero\",\"datePublished\":\"2013-07-11T09:12:08+00:00\",\"mainEntityOfPage\":{\"@id\":\"https:\\\/\\\/blog.panasonic.es\\\/lumix\\\/una-camara-para-cada-tipo-de-viajero\\\/\"},\"wordCount\":597,\"commentCount\":0,\"publisher\":{\"@id\":\"https:\\\/\\\/blog.panasonic.es\\\/lumix\\\/#organization\"},\"image\":{\"@id\":\"https:\\\/\\\/blog.panasonic.es\\\/lumix\\\/una-camara-para-cada-tipo-de-viajero\\\/#primaryimage\"},\"thumbnailUrl\":\"https:\\\/\\\/blog.panasonic.es\\\/lumix\\\/wp-content\\\/uploads\\\/2013\\\/07\\\/FT5_Destacada.jpg\",\"articleSection\":[\"Blog\"],\"inLanguage\":\"es\"},{\"@type\":\"WebPage\",\"@id\":\"https:\\\/\\\/blog.panasonic.es\\\/lumix\\\/una-camara-para-cada-tipo-de-viajero\\\/\",\"url\":\"https:\\\/\\\/blog.panasonic.es\\\/lumix\\\/una-camara-para-cada-tipo-de-viajero\\\/\",\"name\":\"Una c\u00e1mara para cada tipo de viajero - Lumix\",\"isPartOf\":{\"@id\":\"https:\\\/\\\/blog.panasonic.es\\\/lumix\\\/#website\"},\"primaryImageOfPage\":{\"@id\":\"https:\\\/\\\/blog.panasonic.es\\\/lumix\\\/una-camara-para-cada-tipo-de-viajero\\\/#primaryimage\"},\"image\":{\"@id\":\"https:\\\/\\\/blog.panasonic.es\\\/lumix\\\/una-camara-para-cada-tipo-de-viajero\\\/#primaryimage\"},\"thumbnailUrl\":\"https:\\\/\\\/blog.panasonic.es\\\/lumix\\\/wp-content\\\/uploads\\\/2013\\\/07\\\/FT5_Destacada.jpg\",\"datePublished\":\"2013-07-11T09:12:08+00:00\",\"breadcrumb\":{\"@id\":\"https:\\\/\\\/blog.panasonic.es\\\/lumix\\\/una-camara-para-cada-tipo-de-viajero\\\/#breadcrumb\"},\"inLanguage\":\"es\",\"potentialAction\":[{\"@type\":\"ReadAction\",\"target\":[\"https:\\\/\\\/blog.panasonic.es\\\/lumix\\\/una-camara-para-cada-tipo-de-viajero\\\/\"]}]},{\"@type\":\"ImageObject\",\"inLanguage\":\"es\",\"@id\":\"https:\\\/\\\/blog.panasonic.es\\\/lumix\\\/una-camara-para-cada-tipo-de-viajero\\\/#primaryimage\",\"url\":\"https:\\\/\\\/blog.panasonic.es\\\/lumix\\\/wp-content\\\/uploads\\\/2013\\\/07\\\/FT5_Destacada.jpg\",\"contentUrl\":\"https:\\\/\\\/blog.panasonic.es\\\/lumix\\\/wp-content\\\/uploads\\\/2013\\\/07\\\/FT5_Destacada.jpg\",\"width\":218,\"height\":130},{\"@type\":\"BreadcrumbList\",\"@id\":\"https:\\\/\\\/blog.panasonic.es\\\/lumix\\\/una-camara-para-cada-tipo-de-viajero\\\/#breadcrumb\",\"itemListElement\":[{\"@type\":\"ListItem\",\"position\":1,\"name\":\"Home\",\"item\":\"https:\\\/\\\/blog.panasonic.es\\\/lumix\\\/\"},{\"@type\":\"ListItem\",\"position\":2,\"name\":\"Blog\",\"item\":\"https:\\\/\\\/blog.panasonic.es\\\/lumix\\\/.\\\/blog\\\/\"},{\"@type\":\"ListItem\",\"position\":3,\"name\":\"Una c\u00e1mara para cada tipo de viajero\"}]},{\"@type\":\"WebSite\",\"@id\":\"https:\\\/\\\/blog.panasonic.es\\\/lumix\\\/#website\",\"url\":\"https:\\\/\\\/blog.panasonic.es\\\/lumix\\\/\",\"name\":\"Lumix\",\"description\":\"LUMIX, Motion. Picture. Perfect\",\"publisher\":{\"@id\":\"https:\\\/\\\/blog.panasonic.es\\\/lumix\\\/#organization\"},\"potentialAction\":[{\"@type\":\"SearchAction\",\"target\":{\"@type\":\"EntryPoint\",\"urlTemplate\":\"https:\\\/\\\/blog.panasonic.es\\\/lumix\\\/?s={search_term_string}\"},\"query-input\":{\"@type\":\"PropertyValueSpecification\",\"valueRequired\":true,\"valueName\":\"search_term_string\"}}],\"inLanguage\":\"es\"},{\"@type\":\"Organization\",\"@id\":\"https:\\\/\\\/blog.panasonic.es\\\/lumix\\\/#organization\",\"name\":\"Lumix\",\"url\":\"https:\\\/\\\/blog.panasonic.es\\\/lumix\\\/\",\"logo\":{\"@type\":\"ImageObject\",\"inLanguage\":\"es\",\"@id\":\"https:\\\/\\\/blog.panasonic.es\\\/lumix\\\/#\\\/schema\\\/logo\\\/image\\\/\",\"url\":\"https:\\\/\\\/blog.panasonic.es\\\/lumix\\\/wp-content\\\/uploads\\\/2021\\\/09\\\/logo-blanco.svg\",\"contentUrl\":\"https:\\\/\\\/blog.panasonic.es\\\/lumix\\\/wp-content\\\/uploads\\\/2021\\\/09\\\/logo-blanco.svg\",\"width\":309,\"height\":38,\"caption\":\"Lumix\"},\"image\":{\"@id\":\"https:\\\/\\\/blog.panasonic.es\\\/lumix\\\/#\\\/schema\\\/logo\\\/image\\\/\"}},{\"@type\":\"Person\",\"@id\":\"https:\\\/\\\/blog.panasonic.es\\\/lumix\\\/#\\\/schema\\\/person\\\/963a6a04c721c06e25e665ca89a43d19\",\"name\":\"Lumix\",\"description\":\"LUMIX. Motion. Picture. Perfect. Apoyando estrechamente a los creadores, quienes lideran la cultura de la imagen, LUMIX proporciona una experiencia que les permite ser creativos como ellos desean, independientemente de si realizan im\u00e1genes fotograf\u00edas o v\u00eddeos. Queremos convertirnos en una marca que est\u00e9 con ellos, transmitiendo nuevas emociones juntos, sobrepasando los l\u00edmites de la creaci\u00f3n audiovisual. Esta es la idea y el significado de nuestro eslogan Motion. Picture. Perfect.\",\"sameAs\":[\"https:\\\/\\\/www.panasonic.com\\\/es\\\/\",\"anne.cohen\"],\"url\":\"https:\\\/\\\/blog.panasonic.es\\\/lumix\\\/embajador\\\/panasonic\\\/\"}]}<\/script>\n<!-- \/ Yoast SEO plugin. -->","yoast_head_json":{"title":"Una c\u00e1mara para cada tipo de viajero - Lumix","robots":{"index":"index","follow":"follow","max-snippet":"max-snippet:-1","max-image-preview":"max-image-preview:large","max-video-preview":"max-video-preview:-1"},"canonical":"https:\/\/blog.panasonic.es\/lumix\/una-camara-para-cada-tipo-de-viajero\/","og_locale":"es_ES","og_type":"article","og_title":"Una c\u00e1mara para cada tipo de viajero - Lumix","og_description":"Llega el mejor momento del a\u00f1o, las vacaciones. Un periodo ideal de descanso para unos, de compartir momentos en la playa e incluso de viajar al otro lado del mundo para otros. Todos ellos, sin excepci\u00f3n, son momentos que queremos inmortalizar para el recuerdo. Pues bien, en estos momentos en los que cada uno de ... Leer m\u00e1s","og_url":"https:\/\/blog.panasonic.es\/lumix\/una-camara-para-cada-tipo-de-viajero\/","og_site_name":"Lumix","article_published_time":"2013-07-11T09:12:08+00:00","og_image":[{"width":218,"height":130,"url":"https:\/\/blog.panasonic.es\/lumix\/wp-content\/uploads\/2013\/07\/FT5_Destacada.jpg","type":"image\/jpeg"}],"author":"Lumix","twitter_card":"summary_large_image","schema":{"@context":"https:\/\/schema.org","@graph":[{"@type":"Article","@id":"https:\/\/blog.panasonic.es\/lumix\/una-camara-para-cada-tipo-de-viajero\/#article","isPartOf":{"@id":"https:\/\/blog.panasonic.es\/lumix\/una-camara-para-cada-tipo-de-viajero\/"},"author":{"name":"Lumix","@id":"https:\/\/blog.panasonic.es\/lumix\/#\/schema\/person\/963a6a04c721c06e25e665ca89a43d19"},"headline":"Una c\u00e1mara para cada tipo de viajero","datePublished":"2013-07-11T09:12:08+00:00","mainEntityOfPage":{"@id":"https:\/\/blog.panasonic.es\/lumix\/una-camara-para-cada-tipo-de-viajero\/"},"wordCount":597,"commentCount":0,"publisher":{"@id":"https:\/\/blog.panasonic.es\/lumix\/#organization"},"image":{"@id":"https:\/\/blog.panasonic.es\/lumix\/una-camara-para-cada-tipo-de-viajero\/#primaryimage"},"thumbnailUrl":"https:\/\/blog.panasonic.es\/lumix\/wp-content\/uploads\/2013\/07\/FT5_Destacada.jpg","articleSection":["Blog"],"inLanguage":"es"},{"@type":"WebPage","@id":"https:\/\/blog.panasonic.es\/lumix\/una-camara-para-cada-tipo-de-viajero\/","url":"https:\/\/blog.panasonic.es\/lumix\/una-camara-para-cada-tipo-de-viajero\/","name":"Una c\u00e1mara para cada tipo de viajero - Lumix","isPartOf":{"@id":"https:\/\/blog.panasonic.es\/lumix\/#website"},"primaryImageOfPage":{"@id":"https:\/\/blog.panasonic.es\/lumix\/una-camara-para-cada-tipo-de-viajero\/#primaryimage"},"image":{"@id":"https:\/\/blog.panasonic.es\/lumix\/una-camara-para-cada-tipo-de-viajero\/#primaryimage"},"thumbnailUrl":"https:\/\/blog.panasonic.es\/lumix\/wp-content\/uploads\/2013\/07\/FT5_Destacada.jpg","datePublished":"2013-07-11T09:12:08+00:00","breadcrumb":{"@id":"https:\/\/blog.panasonic.es\/lumix\/una-camara-para-cada-tipo-de-viajero\/#breadcrumb"},"inLanguage":"es","potentialAction":[{"@type":"ReadAction","target":["https:\/\/blog.panasonic.es\/lumix\/una-camara-para-cada-tipo-de-viajero\/"]}]},{"@type":"ImageObject","inLanguage":"es","@id":"https:\/\/blog.panasonic.es\/lumix\/una-camara-para-cada-tipo-de-viajero\/#primaryimage","url":"https:\/\/blog.panasonic.es\/lumix\/wp-content\/uploads\/2013\/07\/FT5_Destacada.jpg","contentUrl":"https:\/\/blog.panasonic.es\/lumix\/wp-content\/uploads\/2013\/07\/FT5_Destacada.jpg","width":218,"height":130},{"@type":"BreadcrumbList","@id":"https:\/\/blog.panasonic.es\/lumix\/una-camara-para-cada-tipo-de-viajero\/#breadcrumb","itemListElement":[{"@type":"ListItem","position":1,"name":"Home","item":"https:\/\/blog.panasonic.es\/lumix\/"},{"@type":"ListItem","position":2,"name":"Blog","item":"https:\/\/blog.panasonic.es\/lumix\/.\/blog\/"},{"@type":"ListItem","position":3,"name":"Una c\u00e1mara para cada tipo de viajero"}]},{"@type":"WebSite","@id":"https:\/\/blog.panasonic.es\/lumix\/#website","url":"https:\/\/blog.panasonic.es\/lumix\/","name":"Lumix","description":"LUMIX, Motion. Picture. Perfect","publisher":{"@id":"https:\/\/blog.panasonic.es\/lumix\/#organization"},"potentialAction":[{"@type":"SearchAction","target":{"@type":"EntryPoint","urlTemplate":"https:\/\/blog.panasonic.es\/lumix\/?s={search_term_string}"},"query-input":{"@type":"PropertyValueSpecification","valueRequired":true,"valueName":"search_term_string"}}],"inLanguage":"es"},{"@type":"Organization","@id":"https:\/\/blog.panasonic.es\/lumix\/#organization","name":"Lumix","url":"https:\/\/blog.panasonic.es\/lumix\/","logo":{"@type":"ImageObject","inLanguage":"es","@id":"https:\/\/blog.panasonic.es\/lumix\/#\/schema\/logo\/image\/","url":"https:\/\/blog.panasonic.es\/lumix\/wp-content\/uploads\/2021\/09\/logo-blanco.svg","contentUrl":"https:\/\/blog.panasonic.es\/lumix\/wp-content\/uploads\/2021\/09\/logo-blanco.svg","width":309,"height":38,"caption":"Lumix"},"image":{"@id":"https:\/\/blog.panasonic.es\/lumix\/#\/schema\/logo\/image\/"}},{"@type":"Person","@id":"https:\/\/blog.panasonic.es\/lumix\/#\/schema\/person\/963a6a04c721c06e25e665ca89a43d19","name":"Lumix","description":"LUMIX. Motion. Picture. Perfect. Apoyando estrechamente a los creadores, quienes lideran la cultura de la imagen, LUMIX proporciona una experiencia que les permite ser creativos como ellos desean, independientemente de si realizan im\u00e1genes fotograf\u00edas o v\u00eddeos. Queremos convertirnos en una marca que est\u00e9 con ellos, transmitiendo nuevas emociones juntos, sobrepasando los l\u00edmites de la creaci\u00f3n audiovisual. Esta es la idea y el significado de nuestro eslogan Motion. Picture. Perfect.","sameAs":["https:\/\/www.panasonic.com\/es\/","anne.cohen"],"url":"https:\/\/blog.panasonic.es\/lumix\/embajador\/panasonic\/"}]}},"_links":{"self":[{"href":"https:\/\/blog.panasonic.es\/lumix\/wp-json\/wp\/v2\/posts\/6917","targetHints":{"allow":["GET"]}}],"collection":[{"href":"https:\/\/blog.panasonic.es\/lumix\/wp-json\/wp\/v2\/posts"}],"about":[{"href":"https:\/\/blog.panasonic.es\/lumix\/wp-json\/wp\/v2\/types\/post"}],"author":[{"embeddable":true,"href":"https:\/\/blog.panasonic.es\/lumix\/wp-json\/wp\/v2\/users\/3"}],"replies":[{"embeddable":true,"href":"https:\/\/blog.panasonic.es\/lumix\/wp-json\/wp\/v2\/comments?post=6917"}],"version-history":[{"count":0,"href":"https:\/\/blog.panasonic.es\/lumix\/wp-json\/wp\/v2\/posts\/6917\/revisions"}],"wp:featuredmedia":[{"embeddable":true,"href":"https:\/\/blog.panasonic.es\/lumix\/wp-json\/wp\/v2\/media\/6944"}],"wp:attachment":[{"href":"https:\/\/blog.panasonic.es\/lumix\/wp-json\/wp\/v2\/media?parent=6917"}],"wp:term":[{"taxonomy":"category","embeddable":true,"href":"https:\/\/blog.panasonic.es\/lumix\/wp-json\/wp\/v2\/categories?post=6917"},{"taxonomy":"post_tag","embeddable":true,"href":"https:\/\/blog.panasonic.es\/lumix\/wp-json\/wp\/v2\/tags?post=6917"}],"curies":[{"name":"wp","href":"https:\/\/api.w.org\/{rel}","templated":true}]}}